{"id":195468,"date":"2024-10-26T14:27:23","date_gmt":"2024-10-26T19:27:23","guid":{"rendered":"https:\/\/visionpeninsular.com\/mid\/?p=195468"},"modified":"2024-10-26T14:27:25","modified_gmt":"2024-10-26T19:27:25","slug":"la-paleta-abstracta-de-alberto-urzaiz-llega-al-olimpo","status":"publish","type":"post","link":"https:\/\/visionpeninsular.com\/mid\/la-paleta-abstracta-de-alberto-urzaiz-llega-al-olimpo\/","title":{"rendered":"La paleta abstracta de Alberto Urzaiz llega al Olimpo"},"content":{"rendered":"\n<p>Con una trayectoria de m\u00e1s de cinco d\u00e9cadas, el artista yucateco Alberto Urzaiz ha transitado por diversas realizaciones de la abstracci\u00f3n, consolidando su trabajo que a partir de hoy comparte en el Centro Cultural de M\u00e9rida Olimpo.<\/p>\n\n\n\n<p>Se trata de la exposici\u00f3n \u201cAlberto Urzaiz. Pinturas 2022-2024\u201d que ocupar\u00e1 la Sala 3 del Olimpo por los pr\u00f3ximos dos meses. De esta manera el Ayuntamiento de M\u00e9rida que encabeza Cecilia Patr\u00f3n Laviada sigue impulsando la creaci\u00f3n art\u00edstica y acercando el arte a todas y todos en la ciudad.<\/p>\n\n\n\n<p>A trav\u00e9s de 22 acr\u00edlicos y fiel a su abstracci\u00f3n, el discurso pict\u00f3rico del artista sorprende por los trazos y la composici\u00f3n de cada obra en la que se observan vol\u00famenes abstractos definidos que contrastan con el fondo liso y neutro que los enmarca.<\/p>\n\n\n\n<p>En sus primeras obras Alberto Urzaiz usaba colores m\u00e1s vivos mientras que en esta ocasi\u00f3n reflejan una consolidaci\u00f3n de su trabajo creativo en el que hoy plasma por el simple gusto de crear, con una mirada m\u00e1s selectiva en la forma y el color de cada pieza.<\/p>\n\n\n\n<p>En el texto de sala que acompa\u00f1a la colecci\u00f3n, Mar\u00eda Teresa M\u00e9zquita M\u00e9ndez expresa: \u201cPara el maestro yucateco, un discurso en las artes visuales debe bastarse a s\u00ed mismo al ser mirado, de la misma forma que una pieza musical se disfruta -o no- al ser ejecutada, sin explicaciones de por medio\u201d.<\/p>\n\n\n\n<p>Por ello, al visitar la colecci\u00f3n el espectador se topar\u00e1 con obras que no llevan t\u00edtulos, mensajes o historias que contar, lo que permitir\u00e1 que cada quien disfrute, analice, reflexione y cree su propia interpretaci\u00f3n.<\/p>\n\n\n\n<p>La paleta sobre cada lienzo es diferente, revela una diversidad de manifestaciones art\u00edsticas a trav\u00e9s de l\u00edneas, formas y un lenguaje monocrom\u00e1tico, algunas veces en sepias, otras, en tonos grises o azules.<\/p>\n\n\n\n<p>La historia de Alberto Urzaiz<\/p>\n\n\n\n<p>El gusto por la pintura se manifest\u00f3 en Alberto Urzaiz desde la infancia, y su inter\u00e9s por las artes pareciera ser herencia de su abuelo paterno, el Dr. Eduardo Urzaiz Rodr\u00edguez, destacado rector y catedr\u00e1tico de la Universidad de Yucat\u00e1n, quien tambi\u00e9n pintaba.<\/p>\n\n\n\n<p>Con los a\u00f1os, Alberto se desarroll\u00f3 como arquitecto y pintor de manera paralela; ha participado en distintos proyectos de exposiciones, seleccionado en varias Bienales en la entidad y expuesto en los principales espacios culturales y galer\u00edas de Yucat\u00e1n.<\/p>\n\n\n\n<p>Su obra se public\u00f3 en la colecci\u00f3n Arte Contempor\u00e1neo de Yucat\u00e1n \u201cAlberto Urzaiz. Las Formas del Tiempo\u201d.<\/p>\n\n\n\n<figure class=\"wp-block-image size-full\"><img loading=\"lazy\" width=\"768\" height=\"608\" src=\"https:\/\/visionpeninsular.com\/mid\/wp-content\/uploads\/2024\/10\/Alberto-Urzaiz-2-scaled-1.jpg\" alt=\"\" class=\"wp-image-195471\" srcset=\"https:\/\/visionpeninsular.com\/mid\/wp-content\/uploads\/2024\/10\/Alberto-Urzaiz-2-scaled-1.jpg 768w, https:\/\/visionpeninsular.com\/mid\/wp-content\/uploads\/2024\/10\/Alberto-Urzaiz-2-scaled-1-300x238.jpg 300w\" sizes=\"(max-width: 768px) 100vw, 768px\" \/><\/figure>\n\n\n\n<p>Actualmente en el Centro Cultural Olimpo tambi\u00e9n se puede visitar la colecci\u00f3n temporal \u201cA dos manos. Ka\u2019ap\u2019\u00e9el k\u2019ab\u201d de Efr\u00e9n Maldonado y David Mex\u201d, en las salas 1 y 2, que permanecer\u00e1 expuesta hasta el mes de diciembre.<\/p>\n\n\n\n<p>El horario de visita de las tres exposiciones en el Centro Cultural Olimpo es de martes a s\u00e1bado de 10 de la ma\u00f1ana a 8 de la noche, y los domingos, de 10 a 6 de la tarde. El acceso es libre.<\/p>\n<div class='share-to-whatsapp-wrapper'><div class='share-on-whsp'>Share on: <\/div><a data-text='La paleta abstracta de Alberto Urzaiz llega al Olimpo' data-link='https:\/\/visionpeninsular.com\/mid\/la-paleta-abstracta-de-alberto-urzaiz-llega-al-olimpo\/' class='whatsapp-button whatsapp-share'>WhatsApp<\/a><div class='clear '><\/div><\/div>","protected":false},"excerpt":{"rendered":"<p>Con una trayectoria de m\u00e1s de cinco d\u00e9cadas, el artista yucateco Alberto Urzaiz ha transitado por diversas realizaciones de la abstracci\u00f3n, consolidando su trabajo que a partir de hoy comparte en el Centro Cultural de M\u00e9rida Olimpo. Se trata de la exposici\u00f3n \u201cAlberto Urzaiz. Pinturas 2022-2024\u201d que ocupar\u00e1 la Sala 3 del Olimpo por los &hellip;<\/p>\n","protected":false},"author":5,"featured_media":195470,"comment_status":"open","ping_status":"open","sticky":false,"template":"","format":"standard","meta":{"_mi_skip_tracking":false},"categories":[49,37],"tags":[41,45175,45176,44421],"_links":{"self":[{"href":"https:\/\/visionpeninsular.com\/mid\/wp-json\/wp\/v2\/posts\/195468"}],"collection":[{"href":"https:\/\/visionpeninsular.com\/mid\/wp-json\/wp\/v2\/posts"}],"about":[{"href":"https:\/\/visionpeninsular.com\/mid\/wp-json\/wp\/v2\/types\/post"}],"author":[{"embeddable":true,"href":"https:\/\/visionpeninsular.com\/mid\/wp-json\/wp\/v2\/users\/5"}],"replies":[{"embeddable":true,"href":"https:\/\/visionpeninsular.com\/mid\/wp-json\/wp\/v2\/comments?post=195468"}],"version-history":[{"count":1,"href":"https:\/\/visionpeninsular.com\/mid\/wp-json\/wp\/v2\/posts\/195468\/revisions"}],"predecessor-version":[{"id":195472,"href":"https:\/\/visionpeninsular.com\/mid\/wp-json\/wp\/v2\/posts\/195468\/revisions\/195472"}],"wp:featuredmedia":[{"embeddable":true,"href":"https:\/\/visionpeninsular.com\/mid\/wp-json\/wp\/v2\/media\/195470"}],"wp:attachment":[{"href":"https:\/\/visionpeninsular.com\/mid\/wp-json\/wp\/v2\/media?parent=195468"}],"wp:term":[{"taxonomy":"category","embeddable":true,"href":"https:\/\/visionpeninsular.com\/mid\/wp-json\/wp\/v2\/categories?post=195468"},{"taxonomy":"post_tag","embeddable":true,"href":"https:\/\/visionpeninsular.com\/mid\/wp-json\/wp\/v2\/tags?post=195468"}],"curies":[{"name":"wp","href":"https:\/\/api.w.org\/{rel}","templated":true}]}}