{"id":195246,"date":"2024-10-22T09:32:35","date_gmt":"2024-10-22T14:32:35","guid":{"rendered":"https:\/\/visionpeninsular.com\/mid\/?p=195246"},"modified":"2024-10-22T09:32:38","modified_gmt":"2024-10-22T14:32:38","slug":"cecilia-patron-anuncio-que-reforzara-la-seguridad-publica-de-komchen-y-las-otras-46-comisarias-de-merida","status":"publish","type":"post","link":"https:\/\/visionpeninsular.com\/mid\/cecilia-patron-anuncio-que-reforzara-la-seguridad-publica-de-komchen-y-las-otras-46-comisarias-de-merida\/","title":{"rendered":"Cecilia Patr\u00f3n anunci\u00f3 que reforzar\u00e1 la seguridad p\u00fablica de Komch\u00e9n y las otras 46 comisar\u00edas de M\u00e9rida"},"content":{"rendered":"\n<h2 class=\"has-text-align-center\">\u201cVamos a esperar que las autoridades competentes nos den el informe y estaremos atentos a lo que procede\u201d, opin\u00f3 sobre el caso la alcaldesa <\/h2>\n\n\n\n<p>M\u00e9rida, Yucat\u00e1n, a 22 de octubre de 2024.\u2013 La alcaldesa Cecilia Patr\u00f3n Laviada dio a conocer que reforzar\u00e1 la seguridad p\u00fablica y el tejido social en la comisar\u00eda de Komch\u00e9n, tras el doble asesinato de la pareja de personas mayores.<\/p>\n\n\n\n<p>\u201cLo que he podido tener de informaci\u00f3n es que fue caso aislado. (La pareja) entiendo que rentaban un cuarto dentro de la casa que viv\u00edan. Vamos a esperar que las autoridades competentes nos den el informe y estaremos atentos a lo que procede\u201d, se\u00f1al\u00f3 la primera edil en su conferencia semanal de ayer lunes.<\/p>\n\n\n\n<p>La concejala dio a conocer que entre los proyectos para las 47 comisar\u00edas est\u00e1 fortalecer la seguridad p\u00fablica y el tejido social, principalmente Komch\u00e9n, \u201cdonde la gente est\u00e1 nerviosa por lo que ha vivido y la comunidad sufrido. Tienen nuestro acompa\u00f1amiento, estaremos con ellos para buscar los problemas\u201d.<\/p>\n\n\n\n<p>Cecilia Patr\u00f3n anunci\u00f3 que a trav\u00e9s del programa de la Polic\u00eda Municipal \u201cDARE\u201d, as\u00ed como las direcciones de Desarrollo Social y Combate a la Pobreza, Bienestar Humano, Identidad y Cultura estar\u00e1n enfocados en atender las necesidades de Komch\u00e9n.<\/p>\n\n\n\n<figure class=\"wp-block-image size-large\"><img loading=\"lazy\" width=\"1024\" height=\"682\" src=\"https:\/\/visionpeninsular.com\/mid\/wp-content\/uploads\/2024\/10\/IMG-20241021-WA0014-1024x682.jpg\" alt=\"\" class=\"wp-image-195248\" srcset=\"https:\/\/visionpeninsular.com\/mid\/wp-content\/uploads\/2024\/10\/IMG-20241021-WA0014-1024x682.jpg 1024w, https:\/\/visionpeninsular.com\/mid\/wp-content\/uploads\/2024\/10\/IMG-20241021-WA0014-300x200.jpg 300w, https:\/\/visionpeninsular.com\/mid\/wp-content\/uploads\/2024\/10\/IMG-20241021-WA0014-768x512.jpg 768w, https:\/\/visionpeninsular.com\/mid\/wp-content\/uploads\/2024\/10\/IMG-20241021-WA0014-1536x1023.jpg 1536w, https:\/\/visionpeninsular.com\/mid\/wp-content\/uploads\/2024\/10\/IMG-20241021-WA0014-310x205.jpg 310w, https:\/\/visionpeninsular.com\/mid\/wp-content\/uploads\/2024\/10\/IMG-20241021-WA0014.jpg 1600w\" sizes=\"(max-width: 1024px) 100vw, 1024px\" \/><figcaption>La presidenta municipal de M\u00e9rida, Cecilia Patr\u00f3n, durante la conferencia semanal. FOTO: Jos\u00e9 Pallota<\/figcaption><\/figure>\n<div class='share-to-whatsapp-wrapper'><div class='share-on-whsp'>Share on: <\/div><a data-text='Cecilia Patr\u00f3n anunci\u00f3 que reforzar\u00e1 la seguridad p\u00fablica de Komch\u00e9n y las otras 46 comisar\u00edas de M\u00e9rida' data-link='https:\/\/visionpeninsular.com\/mid\/cecilia-patron-anuncio-que-reforzara-la-seguridad-publica-de-komchen-y-las-otras-46-comisarias-de-merida\/' class='whatsapp-button whatsapp-share'>WhatsApp<\/a><div class='clear '><\/div><\/div>","protected":false},"excerpt":{"rendered":"<p>\u201cVamos a esperar que las autoridades competentes nos den el informe y estaremos atentos a lo que procede\u201d, opin\u00f3 sobre el caso la alcaldesa M\u00e9rida, Yucat\u00e1n, a 22 de octubre de 2024.\u2013 La alcaldesa Cecilia Patr\u00f3n Laviada dio a conocer que reforzar\u00e1 la seguridad p\u00fablica y el tejido social en la comisar\u00eda de Komch\u00e9n, tras &hellip;<\/p>\n","protected":false},"author":11,"featured_media":195248,"comment_status":"open","ping_status":"open","sticky":false,"template":"","format":"standard","meta":{"_mi_skip_tracking":false},"categories":[49,37],"tags":[5668,8190,13607,116],"_links":{"self":[{"href":"https:\/\/visionpeninsular.com\/mid\/wp-json\/wp\/v2\/posts\/195246"}],"collection":[{"href":"https:\/\/visionpeninsular.com\/mid\/wp-json\/wp\/v2\/posts"}],"about":[{"href":"https:\/\/visionpeninsular.com\/mid\/wp-json\/wp\/v2\/types\/post"}],"author":[{"embeddable":true,"href":"https:\/\/visionpeninsular.com\/mid\/wp-json\/wp\/v2\/users\/11"}],"replies":[{"embeddable":true,"href":"https:\/\/visionpeninsular.com\/mid\/wp-json\/wp\/v2\/comments?post=195246"}],"version-history":[{"count":1,"href":"https:\/\/visionpeninsular.com\/mid\/wp-json\/wp\/v2\/posts\/195246\/revisions"}],"predecessor-version":[{"id":195249,"href":"https:\/\/visionpeninsular.com\/mid\/wp-json\/wp\/v2\/posts\/195246\/revisions\/195249"}],"wp:featuredmedia":[{"embeddable":true,"href":"https:\/\/visionpeninsular.com\/mid\/wp-json\/wp\/v2\/media\/195248"}],"wp:attachment":[{"href":"https:\/\/visionpeninsular.com\/mid\/wp-json\/wp\/v2\/media?parent=195246"}],"wp:term":[{"taxonomy":"category","embeddable":true,"href":"https:\/\/visionpeninsular.com\/mid\/wp-json\/wp\/v2\/categories?post=195246"},{"taxonomy":"post_tag","embeddable":true,"href":"https:\/\/visionpeninsular.com\/mid\/wp-json\/wp\/v2\/tags?post=195246"}],"curies":[{"name":"wp","href":"https:\/\/api.w.org\/{rel}","templated":true}]}}