{"id":195139,"date":"2024-10-19T00:22:49","date_gmt":"2024-10-19T05:22:49","guid":{"rendered":"https:\/\/visionpeninsular.com\/mid\/?p=195139"},"modified":"2024-10-19T00:22:51","modified_gmt":"2024-10-19T05:22:51","slug":"se-analiza-la-situacion-de-las-calesas-electricas-para-hacer-mas-rentables","status":"publish","type":"post","link":"https:\/\/visionpeninsular.com\/mid\/se-analiza-la-situacion-de-las-calesas-electricas-para-hacer-mas-rentables\/","title":{"rendered":"Se analiza la situaci\u00f3n de las calesas el\u00e9ctricas para hacer m\u00e1s rentables"},"content":{"rendered":"\n<h2>\u2022\u201cVamos a llegar a un acuerdo con los caleseros para fin de a\u00f1o o antes, con todas las herramientas para dar un diagn\u00f3stico real\u201d: Mauricio D\u00edaz<\/h2>\n\n\n\n<p>M\u00e9rida, Yucat\u00e1n, a 18 de octubre de 2024.\u2013 Vamos hacer un diagn\u00f3stico de la situaci\u00f3n de las calesas el\u00e9ctricas que no se est\u00e1n utilizando. Estamos hablando de seis, de las cuales dos son usadas de manera constante, otras dos de manera eventual y otras dos que no funcionan\u201d, explic\u00f3 el director municipal de Prosperidad y Desarrollo Econ\u00f3mico, Mauricio D\u00edaz Montalvo, quien fue cuestionado sobre la situaci\u00f3n de estos veh\u00edculos.<\/p>\n\n\n\n<p>Sobre las dos que est\u00e1n en desuso, se\u00f1al\u00f3, se tiene que hacer un diagn\u00f3stico de la condici\u00f3n mec\u00e1nica del veh\u00edculo, si est\u00e1n listas para funcionar y reactivarlas. \u201cVamos a llegar a un acuerdo con los caleseros para fin de a\u00f1o o antes, con todas las herramientas para dar un diagn\u00f3stico real\u201d, precis\u00f3.<\/p>\n\n\n\n<p>La alcaldesa Cecilia Anunciaci\u00f3n Patr\u00f3n Laviada, en la conferencia matutina del 23 de septiembre, mencion\u00f3 que hay cr\u00e9ditos por pagar de las calesas que la administraci\u00f3n anterior. \u201cHay un pago de un cr\u00e9dito acordado con las personas que atienden las calesas; ya estamos trabajando en ello y apenas tenga soluciones concretas, las har\u00e9 saber\u201d, dijo.<\/p>\n\n\n\n<p>Pero, el visitante prefiere los paseos en la calesa jaladas por tracci\u00f3n del caballo, aunque cuando hay la opci\u00f3n el\u00e9ctrica tambi\u00e9n la utilizan. Tenemos que aprender a convivir ambas opciones, reconoci\u00f3.<\/p>\n\n\n\n<p>&nbsp;Por el momento vamos hacer un diagn\u00f3stico de la situaci\u00f3n de las calesas el\u00e9ctricas que no se est\u00e1n utilizando\u201d, dijo Mauricio D\u00edaz, director de Prosperidad y Desarrollo Econ\u00f3mico<\/p>\n\n\n\n<p>La funci\u00f3n de las calesas el\u00e9ctricas es que circulen por la ciudad, sean rentables para los caleseros, hagan turismo con ellas y los visitantes las utilicen, no que est\u00e9n arrumbadas en el estacionamiento del Palacio Municipal, coment\u00f3 D\u00edaz Montalvo.<\/p>\n\n\n\n<div class=\"wp-block-image\"><figure class=\"aligncenter size-full\"><img loading=\"lazy\" width=\"651\" height=\"420\" src=\"https:\/\/visionpeninsular.com\/mid\/wp-content\/uploads\/2024\/10\/WhatsApp-Image-2024-10-18-at-9.35.55-PM.jpeg\" alt=\"\" class=\"wp-image-195141\" srcset=\"https:\/\/visionpeninsular.com\/mid\/wp-content\/uploads\/2024\/10\/WhatsApp-Image-2024-10-18-at-9.35.55-PM.jpeg 651w, https:\/\/visionpeninsular.com\/mid\/wp-content\/uploads\/2024\/10\/WhatsApp-Image-2024-10-18-at-9.35.55-PM-300x194.jpeg 300w\" sizes=\"(max-width: 651px) 100vw, 651px\" \/><figcaption>De las seis calesas el\u00e9ctricas adquirida en la pasada administraci\u00f3n, s\u00f3lo dos est\u00e1n en funciones. FOTO: Cortes\u00eda<\/figcaption><\/figure><\/div>\n<div class='share-to-whatsapp-wrapper'><div class='share-on-whsp'>Share on: <\/div><a data-text='Se analiza la situaci\u00f3n de las calesas el\u00e9ctricas para hacer m\u00e1s rentables' data-link='https:\/\/visionpeninsular.com\/mid\/se-analiza-la-situacion-de-las-calesas-electricas-para-hacer-mas-rentables\/' class='whatsapp-button whatsapp-share'>WhatsApp<\/a><div class='clear '><\/div><\/div>","protected":false},"excerpt":{"rendered":"<p>\u2022\u201cVamos a llegar a un acuerdo con los caleseros para fin de a\u00f1o o antes, con todas las herramientas para dar un diagn\u00f3stico real\u201d: Mauricio D\u00edaz M\u00e9rida, Yucat\u00e1n, a 18 de octubre de 2024.\u2013 Vamos hacer un diagn\u00f3stico de la situaci\u00f3n de las calesas el\u00e9ctricas que no se est\u00e1n utilizando. Estamos hablando de seis, de &hellip;<\/p>\n","protected":false},"author":11,"featured_media":195141,"comment_status":"open","ping_status":"open","sticky":false,"template":"","format":"standard","meta":{"_mi_skip_tracking":false},"categories":[49,37],"tags":[43126,12819,8325,13607,77],"_links":{"self":[{"href":"https:\/\/visionpeninsular.com\/mid\/wp-json\/wp\/v2\/posts\/195139"}],"collection":[{"href":"https:\/\/visionpeninsular.com\/mid\/wp-json\/wp\/v2\/posts"}],"about":[{"href":"https:\/\/visionpeninsular.com\/mid\/wp-json\/wp\/v2\/types\/post"}],"author":[{"embeddable":true,"href":"https:\/\/visionpeninsular.com\/mid\/wp-json\/wp\/v2\/users\/11"}],"replies":[{"embeddable":true,"href":"https:\/\/visionpeninsular.com\/mid\/wp-json\/wp\/v2\/comments?post=195139"}],"version-history":[{"count":1,"href":"https:\/\/visionpeninsular.com\/mid\/wp-json\/wp\/v2\/posts\/195139\/revisions"}],"predecessor-version":[{"id":195142,"href":"https:\/\/visionpeninsular.com\/mid\/wp-json\/wp\/v2\/posts\/195139\/revisions\/195142"}],"wp:featuredmedia":[{"embeddable":true,"href":"https:\/\/visionpeninsular.com\/mid\/wp-json\/wp\/v2\/media\/195141"}],"wp:attachment":[{"href":"https:\/\/visionpeninsular.com\/mid\/wp-json\/wp\/v2\/media?parent=195139"}],"wp:term":[{"taxonomy":"category","embeddable":true,"href":"https:\/\/visionpeninsular.com\/mid\/wp-json\/wp\/v2\/categories?post=195139"},{"taxonomy":"post_tag","embeddable":true,"href":"https:\/\/visionpeninsular.com\/mid\/wp-json\/wp\/v2\/tags?post=195139"}],"curies":[{"name":"wp","href":"https:\/\/api.w.org\/{rel}","templated":true}]}}