{"id":194873,"date":"2024-10-13T00:02:03","date_gmt":"2024-10-13T05:02:03","guid":{"rendered":"https:\/\/visionpeninsular.com\/mid\/?p=194873"},"modified":"2024-10-13T00:02:05","modified_gmt":"2024-10-13T05:02:05","slug":"otro-ano-mas-sin-la-gran-muestra-estatal-de-altares-de-hanal-pixan","status":"publish","type":"post","link":"https:\/\/visionpeninsular.com\/mid\/otro-ano-mas-sin-la-gran-muestra-estatal-de-altares-de-hanal-pixan\/","title":{"rendered":"Otro a\u00f1o m\u00e1s sin la Gran Muestra Estatal de Altares de Hanal Pix\u00e1n"},"content":{"rendered":"\n<p>M\u00e9rida, Yucat\u00e1n, a 12 de octubre de 2024.\u2013 La titular de la Secretar\u00eda de la Cultura y las Artes, Patricia Mart\u00edn Brice\u00f1o, dio a conocer que este a\u00f1o no regresar\u00e1 la Gran Muestra Estatal de Altares de Hanal Pix\u00e1n, en su lugar se realizar\u00e1 una exposici\u00f3n en el Gran Museo del Mundo Maya para dar a conocer todos los elementos que conforman un altar tradicional.<\/p>\n\n\n\n<p>\u201cEl altar yucateco es digno ser conocido, de entender c\u00f3mo los tres o cuatro pisos, la comida, las cruces, porque todos los elementos. Las actividades se har\u00e1n en el Museo Maya, incluso pedag\u00f3gicas y tambi\u00e9n estar\u00e1n acompa\u00f1adas de charlas, incluso actividades para ni\u00f1os\u201d, coment\u00f3.<\/p>\n\n\n\n<p>Sobre la gran muestra estatal que se hizo en la Plaza Grande, opin\u00f3: \u201cSi bien era algo lindo y atractivo, estaba m\u00e1s dirigido a un p\u00fablico extranjero. Nos interesa mucho que nuestra propia gente sepa de qu\u00e9 se trata esta festividad\u201d.<\/p>\n\n\n\n<div class=\"wp-block-image\"><figure class=\"aligncenter size-full\"><img loading=\"lazy\" width=\"1024\" height=\"768\" src=\"https:\/\/visionpeninsular.com\/mid\/wp-content\/uploads\/2024\/10\/VP_OCT12_HANALPIXAN.jpeg\" alt=\"\" class=\"wp-image-194875\" srcset=\"https:\/\/visionpeninsular.com\/mid\/wp-content\/uploads\/2024\/10\/VP_OCT12_HANALPIXAN.jpeg 1024w, https:\/\/visionpeninsular.com\/mid\/wp-content\/uploads\/2024\/10\/VP_OCT12_HANALPIXAN-300x225.jpeg 300w, https:\/\/visionpeninsular.com\/mid\/wp-content\/uploads\/2024\/10\/VP_OCT12_HANALPIXAN-768x576.jpeg 768w\" sizes=\"(max-width: 1024px) 100vw, 1024px\" \/><figcaption>Este a\u00f1o no se realizar\u00e1 la Gran Muestra Estatal de Altares en la Plaza Grande, actividad suspendida desde el gobierno pasado. FOTO: Cortes\u00eda<\/figcaption><\/figure><\/div>\n<div class='share-to-whatsapp-wrapper'><div class='share-on-whsp'>Share on: <\/div><a data-text='Otro a\u00f1o m\u00e1s sin la Gran Muestra Estatal de Altares de Hanal Pix\u00e1n' data-link='https:\/\/visionpeninsular.com\/mid\/otro-ano-mas-sin-la-gran-muestra-estatal-de-altares-de-hanal-pixan\/' class='whatsapp-button whatsapp-share'>WhatsApp<\/a><div class='clear '><\/div><\/div>","protected":false},"excerpt":{"rendered":"<p>M\u00e9rida, Yucat\u00e1n, a 12 de octubre de 2024.\u2013 La titular de la Secretar\u00eda de la Cultura y las Artes, Patricia Mart\u00edn Brice\u00f1o, dio a conocer que este a\u00f1o no regresar\u00e1 la Gran Muestra Estatal de Altares de Hanal Pix\u00e1n, en su lugar se realizar\u00e1 una exposici\u00f3n en el Gran Museo del Mundo Maya para dar &hellip;<\/p>\n","protected":false},"author":11,"featured_media":194875,"comment_status":"open","ping_status":"open","sticky":false,"template":"","format":"standard","meta":{"_mi_skip_tracking":false},"categories":[49,37],"tags":[33188,6623,1642,44954,44953],"_links":{"self":[{"href":"https:\/\/visionpeninsular.com\/mid\/wp-json\/wp\/v2\/posts\/194873"}],"collection":[{"href":"https:\/\/visionpeninsular.com\/mid\/wp-json\/wp\/v2\/posts"}],"about":[{"href":"https:\/\/visionpeninsular.com\/mid\/wp-json\/wp\/v2\/types\/post"}],"author":[{"embeddable":true,"href":"https:\/\/visionpeninsular.com\/mid\/wp-json\/wp\/v2\/users\/11"}],"replies":[{"embeddable":true,"href":"https:\/\/visionpeninsular.com\/mid\/wp-json\/wp\/v2\/comments?post=194873"}],"version-history":[{"count":1,"href":"https:\/\/visionpeninsular.com\/mid\/wp-json\/wp\/v2\/posts\/194873\/revisions"}],"predecessor-version":[{"id":194876,"href":"https:\/\/visionpeninsular.com\/mid\/wp-json\/wp\/v2\/posts\/194873\/revisions\/194876"}],"wp:featuredmedia":[{"embeddable":true,"href":"https:\/\/visionpeninsular.com\/mid\/wp-json\/wp\/v2\/media\/194875"}],"wp:attachment":[{"href":"https:\/\/visionpeninsular.com\/mid\/wp-json\/wp\/v2\/media?parent=194873"}],"wp:term":[{"taxonomy":"category","embeddable":true,"href":"https:\/\/visionpeninsular.com\/mid\/wp-json\/wp\/v2\/categories?post=194873"},{"taxonomy":"post_tag","embeddable":true,"href":"https:\/\/visionpeninsular.com\/mid\/wp-json\/wp\/v2\/tags?post=194873"}],"curies":[{"name":"wp","href":"https:\/\/api.w.org\/{rel}","templated":true}]}}