{"id":19466,"date":"2017-01-04T06:37:32","date_gmt":"2017-01-04T12:37:32","guid":{"rendered":"http:\/\/visionpeninsular.com\/mid\/?p=19466"},"modified":"2017-01-04T06:37:32","modified_gmt":"2017-01-04T12:37:32","slug":"sube-la-gasolina-dulce-maria-sauri","status":"publish","type":"post","link":"https:\/\/visionpeninsular.com\/mid\/sube-la-gasolina-dulce-maria-sauri\/","title":{"rendered":"\u00a1Sube la gasolina! Por: Dulce Mar\u00eda Sauri"},"content":{"rendered":"<p>\u00bfCrisis en puerta?<\/p>\n<p>Dulce Mar\u00eda Sauri Riancho (*)<\/p>\n<p>Entre incertidumbre y zozobra dio inicio 2017. A los incrementos anunciados de las gasolinas y el di\u00e9sel, muy pronto se unieron los anuncios del alza en el transporte p\u00fablico, seguidos de las tarifas el\u00e9ctricas y del gas L.P. Hac\u00eda mucho tiempo, alrededor de 22 a\u00f1os, que no estaban tan encontradas las visiones del gobierno y de la sociedad sobre asuntos econ\u00f3micos. En esa fecha, diciembre de 1994, se rompi\u00f3 la \u201cbanda de flotaci\u00f3n\u201d que sosten\u00eda la paridad peso-d\u00f3lar americano en un m\u00e1ximo de $3.49. Antes de cumplir el primer mes de su mandato, Ernesto Zedillo dirigi\u00f3 un mensaje a la naci\u00f3n, donde dio a conocer el \u201cPrograma de Emergencia Econ\u00f3mica\u201d, la versi\u00f3n mexicana de \u201csudor y l\u00e1grimas\u201d que en el caso ingl\u00e9s de la II Guerra mundial hab\u00eda sido acompa\u00f1ado tambi\u00e9n de \u201csangre\u201d. En los primeros meses de 1995, la mayor\u00eda del PRI en el Poder Legislativo aprob\u00f3 el incremento de la tasa general del IVA al 15%: convirti\u00f3 en deuda p\u00fablica 29 mil millones de d\u00f3lares (los famosos Tesobonos) para poder liquidarlos y reform\u00f3 la Ley General de Deuda P\u00fablica para dar en garant\u00eda al gobierno americano la factura de los ingresos petroleros (entonces cuantiosos), a cambio de la cual se abri\u00f3 una l\u00ednea de cr\u00e9dito por m\u00e1s de 50 mil millones de d\u00f3lares.<\/p>\n<p>Mientras se libraba una feroz batalla en la macroeconom\u00eda, el impacto de la crisis fue demoledor en la vida y las finanzas de las familias. Las m\u00e1s pobres vieron hacer a\u00fan m\u00e1s precario su ingreso por la inflaci\u00f3n. Las familias de clase media que habr\u00edan contra\u00eddo cr\u00e9ditos para adquisici\u00f3n de casas, veh\u00edculos o ten\u00edan deudas en sus tarjetas de cr\u00e9dito vieron que los montos se incrementaban varias veces en unas cuantas semanas. Las empresas que hab\u00edan logrado empr\u00e9stitos para aprovechar las ventajas que ofrec\u00eda el reci\u00e9n inaugurado Tratado de Libre Comercio de Am\u00e9rica del Norte (TLCAN) se encontraron con enormes adeudos en d\u00f3lares, sin recursos para poderles hacer frente. Los bancos comerciales reci\u00e9n reprivatizados quebraron. Sus carteras vencidas pasaron a propiedad del gobierno. Surgi\u00f3 el Fobaproa como manera de evitar la p\u00e9rdida del dinero de los ahorradores y cuentahabientes. El pa\u00eds contrajo adeudos que seguir\u00e1 pagando hasta 2025.<\/p>\n<p>En la parte pol\u00edtica, el PRI inici\u00f3 una cadena de derrotas electorales desde febrero de 1995. S\u00f3lo se salv\u00f3 la gubernatura de Yucat\u00e1n en mayo de ese a\u00f1o. A mediados de 1997, el partido en el gobierno perdi\u00f3 su mayor\u00eda absoluta en la C\u00e1mara de Diputados, as\u00ed como la primera elecci\u00f3n para la jefatura de gobierno del Distrito Federal. El G-4, integrado por los partidos opositores al PRI, ocup\u00f3 los principales cargos y por primera vez un legislador de oposici\u00f3n, Porfirio Mu\u00f1oz Ledo, respondi\u00f3 un informe presidencial. Casi tres a\u00f1os despu\u00e9s, la econom\u00eda se hab\u00eda recuperado; el empleo tambi\u00e9n. Sin embargo, el 2 de julio de 2000, el PRI perdi\u00f3 por primera vez la Presidencia de la Rep\u00fablica. Este hecho simboliz\u00f3 el agotamiento de un modelo pol\u00edtico que rigi\u00f3 al pa\u00eds por m\u00e1s de 70 a\u00f1os y abri\u00f3 paso a la transici\u00f3n en la que a\u00fan estamos inmersos.<\/p>\n<p>Hago este recuento del pasado cercano para enmarcar la situaci\u00f3n presente. No estamos como en 1995, al borde del abismo econ\u00f3mico, aunque ahora, a diferencia de entonces, no contamos con la esperanza del TLC, cuestionado por Donald Trump.<\/p>\n<p>Aumentar la gasolina y el di\u00e9sel impacta todo. Es falso que s\u00f3lo quienes tienen veh\u00edculos lo resentir\u00e1n. O quienes usen el transporte p\u00fablico. Hasta el producto m\u00e1s modesto requiere de traslado hasta el centro de consumo; tambi\u00e9n la electricidad ser\u00e1 m\u00e1s cara porque parte importante de ella se genera quemando combustible f\u00f3sil (combust\u00f3leo y gas natural). \u00bfC\u00f3mo llegamos a este punto? Tendr\u00edamos que irnos a revisar malas decisiones que se tomaron en tiempos de crisis, como 1995, y en periodos de abundancia, cuando los precios del petr\u00f3leo crudo alcanzaron m\u00e1s de 100 d\u00f3lares el barril, tal como sucedi\u00f3 entre 2001 y 2008. Pemex fue utilizado para financiar el gasto p\u00fablico desde el aciago presupuesto 1995 en adelante. Los ingresos extraordinarios recibidos por el petr\u00f3leo de exportaci\u00f3n se perdieron en la mara\u00f1a de una creciente y voraz burocracia que extendi\u00f3 sus redes hasta el municipio m\u00e1s modesto del pa\u00eds. La corrupci\u00f3n se desprendi\u00f3 de los \u00faltimos resquicios de pudor. Cuando se discutieron las reformas en 2013, no hubo la capacidad pol\u00edtica y la energ\u00eda social para defender la renta petrolera e impedir su privatizaci\u00f3n.<\/p>\n<p>Dice el secretario de Hacienda que los mexicanos \u201cno debemos asustarnos\u201d; que el precio de las gasolinas se va a \u201cdivorciar\u201d de razones tributarias y pol\u00edticas. Quiz\u00e1 por eso se adelant\u00f3 la apertura del mercado un a\u00f1o, no fuera a coincidir con las elecciones de 2018. Por el rumbo de Bucareli y de Insurgentes, en Gobernaci\u00f3n y en el PRI cruzan los dedos ante las elecciones en el Estado de M\u00e9xico, Nayarit y Coahuila. Junto con las presidencias municipales de Veracruz ser\u00e1n la muestra con que se medir\u00e1 la magnitud del descontento popular por el alza de los combustibles y el recrudecimiento de la inflaci\u00f3n. Ya lo veremos el 4 de junio.<\/p>\n<p>Zedillo recondujo la econom\u00eda despu\u00e9s de la crisis. Habl\u00f3 duro el 29 de diciembre de 1994: \u201cNo podemos permitir que la crisis nos arrastre; debemos enfrentarla y controlarla de inmediato admitiendo los sacrificios que la situaci\u00f3n hace inevitables\u201d. A\u00f1adi\u00f3: \u201c\u2026 todos preferimos la verdad para saber bien a qu\u00e9 atenernos\u201d. Eso falta: que Pe\u00f1a Nieto explique\u2026 y que el pueblo de M\u00e9xico le crea.\u2014 M\u00e9rida, Yucat\u00e1n.<\/p>\n<p>dulcesauri@gmail.com<\/p>\n<p>*Licenciada en Sociolog\u00eda por la Universidad Iberoamericana, con doctorado en Historia. Ex gobernadora de Yucat\u00e1n.<\/p>\n<div class='share-to-whatsapp-wrapper'><div class='share-on-whsp'>Share on: <\/div><a data-text='\u00a1Sube la gasolina! Por: Dulce Mar\u00eda Sauri' data-link='https:\/\/visionpeninsular.com\/mid\/sube-la-gasolina-dulce-maria-sauri\/' class='whatsapp-button whatsapp-share'>WhatsApp<\/a><div class='clear '><\/div><\/div>","protected":false},"excerpt":{"rendered":"<p>\u00bfCrisis en puerta? Dulce Mar\u00eda Sauri Riancho (*) Entre incertidumbre y zozobra dio inicio 2017. A los incrementos anunciados de las gasolinas y el di\u00e9sel, muy pronto se unieron los anuncios del alza en el transporte p\u00fablico, seguidos de las tarifas el\u00e9ctricas y del gas L.P. Hac\u00eda mucho tiempo, alrededor de 22 a\u00f1os, que no &hellip;<\/p>\n","protected":false},"author":1,"featured_media":727,"comment_status":"open","ping_status":"open","sticky":false,"template":"","format":"standard","meta":{"_mi_skip_tracking":false},"categories":[44],"tags":[1962,1861,236,107],"_links":{"self":[{"href":"https:\/\/visionpeninsular.com\/mid\/wp-json\/wp\/v2\/posts\/19466"}],"collection":[{"href":"https:\/\/visionpeninsular.com\/mid\/wp-json\/wp\/v2\/posts"}],"about":[{"href":"https:\/\/visionpeninsular.com\/mid\/wp-json\/wp\/v2\/types\/post"}],"author":[{"embeddable":true,"href":"https:\/\/visionpeninsular.com\/mid\/wp-json\/wp\/v2\/users\/1"}],"replies":[{"embeddable":true,"href":"https:\/\/visionpeninsular.com\/mid\/wp-json\/wp\/v2\/comments?post=19466"}],"version-history":[{"count":1,"href":"https:\/\/visionpeninsular.com\/mid\/wp-json\/wp\/v2\/posts\/19466\/revisions"}],"predecessor-version":[{"id":19467,"href":"https:\/\/visionpeninsular.com\/mid\/wp-json\/wp\/v2\/posts\/19466\/revisions\/19467"}],"wp:featuredmedia":[{"embeddable":true,"href":"https:\/\/visionpeninsular.com\/mid\/wp-json\/wp\/v2\/media\/727"}],"wp:attachment":[{"href":"https:\/\/visionpeninsular.com\/mid\/wp-json\/wp\/v2\/media?parent=19466"}],"wp:term":[{"taxonomy":"category","embeddable":true,"href":"https:\/\/visionpeninsular.com\/mid\/wp-json\/wp\/v2\/categories?post=19466"},{"taxonomy":"post_tag","embeddable":true,"href":"https:\/\/visionpeninsular.com\/mid\/wp-json\/wp\/v2\/tags?post=19466"}],"curies":[{"name":"wp","href":"https:\/\/api.w.org\/{rel}","templated":true}]}}