{"id":194505,"date":"2024-10-06T13:37:47","date_gmt":"2024-10-06T18:37:47","guid":{"rendered":"https:\/\/visionpeninsular.com\/mid\/?p=194505"},"modified":"2024-10-06T13:37:49","modified_gmt":"2024-10-06T18:37:49","slug":"fallece-una-valiosa-y-congruente-mexicana-revolucionaria-maestra-ifigenia-martinez-hernandez","status":"publish","type":"post","link":"https:\/\/visionpeninsular.com\/mid\/fallece-una-valiosa-y-congruente-mexicana-revolucionaria-maestra-ifigenia-martinez-hernandez\/","title":{"rendered":"Fallece una Valiosa y Congruente MEXICANA REVOLUCIONARIA: Maestra IFIGENIA MART\u00cdNEZ HERN\u00c1NDEZ"},"content":{"rendered":"\n<p>La tarde de este s\u00e1bado se ha reportado el fallecimiento de la insigne mexicana Ifigenia Mart\u00ednez Hern\u00e1ndez a los 94 a\u00f1os de edad, despu\u00e9s de toda una vida dedicada a la pol\u00edtica.<\/p>\n\n\n\n<p>Ifigenia Mart\u00ednez fue una aut\u00e9ntica mujer de izquierda, congruente y fiel a sus convicciones.<\/p>\n\n\n\n<p>Fue la Primera Mujer Senadora en el pa\u00eds.<\/p>\n\n\n\n<p>Al momento de su fallecimiento, era presidenta de la C\u00e1mara de Diputados y previamente hab\u00eda sido senadora por Morena, de 2018 hasta agosto de 2024, y fue la encargada de entyrtegar a la Presidenta Constitucional Claudia Sheinbaum, la Banda Presidencial s\u00edmbolo de su investidura.<\/p>\n\n\n\n<p>&nbsp;Fue activista del Movimiento estudiantil del 68. Fue militante del PRI de 1966 a 1988, a\u00f1o en el que deja el partido para fundar el PRD, junto a Cuauht\u00e9moc C\u00e1rdenas y Porfirio Mu\u00f1oz Ledo.<\/p>\n\n\n\n<figure class=\"wp-block-image size-full\"><img loading=\"lazy\" width=\"414\" height=\"320\" src=\"https:\/\/visionpeninsular.com\/mid\/wp-content\/uploads\/2024\/10\/ifi-2.jpg\" alt=\"\" class=\"wp-image-194508\" srcset=\"https:\/\/visionpeninsular.com\/mid\/wp-content\/uploads\/2024\/10\/ifi-2.jpg 414w, https:\/\/visionpeninsular.com\/mid\/wp-content\/uploads\/2024\/10\/ifi-2-300x232.jpg 300w\" sizes=\"(max-width: 414px) 100vw, 414px\" \/><\/figure>\n\n\n\n<figure class=\"wp-block-image size-full\"><img loading=\"lazy\" width=\"400\" height=\"478\" src=\"https:\/\/visionpeninsular.com\/mid\/wp-content\/uploads\/2024\/10\/ifi-1.jpg\" alt=\"\" class=\"wp-image-194509\" srcset=\"https:\/\/visionpeninsular.com\/mid\/wp-content\/uploads\/2024\/10\/ifi-1.jpg 400w, https:\/\/visionpeninsular.com\/mid\/wp-content\/uploads\/2024\/10\/ifi-1-251x300.jpg 251w\" sizes=\"(max-width: 400px) 100vw, 400px\" \/><\/figure>\n\n\n\n<p>En 2019 recibe la Medalla al M\u00e9rito \u201cSor Juana In\u00e9s de la Cruz\u201d, otorgada por la C\u00e1mara de Diputados.<\/p>\n\n\n\n<p>En 2021 recibe la Medalla Belisario Dom\u00ednguez por su labor acad\u00e9mica y de justicia social, m\u00e1ximo galard\u00f3n otorgado por el Estado Mexicano<\/p>\n\n\n\n<p>La maestra Ifigenia Mart\u00ednez fue la primera en casi todo lo que hizo. Era egresada de la Universidad Nacional Aut\u00f3noma de M\u00e9xico (UNAM), d\u00f3nde estudi\u00f3 la licenciatura de Econom\u00eda, adem\u00e1s fue la primera mujer en sacar &nbsp;una maestr\u00eda y doctorado en Econom\u00eda en la Universidad de Harvard.<\/p>\n\n\n\n<p>Fue la primera mujer en dirigir la Facultad de Econom\u00eda, tiempo en que defendi\u00f3 la Autonom\u00eda Universitaria, por lo que fue encarcelada por \u00f3rdenes del presidente D\u00edaz Ordaz.<\/p>\n\n\n\n<figure class=\"wp-block-image size-full\"><img loading=\"lazy\" width=\"300\" height=\"308\" src=\"https:\/\/visionpeninsular.com\/mid\/wp-content\/uploads\/2024\/10\/ifi-3.jpg\" alt=\"\" class=\"wp-image-194510\" srcset=\"https:\/\/visionpeninsular.com\/mid\/wp-content\/uploads\/2024\/10\/ifi-3.jpg 300w, https:\/\/visionpeninsular.com\/mid\/wp-content\/uploads\/2024\/10\/ifi-3-292x300.jpg 292w\" sizes=\"(max-width: 300px) 100vw, 300px\" \/><\/figure>\n\n\n\n<p>De la misma forma, fue economista de la divisi\u00f3n de estudios econ\u00f3micos de la Uni\u00f3n Panamericana Washington y catedr\u00e1tica de la asignatura Finanzas P\u00fablicas en la UNAM. Adem\u00e1s, fue investigadora en el Instituto de Investigaciones Econ\u00f3micas de la UNAM y profesora del Centro de Estudios Monetarios Latinoamericanos (CEMLA).<\/p>\n\n\n\n<p>Ifigenia Mart\u00ednez Hern\u00e1ndez naci\u00f3&nbsp; en la Ciudad de M\u00e9xico el 16 de junio de 1930.<\/p>\n\n\n\n<p>\u2014-Activista del Mov. Estudiantil del 68<\/p>\n\n\n\n<p>\u2014-Fundadora del #PRD<\/p>\n\n\n\n<p>\u2014-Primera Mujer Senadora<\/p>\n\n\n\n<p>\u2014-RECIPENDIARIA de la Medalla \u201cSor Juana In\u00e9s de la Cruz\u201d<\/p>\n\n\n\n<p>\u2014\u2014Galardonada con la m\u00e1xima distinci\u00f3n del Estado mexicano: Medalla \u201cBelisario Dom\u00ednguez\u201d<\/p>\n\n\n\n<p>\u2014- ELLA entrega la Banda Presidencial a Claudia Sheinbaum a nombre de #TodasLasMujeres por cuyo trabajo HOY est\u00e1 ah\u00ed!!!}<\/p>\n\n\n\n<p>La entrega de la Banda Presidencial a la Presidenta Constitucional Claudia Sheinbaum, fue la coronaci\u00f3n de su fruct\u00edfera vida en la pol\u00edtica, al ver a la primera mujer gobernando nuestro pa\u00eds.<\/p>\n\n\n\n<p>\u00a1GRACIAS MAESTRA POR TU EJEMPLO DE VIDA!<\/p>\n<div class='share-to-whatsapp-wrapper'><div class='share-on-whsp'>Share on: <\/div><a data-text='Fallece una Valiosa y Congruente MEXICANA REVOLUCIONARIA: Maestra IFIGENIA MART\u00cdNEZ HERN\u00c1NDEZ' data-link='https:\/\/visionpeninsular.com\/mid\/fallece-una-valiosa-y-congruente-mexicana-revolucionaria-maestra-ifigenia-martinez-hernandez\/' class='whatsapp-button whatsapp-share'>WhatsApp<\/a><div class='clear '><\/div><\/div>","protected":false},"excerpt":{"rendered":"<p>La tarde de este s\u00e1bado se ha reportado el fallecimiento de la insigne mexicana Ifigenia Mart\u00ednez Hern\u00e1ndez a los 94 a\u00f1os de edad, despu\u00e9s de toda una vida dedicada a la pol\u00edtica. Ifigenia Mart\u00ednez fue una aut\u00e9ntica mujer de izquierda, congruente y fiel a sus convicciones. Fue la Primera Mujer Senadora en el pa\u00eds. Al &hellip;<\/p>\n","protected":false},"author":5,"featured_media":194507,"comment_status":"open","ping_status":"open","sticky":false,"template":"","format":"standard","meta":{"_mi_skip_tracking":false},"categories":[49,37],"tags":[44847,44848,44849],"_links":{"self":[{"href":"https:\/\/visionpeninsular.com\/mid\/wp-json\/wp\/v2\/posts\/194505"}],"collection":[{"href":"https:\/\/visionpeninsular.com\/mid\/wp-json\/wp\/v2\/posts"}],"about":[{"href":"https:\/\/visionpeninsular.com\/mid\/wp-json\/wp\/v2\/types\/post"}],"author":[{"embeddable":true,"href":"https:\/\/visionpeninsular.com\/mid\/wp-json\/wp\/v2\/users\/5"}],"replies":[{"embeddable":true,"href":"https:\/\/visionpeninsular.com\/mid\/wp-json\/wp\/v2\/comments?post=194505"}],"version-history":[{"count":1,"href":"https:\/\/visionpeninsular.com\/mid\/wp-json\/wp\/v2\/posts\/194505\/revisions"}],"predecessor-version":[{"id":194511,"href":"https:\/\/visionpeninsular.com\/mid\/wp-json\/wp\/v2\/posts\/194505\/revisions\/194511"}],"wp:featuredmedia":[{"embeddable":true,"href":"https:\/\/visionpeninsular.com\/mid\/wp-json\/wp\/v2\/media\/194507"}],"wp:attachment":[{"href":"https:\/\/visionpeninsular.com\/mid\/wp-json\/wp\/v2\/media?parent=194505"}],"wp:term":[{"taxonomy":"category","embeddable":true,"href":"https:\/\/visionpeninsular.com\/mid\/wp-json\/wp\/v2\/categories?post=194505"},{"taxonomy":"post_tag","embeddable":true,"href":"https:\/\/visionpeninsular.com\/mid\/wp-json\/wp\/v2\/tags?post=194505"}],"curies":[{"name":"wp","href":"https:\/\/api.w.org\/{rel}","templated":true}]}}