{"id":194478,"date":"2024-10-05T15:57:31","date_gmt":"2024-10-05T20:57:31","guid":{"rendered":"https:\/\/visionpeninsular.com\/mid\/?p=194478"},"modified":"2024-10-05T15:57:33","modified_gmt":"2024-10-05T20:57:33","slug":"anuncian-la-vispera-y-noche-blanca-para-29-y-30-de-noviembre-el-merida-fest-2025-del-5-al-26-de-enero","status":"publish","type":"post","link":"https:\/\/visionpeninsular.com\/mid\/anuncian-la-vispera-y-noche-blanca-para-29-y-30-de-noviembre-el-merida-fest-2025-del-5-al-26-de-enero\/","title":{"rendered":"Anuncian La V\u00edspera y Noche Blanca para 29 y 30 de noviembre; el M\u00e9rida Fest 2025 del 5 al 26 de enero"},"content":{"rendered":"\n<p>Con la novedad de que La V\u00edspera, el d\u00eda 29, ser\u00e1 trasladada a las colonias y comisar\u00edas de la ciudad para acercar el arte y la cultura a la poblaci\u00f3n, el 30 de noviembre tendr\u00e1 lugar la XVIII edici\u00f3n de la Noche Blanca, mientras que el M\u00e9rida Fest se desarrollar\u00e1 del 5 al 26 de enero pr\u00f3ximo, con un mayor impulso al talento local.<\/p>\n\n\n\n<p>La alcaldesa Cecilia Patr\u00f3n Laviada, encabez\u00f3 este d\u00eda la presentaci\u00f3n de la convocatoria para ambos eventos, cuya programaci\u00f3n no est\u00e1 todav\u00eda confirmada, pero con la invitaci\u00f3n abierta a la sociedad para participar.<\/p>\n\n\n\n<p>\u201cVamos a tener la novedad que La V\u00edspera va a salir del centro, hoy se hace y se concentra todo ah\u00ed, mi compromiso fue acercar la cultura a cada rinc\u00f3n de M\u00e9rida, a las comisar\u00edas, a las colonias, el evento va a estar en el centro, pero tambi\u00e9n la vamos a acercar a la gente, parte de nuestro compromiso de buscar la justicia social y piso parejo\u201d, indic\u00f3 Patr\u00f3n Laviada.<\/p>\n\n\n\n<figure class=\"wp-block-image size-full\"><img loading=\"lazy\" width=\"500\" height=\"373\" src=\"https:\/\/visionpeninsular.com\/mid\/wp-content\/uploads\/2024\/10\/vispera-fest.jpg\" alt=\"\" class=\"wp-image-194481\" srcset=\"https:\/\/visionpeninsular.com\/mid\/wp-content\/uploads\/2024\/10\/vispera-fest.jpg 500w, https:\/\/visionpeninsular.com\/mid\/wp-content\/uploads\/2024\/10\/vispera-fest-300x224.jpg 300w\" sizes=\"(max-width: 500px) 100vw, 500px\" \/><\/figure>\n\n\n\n<p>\u201cLa Noche Blanca ya es una tradici\u00f3n para los meridanos, donde la cultura, el arte a tope, est\u00e1 en las calles de nuestra hermosa ciudad, los ciudadanos (as) coincidimos en un s\u00f3lo espacio, con nuestra identidad, unidos el sur, oriente, norte, centro, comisar\u00edas, en un espacio de disfrute\u201d, agreg\u00f3.<\/p>\n\n\n\n<p>Por su parte, Karla Berr\u00f3n C\u00e1mara, Directora de Identidad y Cultura del Ayuntamiento, invit\u00f3 a los yucatecos a aportar posibles actividades para la Noche Blanca y los interesados pueden enviar sus propuestas al correo cultura@m\u00e9rida.gob.mx.<\/p>\n\n\n\n<p>Cabe resaltar que de acuerdo con los organizadores, la inversi\u00f3n para La V\u00edspera y Noche Blanca ser\u00e1 de cinco millones de pesos.<\/p>\n\n\n\n<p>Del mismo modo, se lanz\u00f3 la convocatoria para el M\u00e9rida Fest, en conmemoraci\u00f3n del aniversario de la capital yucateca, a verificarse del 5 al 26 de enero, con mayor apertura para la comunidad art\u00edstica estatal.<\/p>\n\n\n\n<p>\u201cSe pretende fomentar la participaci\u00f3n de proyectos culturales con fondos del Ayuntamiento de M\u00e9rida y tiene de novedoso que normalmente son cuatro proyectos internacionales los que participan, pero ahora buscando la presencia de los representantes locales vamos a quitar uno de esos for\u00e1neos para que venga a sumar al talento de nuestra ciudad\u201d, dijo la alcaldesa.<\/p>\n\n\n\n<p>\u201cEl M\u00e9rida Fest es de todos los meridanos y la cultura es algo que vivimos y nos representa, nos sentimos profundamente orgullosos de nuestra entidad y nuestro compromiso fue promover la cultura, acercarla a la gente, hoy lo que estamos buscando es que el talento local, que es much\u00edsimo, tenga mayores oportunidades para participar, contar con recursos p\u00fablicos y presentar extraordinarios proyectos para el disfrute de las (os) ciudadanos\u201d, a\u00f1adi\u00f3.<\/p>\n\n\n\n<p>Para los fondos municipales del evento se destinar\u00e1n poco m\u00e1s de tres millones de pesos, con el prop\u00f3sito de impulsar las producciones del talento yucateco, aunque en general el M\u00e9rida Fest representar\u00e1 una inversi\u00f3n de nueve millones.<\/p>\n\n\n\n<p>Las propuestas art\u00edsticas para festejar a la ciudad se pueden enviar a partir de ahora y hasta el 4 de noviembre, al mismo correo electr\u00f3nico de cultura.<\/p>\n<div class='share-to-whatsapp-wrapper'><div class='share-on-whsp'>Share on: <\/div><a data-text='Anuncian La V\u00edspera y Noche Blanca para 29 y 30 de noviembre; el M\u00e9rida Fest 2025 del 5 al 26 de enero' data-link='https:\/\/visionpeninsular.com\/mid\/anuncian-la-vispera-y-noche-blanca-para-29-y-30-de-noviembre-el-merida-fest-2025-del-5-al-26-de-enero\/' class='whatsapp-button whatsapp-share'>WhatsApp<\/a><div class='clear '><\/div><\/div>","protected":false},"excerpt":{"rendered":"<p>Con la novedad de que La V\u00edspera, el d\u00eda 29, ser\u00e1 trasladada a las colonias y comisar\u00edas de la ciudad para acercar el arte y la cultura a la poblaci\u00f3n, el 30 de noviembre tendr\u00e1 lugar la XVIII edici\u00f3n de la Noche Blanca, mientras que el M\u00e9rida Fest se desarrollar\u00e1 del 5 al 26 de &hellip;<\/p>\n","protected":false},"author":5,"featured_media":194480,"comment_status":"open","ping_status":"open","sticky":false,"template":"","format":"standard","meta":{"_mi_skip_tracking":false},"categories":[49,37],"tags":[41,44835,44832,44834,44833],"_links":{"self":[{"href":"https:\/\/visionpeninsular.com\/mid\/wp-json\/wp\/v2\/posts\/194478"}],"collection":[{"href":"https:\/\/visionpeninsular.com\/mid\/wp-json\/wp\/v2\/posts"}],"about":[{"href":"https:\/\/visionpeninsular.com\/mid\/wp-json\/wp\/v2\/types\/post"}],"author":[{"embeddable":true,"href":"https:\/\/visionpeninsular.com\/mid\/wp-json\/wp\/v2\/users\/5"}],"replies":[{"embeddable":true,"href":"https:\/\/visionpeninsular.com\/mid\/wp-json\/wp\/v2\/comments?post=194478"}],"version-history":[{"count":1,"href":"https:\/\/visionpeninsular.com\/mid\/wp-json\/wp\/v2\/posts\/194478\/revisions"}],"predecessor-version":[{"id":194482,"href":"https:\/\/visionpeninsular.com\/mid\/wp-json\/wp\/v2\/posts\/194478\/revisions\/194482"}],"wp:featuredmedia":[{"embeddable":true,"href":"https:\/\/visionpeninsular.com\/mid\/wp-json\/wp\/v2\/media\/194480"}],"wp:attachment":[{"href":"https:\/\/visionpeninsular.com\/mid\/wp-json\/wp\/v2\/media?parent=194478"}],"wp:term":[{"taxonomy":"category","embeddable":true,"href":"https:\/\/visionpeninsular.com\/mid\/wp-json\/wp\/v2\/categories?post=194478"},{"taxonomy":"post_tag","embeddable":true,"href":"https:\/\/visionpeninsular.com\/mid\/wp-json\/wp\/v2\/tags?post=194478"}],"curies":[{"name":"wp","href":"https:\/\/api.w.org\/{rel}","templated":true}]}}