{"id":194273,"date":"2024-10-02T14:23:56","date_gmt":"2024-10-02T19:23:56","guid":{"rendered":"https:\/\/visionpeninsular.com\/mid\/?p=194273"},"modified":"2024-10-02T14:23:58","modified_gmt":"2024-10-02T19:23:58","slug":"acompana-diaz-mena-a-claudia-sheinbaum-a-rendir-protesta-como-presidenta-de-mexico","status":"publish","type":"post","link":"https:\/\/visionpeninsular.com\/mid\/acompana-diaz-mena-a-claudia-sheinbaum-a-rendir-protesta-como-presidenta-de-mexico\/","title":{"rendered":"Acompa\u00f1a D\u00edaz Mena a Claudia Sheinbaum a rendir protesta como Presidenta de M\u00e9xico"},"content":{"rendered":"\n<ul><li><strong><em>El Gobernador de Yucat\u00e1n estuvo presente en la ceremonia de toma de posesi\u00f3n y asegur\u00f3 que \u201cYucat\u00e1n y el Renacimiento Maya se ver\u00e1n avanzar fuertemente, porque trabajaremos hombro con hombro a favor de los que menos tienen\u201d.<\/em><\/strong><\/li><\/ul>\n\n\n\n<p>&nbsp;Ciudad de M\u00e9xico, a 1 de octubre de 2024.- El Gobernador de Yucat\u00e1n, Joaqu\u00edn D\u00edaz Mena acompa\u00f1\u00f3 a la Dra. Claudia Sheinbaum Pardo durante la ceremonia donde rindi\u00f3 protesta como Presidenta de M\u00e9xico, en la que, por primera vez en la historia de nuestra Naci\u00f3n, una mujer asume el cargo.<\/p>\n\n\n\n<figure class=\"wp-block-image size-full\"><img loading=\"lazy\" width=\"500\" height=\"333\" src=\"https:\/\/visionpeninsular.com\/mid\/wp-content\/uploads\/2024\/10\/claudia-2.jpg\" alt=\"\" class=\"wp-image-194276\" srcset=\"https:\/\/visionpeninsular.com\/mid\/wp-content\/uploads\/2024\/10\/claudia-2.jpg 500w, https:\/\/visionpeninsular.com\/mid\/wp-content\/uploads\/2024\/10\/claudia-2-300x200.jpg 300w, https:\/\/visionpeninsular.com\/mid\/wp-content\/uploads\/2024\/10\/claudia-2-310x205.jpg 310w\" sizes=\"(max-width: 500px) 100vw, 500px\" \/><\/figure>\n\n\n\n<p>&nbsp;Asegur\u00f3 que con la nueva Presidenta de M\u00e9xico, Yucat\u00e1n y el Renacimiento Maya se ver\u00e1n avanzar fuertemente, \u201cporque trabajaremos hombro con hombro a favor de los que menos tienen, ya que ha reiterado su confianza en nuestro proyecto, que brindar\u00e1 un desarrollo m\u00e1s justo y equilibrado a nuestro Estado, a partir del Humanismo Mexicano que continuar\u00e1, como ella dijo en su discurso\u201d.<\/p>\n\n\n\n<figure class=\"wp-block-image size-full\"><img loading=\"lazy\" width=\"600\" height=\"352\" src=\"https:\/\/visionpeninsular.com\/mid\/wp-content\/uploads\/2024\/10\/claudia-3.jpg\" alt=\"\" class=\"wp-image-194277\" srcset=\"https:\/\/visionpeninsular.com\/mid\/wp-content\/uploads\/2024\/10\/claudia-3.jpg 600w, https:\/\/visionpeninsular.com\/mid\/wp-content\/uploads\/2024\/10\/claudia-3-300x176.jpg 300w\" sizes=\"(max-width: 600px) 100vw, 600px\" \/><\/figure>\n\n\n\n<p>&nbsp;D\u00edaz Mena subray\u00f3 que las yucatecas y los yucatecos tambi\u00e9n son protagonistas de esta historia, ya que sus votos contribuyeron al triunfo que marcar\u00e1 un antes y un despu\u00e9s de su gobierno.<\/p>\n\n\n\n<figure class=\"wp-block-image size-full\"><img loading=\"lazy\" width=\"300\" height=\"435\" src=\"https:\/\/visionpeninsular.com\/mid\/wp-content\/uploads\/2024\/10\/claudia-4.jpg\" alt=\"\" class=\"wp-image-194278\" srcset=\"https:\/\/visionpeninsular.com\/mid\/wp-content\/uploads\/2024\/10\/claudia-4.jpg 300w, https:\/\/visionpeninsular.com\/mid\/wp-content\/uploads\/2024\/10\/claudia-4-207x300.jpg 207w\" sizes=\"(max-width: 300px) 100vw, 300px\" \/><\/figure>\n\n\n\n<p>&nbsp;Durante el evento, el Gobernador de Yucat\u00e1n convivi\u00f3, entre otros, con la Gobernadora de Quintana Roo, Mara Lezama; la Secretaria de Gobernaci\u00f3n, Rosa Icela Rodr\u00edguez; la presidenta de Morena, Luisa Mar\u00eda Alcalde; el Jefe de la Oficina de la Presidencia, L\u00e1zaro C\u00e1rdenas Batel; la Secretaria de Bienestar, Ariadna Montiel Reyes; y el Secretario de Seguridad y Protecci\u00f3n Ciudadana, Omar Garc\u00eda Harfuch.<\/p>\n\n\n\n<figure class=\"wp-block-image size-full\"><img loading=\"lazy\" width=\"500\" height=\"375\" src=\"https:\/\/visionpeninsular.com\/mid\/wp-content\/uploads\/2024\/10\/huacho-3.jpg\" alt=\"\" class=\"wp-image-194284\" srcset=\"https:\/\/visionpeninsular.com\/mid\/wp-content\/uploads\/2024\/10\/huacho-3.jpg 500w, https:\/\/visionpeninsular.com\/mid\/wp-content\/uploads\/2024\/10\/huacho-3-300x225.jpg 300w\" sizes=\"(max-width: 500px) 100vw, 500px\" \/><\/figure>\n\n\n\n<figure class=\"wp-block-image size-full\"><img loading=\"lazy\" width=\"500\" height=\"375\" src=\"https:\/\/visionpeninsular.com\/mid\/wp-content\/uploads\/2024\/10\/huacho-6.jpg\" alt=\"\" class=\"wp-image-194279\" srcset=\"https:\/\/visionpeninsular.com\/mid\/wp-content\/uploads\/2024\/10\/huacho-6.jpg 500w, https:\/\/visionpeninsular.com\/mid\/wp-content\/uploads\/2024\/10\/huacho-6-300x225.jpg 300w\" sizes=\"(max-width: 500px) 100vw, 500px\" \/><\/figure>\n\n\n\n<figure class=\"wp-block-image size-full\"><img loading=\"lazy\" width=\"500\" height=\"375\" src=\"https:\/\/visionpeninsular.com\/mid\/wp-content\/uploads\/2024\/10\/huacho-5.jpg\" alt=\"\" class=\"wp-image-194282\" srcset=\"https:\/\/visionpeninsular.com\/mid\/wp-content\/uploads\/2024\/10\/huacho-5.jpg 500w, https:\/\/visionpeninsular.com\/mid\/wp-content\/uploads\/2024\/10\/huacho-5-300x225.jpg 300w\" sizes=\"(max-width: 500px) 100vw, 500px\" \/><\/figure>\n\n\n\n<p>&nbsp;Por su parte, la Presidenta estuvo acompa\u00f1ada de personalidades como los m\u00e1s de 620 diputados y senadores; as\u00ed como 16 mandatarios, entre ellos el Primer Ministro de Belice, John Brice\u00f1o; los Presidentes Luis Alberto Arce Catacora, de Bolivia; Gabriel Boric, de Chile; Xiomara Castro, de Honduras; Luiz In\u00e1cio Lula Da Silva, de Brasil; Bernardo Ar\u00e9valo, de Guatemala; Luis Abinader, de Rep\u00fablica Dominicana; Gustavo Petro, de Colombia; y la Primera Dama de Los Estados Unidos, Jill Biden.<\/p>\n\n\n\n<figure class=\"wp-block-image size-full\"><img loading=\"lazy\" width=\"500\" height=\"375\" src=\"https:\/\/visionpeninsular.com\/mid\/wp-content\/uploads\/2024\/10\/huacvho-2.jpg\" alt=\"\" class=\"wp-image-194283\" srcset=\"https:\/\/visionpeninsular.com\/mid\/wp-content\/uploads\/2024\/10\/huacvho-2.jpg 500w, https:\/\/visionpeninsular.com\/mid\/wp-content\/uploads\/2024\/10\/huacvho-2-300x225.jpg 300w\" sizes=\"(max-width: 500px) 100vw, 500px\" \/><\/figure>\n\n\n\n<figure class=\"wp-block-image size-full\"><img loading=\"lazy\" width=\"500\" height=\"333\" src=\"https:\/\/visionpeninsular.com\/mid\/wp-content\/uploads\/2024\/10\/huacho-hoy.jpg\" alt=\"\" class=\"wp-image-194280\" srcset=\"https:\/\/visionpeninsular.com\/mid\/wp-content\/uploads\/2024\/10\/huacho-hoy.jpg 500w, https:\/\/visionpeninsular.com\/mid\/wp-content\/uploads\/2024\/10\/huacho-hoy-300x200.jpg 300w, https:\/\/visionpeninsular.com\/mid\/wp-content\/uploads\/2024\/10\/huacho-hoy-310x205.jpg 310w\" sizes=\"(max-width: 500px) 100vw, 500px\" \/><\/figure>\n\n\n\n<figure class=\"wp-block-image size-full\"><img loading=\"lazy\" width=\"500\" height=\"375\" src=\"https:\/\/visionpeninsular.com\/mid\/wp-content\/uploads\/2024\/10\/huacho-4.jpg\" alt=\"\" class=\"wp-image-194281\" srcset=\"https:\/\/visionpeninsular.com\/mid\/wp-content\/uploads\/2024\/10\/huacho-4.jpg 500w, https:\/\/visionpeninsular.com\/mid\/wp-content\/uploads\/2024\/10\/huacho-4-300x225.jpg 300w\" sizes=\"(max-width: 500px) 100vw, 500px\" \/><\/figure>\n\n\n\n<p>&nbsp;Finalmente, Huacho D\u00edaz Mena tambi\u00e9n acompa\u00f1\u00f3 a la Presidenta Claudia Sheinbaum en la Ceremonia Ind\u00edgena de Entrega del Bast\u00f3n de Mando, celebrada en el Z\u00f3calo Capitalino, donde estuvo acompa\u00f1ada por un grupo de mujeres ind\u00edgenas procedentes de 5 diferentes regiones del pa\u00eds y con representantes de 70 pueblos ind\u00edgenas y afromexicanos.<\/p>\n<div class='share-to-whatsapp-wrapper'><div class='share-on-whsp'>Share on: <\/div><a data-text='Acompa\u00f1a D\u00edaz Mena a Claudia Sheinbaum a rendir protesta como Presidenta de M\u00e9xico' data-link='https:\/\/visionpeninsular.com\/mid\/acompana-diaz-mena-a-claudia-sheinbaum-a-rendir-protesta-como-presidenta-de-mexico\/' class='whatsapp-button whatsapp-share'>WhatsApp<\/a><div class='clear '><\/div><\/div>","protected":false},"excerpt":{"rendered":"<p>El Gobernador de Yucat\u00e1n estuvo presente en la ceremonia de toma de posesi\u00f3n y asegur\u00f3 que \u201cYucat\u00e1n y el Renacimiento Maya se ver\u00e1n avanzar fuertemente, porque trabajaremos hombro con hombro a favor de los que menos tienen\u201d. &nbsp;Ciudad de M\u00e9xico, a 1 de octubre de 2024.- El Gobernador de Yucat\u00e1n, Joaqu\u00edn D\u00edaz Mena acompa\u00f1\u00f3 a &hellip;<\/p>\n","protected":false},"author":5,"featured_media":194275,"comment_status":"open","ping_status":"open","sticky":false,"template":"","format":"standard","meta":{"_mi_skip_tracking":false},"categories":[49,37],"tags":[44765,44764],"_links":{"self":[{"href":"https:\/\/visionpeninsular.com\/mid\/wp-json\/wp\/v2\/posts\/194273"}],"collection":[{"href":"https:\/\/visionpeninsular.com\/mid\/wp-json\/wp\/v2\/posts"}],"about":[{"href":"https:\/\/visionpeninsular.com\/mid\/wp-json\/wp\/v2\/types\/post"}],"author":[{"embeddable":true,"href":"https:\/\/visionpeninsular.com\/mid\/wp-json\/wp\/v2\/users\/5"}],"replies":[{"embeddable":true,"href":"https:\/\/visionpeninsular.com\/mid\/wp-json\/wp\/v2\/comments?post=194273"}],"version-history":[{"count":1,"href":"https:\/\/visionpeninsular.com\/mid\/wp-json\/wp\/v2\/posts\/194273\/revisions"}],"predecessor-version":[{"id":194285,"href":"https:\/\/visionpeninsular.com\/mid\/wp-json\/wp\/v2\/posts\/194273\/revisions\/194285"}],"wp:featuredmedia":[{"embeddable":true,"href":"https:\/\/visionpeninsular.com\/mid\/wp-json\/wp\/v2\/media\/194275"}],"wp:attachment":[{"href":"https:\/\/visionpeninsular.com\/mid\/wp-json\/wp\/v2\/media?parent=194273"}],"wp:term":[{"taxonomy":"category","embeddable":true,"href":"https:\/\/visionpeninsular.com\/mid\/wp-json\/wp\/v2\/categories?post=194273"},{"taxonomy":"post_tag","embeddable":true,"href":"https:\/\/visionpeninsular.com\/mid\/wp-json\/wp\/v2\/tags?post=194273"}],"curies":[{"name":"wp","href":"https:\/\/api.w.org\/{rel}","templated":true}]}}