{"id":193953,"date":"2024-09-26T14:05:46","date_gmt":"2024-09-26T19:05:46","guid":{"rendered":"https:\/\/visionpeninsular.com\/mid\/?p=193953"},"modified":"2024-09-26T14:05:48","modified_gmt":"2024-09-26T19:05:48","slug":"iniciaran-operaciones-este-fin-de-semana-nuevas-rutas-como-parte-del-sistema-de-transporte-va-y-ven","status":"publish","type":"post","link":"https:\/\/visionpeninsular.com\/mid\/iniciaran-operaciones-este-fin-de-semana-nuevas-rutas-como-parte-del-sistema-de-transporte-va-y-ven\/","title":{"rendered":"Iniciar\u00e1n operaciones este fin de semana nuevas rutas como parte del Sistema de Transporte Va y Ven"},"content":{"rendered":"\n<ul><li><strong><em>Este viernes 27 se sumar\u00e1n al Sistema Va y Ven las rutas G\u00e1lvez-Villas de Oriente ruta 1 y ruta 2 y la 69 Opich\u00e9n.<\/em><\/strong><\/li><li><strong><em>Tambi\u00e9n, el s\u00e1bado 28 la quinta ruta el\u00e9ctrica del Ie-tram comenzar\u00e1 a brindar servicio con su trayecto Cetram La Plancha-Cetram Um\u00e1n.<\/em><\/strong><\/li><\/ul>\n\n\n\n<p>M\u00e9rida, Yucat\u00e1n, 25 de septiembre de 2024.- Movilidad moderna, \u00e1gil y amigable con el medio ambiente para seguir mejorando el servicio del transporte p\u00fablico con el inicio de operaciones este fin de semana de 3 nuevas rutas que atender\u00e1n el oriente de la capital y la quinta ruta el\u00e9ctrica del Ie-tram como parte del Sistema de Transporte P\u00fablico Va y Ven.<\/p>\n\n\n\n<p>La Agencia de Transporte de Yucat\u00e1n (ATY) inform\u00f3 que este viernes 27 comenzar\u00e1n a funcionar como parte del Va y Ven las rutas Centro-G\u00e1lvez-Villas de Oriente Ruta 1 y Centro-G\u00e1lvez-Villas de Oriente Ruta 2, as\u00ed como la Centro-69-Opich\u00e9n con las que usuarios ahora tendr\u00e1n viajes m\u00e1s c\u00f3modos, \u00e1giles, con mayor n\u00famero de unidades y un horario de lunes a domingo de 5:00 a 23:00 horas.<\/p>\n\n\n\n<p>Se detall\u00f3 que las 30 nuevas unidades que brindar\u00e1n servicio a trav\u00e9s de estas 3 rutas ser\u00e1n h\u00edbridas de la marca Yutong y ser\u00e1n gratuitas la primera semana del 27 de septiembre al 4 de octubre para que las y los usuarios conozcan el recorrido, posteriormente el pago ser\u00e1 electr\u00f3nico y se podr\u00e1 disfrutar de descuentos de transbordos.<\/p>\n\n\n\n<p>La ruta Centro-G\u00e1lvez-Villas de Oriente R1 funcionar\u00e1 a trav\u00e9s de 11 unidades h\u00edbridas y su derrotero contempla puntos de inter\u00e9s como el Mercado Lucas de G\u00e1lvez, la Casa del Pueblo, Unidad de Medicina Familiar No. 56 IMSS, los parques Los Mangos y Los Enamorados, el Instituto de Estudios Superiores \u201cDavid Alfaro Siqueiros\u201d, Parque Cort\u00e9s Sarmiento, Plaza Oriente, Cruz Roja Oriente, Parque Amalia Sol\u00f3rzano, Plaza Diamante, la Escuela Primaria Jos\u00e9 Vasconcelos, el Campo de B\u00e9isbol Fracc. Villas de Oriente, as\u00ed el Cetram Oriente con el que usuarios podr\u00e1n transbordar con otras rutas m\u00e1s sin tener que llegar hasta el Centro.<\/p>\n\n\n\n<p>En un trayecto similar, Centro-G\u00e1lvez-Villas de Oriente R2, recorrer\u00e1 con 11 unidades el Mercado Lucas de G\u00e1lvez, Casa del Pueblo, Unidad de Medicina Familiar No. 56 IMSS, Parque Los Mangos, Parque Los Enamorados, Instituto de Estudios Superiores David Alfaro Siqueiros, Parque Cort\u00e9s Sarmiento, Plaza Oriente, Cruz Roja Oriente,&nbsp; Parque Amalia Sol\u00f3rzano, CETRAM Oriente, Plaza Diamante y la Esc. Primaria Jos\u00e9 Vasconcelos.<\/p>\n\n\n\n<p>Mientras que la Centro-69-Opich\u00e9n entrar\u00e1 en funcionamiento con 8 unidades Yutong h\u00edbridas y usuarios podr\u00e1n utilizarla para acudir al Parque San Juan, ADO Centro Hist\u00f3rico, Parque San Marcial, Escuela Primaria Artemio Alpizar Ruz, Preescolar Miguel Le\u00f3n Portilla, Cementerio Xocl\u00e1n, Reserva Arqueol\u00f3gica Gotas Doradas, Escuela Primaria Nueva Reforma Agraria, Parque Lineal Los Paseos, Parque Tixcacal Opich\u00e9n y Escuela Primaria Irene Duch Gary.<\/p>\n\n\n\n<p>En total, este viernes se integrar\u00e1n al Sistema Va y Ven 30 nuevas unidades Yutong h\u00edbridas equipadas con aire acondicionado, cargadores USB, pantallas, rack para bicicletas. Ser\u00e1n rastreables mediante la app Va-y-ven, as\u00ed como cuentan con accesibilidad universal al ser dise\u00f1ados con espacios exclusivos para personas con discapacidad, de talla baja y adultos mayores, rampas para sillas de ruedas, piso bajo y se\u00f1al\u00e9tica en braille.<\/p>\n\n\n\n<p>En tanto, este s\u00e1bado 28 arrancar\u00e1 la quinta ruta el\u00e9ctrica del Ie-tram \u201cCetram La Plancha &#8211; Cetram Um\u00e1n\u201d con 8 novedosas unidades 100% el\u00e9ctricas. Esta nueva ruta beneficiar\u00e1 a m\u00e1s de 127 mil personas y cuenta con una infraestructura que incluye 4 estaciones, 7 parabuses y 14 kil\u00f3metros de carriles exclusivos para que las y los usuarios lleguen m\u00e1s r\u00e1pido a su destino.<\/p>\n\n\n\n<p>Esta nueva ruta permitir\u00e1 a los vecinos de colonias como Sambul\u00e1 y Mulsay contar con un servicio de transporte digno, adem\u00e1s de movilizar diariamente a miles de estudiantes, trabajadoras y trabajadores. Esta ruta tambi\u00e9n funcionar\u00e1 de forma gratuita durante su primera semana, del s\u00e1bado 28 de septiembre al 5 de octubre.<\/p>\n\n\n\n<p>La Agencia de Transporte de Yucat\u00e1n (ATY) cuenta con la l\u00ednea 072 as\u00ed como el ChatBus v\u00eda mensaje de WhatsApp al 999 2785 368 en el que las y los usuarios pueden reportar cualquier incidencia en el transporte p\u00fablico, solicitar informaci\u00f3n de rutas, paraderos y tr\u00e1mites, as\u00ed como emitir sugerencias; tambi\u00e9n pueden comunicarse al correo <a href=\"mailto:ayuda@transporteyucatan.org.mx\">ayuda@transporteyucatan.org.mx<\/a>.<\/p>\n<div class='share-to-whatsapp-wrapper'><div class='share-on-whsp'>Share on: <\/div><a data-text='Iniciar\u00e1n operaciones este fin de semana nuevas rutas como parte del Sistema de Transporte Va y Ven' data-link='https:\/\/visionpeninsular.com\/mid\/iniciaran-operaciones-este-fin-de-semana-nuevas-rutas-como-parte-del-sistema-de-transporte-va-y-ven\/' class='whatsapp-button whatsapp-share'>WhatsApp<\/a><div class='clear '><\/div><\/div>","protected":false},"excerpt":{"rendered":"<p>Este viernes 27 se sumar\u00e1n al Sistema Va y Ven las rutas G\u00e1lvez-Villas de Oriente ruta 1 y ruta 2 y la 69 Opich\u00e9n.Tambi\u00e9n, el s\u00e1bado 28 la quinta ruta el\u00e9ctrica del Ie-tram comenzar\u00e1 a brindar servicio con su trayecto Cetram La Plancha-Cetram Um\u00e1n. M\u00e9rida, Yucat\u00e1n, 25 de septiembre de 2024.- Movilidad moderna, \u00e1gil y &hellip;<\/p>\n","protected":false},"author":5,"featured_media":193955,"comment_status":"open","ping_status":"open","sticky":false,"template":"","format":"standard","meta":{"_mi_skip_tracking":false},"categories":[49,37],"tags":[39343,185,44665,2886,29369],"_links":{"self":[{"href":"https:\/\/visionpeninsular.com\/mid\/wp-json\/wp\/v2\/posts\/193953"}],"collection":[{"href":"https:\/\/visionpeninsular.com\/mid\/wp-json\/wp\/v2\/posts"}],"about":[{"href":"https:\/\/visionpeninsular.com\/mid\/wp-json\/wp\/v2\/types\/post"}],"author":[{"embeddable":true,"href":"https:\/\/visionpeninsular.com\/mid\/wp-json\/wp\/v2\/users\/5"}],"replies":[{"embeddable":true,"href":"https:\/\/visionpeninsular.com\/mid\/wp-json\/wp\/v2\/comments?post=193953"}],"version-history":[{"count":1,"href":"https:\/\/visionpeninsular.com\/mid\/wp-json\/wp\/v2\/posts\/193953\/revisions"}],"predecessor-version":[{"id":193956,"href":"https:\/\/visionpeninsular.com\/mid\/wp-json\/wp\/v2\/posts\/193953\/revisions\/193956"}],"wp:featuredmedia":[{"embeddable":true,"href":"https:\/\/visionpeninsular.com\/mid\/wp-json\/wp\/v2\/media\/193955"}],"wp:attachment":[{"href":"https:\/\/visionpeninsular.com\/mid\/wp-json\/wp\/v2\/media?parent=193953"}],"wp:term":[{"taxonomy":"category","embeddable":true,"href":"https:\/\/visionpeninsular.com\/mid\/wp-json\/wp\/v2\/categories?post=193953"},{"taxonomy":"post_tag","embeddable":true,"href":"https:\/\/visionpeninsular.com\/mid\/wp-json\/wp\/v2\/tags?post=193953"}],"curies":[{"name":"wp","href":"https:\/\/api.w.org\/{rel}","templated":true}]}}