{"id":19387,"date":"2017-01-03T07:58:29","date_gmt":"2017-01-03T13:58:29","guid":{"rendered":"http:\/\/visionpeninsular.com\/mid\/?p=19387"},"modified":"2017-01-03T07:58:29","modified_gmt":"2017-01-03T13:58:29","slug":"dif-campeche-invita-al-tradicional-festival-la-super-rosca-reyes","status":"publish","type":"post","link":"https:\/\/visionpeninsular.com\/mid\/dif-campeche-invita-al-tradicional-festival-la-super-rosca-reyes\/","title":{"rendered":"DIF Campeche invita al tradicional Festival de la S\u00faper Rosca de Reyes"},"content":{"rendered":"<p>El Sistema Estatal para el Desarrollo Integral de la Familia (DIF), a trav\u00e9s de la Direcci\u00f3n de Desarrollo Familiar y Voluntariado, y en coordinaci\u00f3n con la Secretar\u00eda de Desarrollo Econ\u00f3mico (SEDECO), invita a las familias campechanas a celebrar el d\u00eda de reyes con el tradicional corte de la S\u00faper Rosca de Reyes y Festival, que se llevar\u00e1 a cabo el pr\u00f3ximo 5 de enero a partir de las 18:00 horas, en la Plaza de la Rep\u00fablica.<\/p>\n<p>El evento art\u00edstico-cultural se realizar\u00e1 para fomentar la tradici\u00f3n y los v\u00ednculos familiares, mientras pasan horas de convivencia en el festival, que estar\u00e1 encabezado por el Gobernador Alejandro Moreno C\u00e1rdenas; su esposa, la Presidenta del Patronato del DIF Estatal, Christelle Casta\u00f1\u00f3n de Moreno; adem\u00e1s de la Directora General del DIF, Silvia Elena Parrao Arceo, el Patronato del DIF Estatal, las titulares de los Grupos de Participaci\u00f3n Ciudadana (GPC), los Directores de las diferentes \u00e1reas del DIF, los Reyes Magos, as\u00ed como de las familias que participar\u00e1n disfrutando y degustando un pedazo de rosca de reyes con taza de chocolate que podr\u00e1n adquirir en las diferentes estaciones que se colocar\u00e1n a lo largo de la plaza de Rep\u00fablica (la distribuci\u00f3n de la rosca ser\u00e1 gratuita).<\/p>\n<p>Los Reyes Magos (Melchor, Gaspar y Baltazar) estar\u00e1n ah\u00ed para que las ni\u00f1as y los ni\u00f1os, convivan con ellos y los ayudar\u00e1n a participar en los concursos que organizar\u00e1 el payasito \u201cCrisp\u00edn\u201d y durante el festival; asimismo, se contar\u00e1 con la presentaci\u00f3n de las alumnas del Centro de Desarrollo y Capacitaci\u00f3n (CEDECA) DIF 1, con un bailable \u201cNavidad M\u00e1gica\u201d; del CEDECA 2, con \u201cRockanroleando en Navidad\u201d; la Gala de Navidad del CEDECA 1; el Centro de Desarrollo Comunitario (CDC) \u201cGranjas\u201d presentar\u00e1 el \u201cPopurr\u00ed Navide\u00f1o\u201d.<\/p>\n<p>Adem\u00e1s se contar\u00e1 con la participaci\u00f3n de las academias de baile Cinderella, con \u201cM\u00e1gica Navidad\u201d; Ana Pavlova, con \u201cNavidad M\u00e1gica\u201d; y la academia \u201cExpresiones\u201d con un \u201cSue\u00f1o de Navidad\u201d.<\/p>\n<p>La S\u00faper Rosca Campeche 2017 tendr\u00e1 una longitud de 2.1 kil\u00f3metros. El corte oficial se realizar\u00e1 en la Plaza de la Rep\u00fablica a las 19:00 horas y se extender\u00e1 hacia las calles 8, 55, 14, 57, 10, 61, 14, 63 y 8 del Centro Hist\u00f3rico. Ser\u00e1 elaborada por 30 panader\u00edas campechanas afiliadas a la C\u00e1mara Nacional de la Industria Panificadora (Canainpa).<\/p>\n<div class='share-to-whatsapp-wrapper'><div class='share-on-whsp'>Share on: <\/div><a data-text='DIF Campeche invita al tradicional Festival de la S\u00faper Rosca de Reyes' data-link='https:\/\/visionpeninsular.com\/mid\/dif-campeche-invita-al-tradicional-festival-la-super-rosca-reyes\/' class='whatsapp-button whatsapp-share'>WhatsApp<\/a><div class='clear '><\/div><\/div>","protected":false},"excerpt":{"rendered":"<p>El Sistema Estatal para el Desarrollo Integral de la Familia (DIF), a trav\u00e9s de la Direcci\u00f3n de Desarrollo Familiar y Voluntariado, y en coordinaci\u00f3n con la Secretar\u00eda de Desarrollo Econ\u00f3mico (SEDECO), invita a las familias campechanas a celebrar el d\u00eda de reyes con el tradicional corte de la S\u00faper Rosca de Reyes y Festival, que &hellip;<\/p>\n","protected":false},"author":1,"featured_media":19388,"comment_status":"open","ping_status":"open","sticky":false,"template":"","format":"standard","meta":{"_mi_skip_tracking":false},"categories":[46],"tags":[4693,675],"_links":{"self":[{"href":"https:\/\/visionpeninsular.com\/mid\/wp-json\/wp\/v2\/posts\/19387"}],"collection":[{"href":"https:\/\/visionpeninsular.com\/mid\/wp-json\/wp\/v2\/posts"}],"about":[{"href":"https:\/\/visionpeninsular.com\/mid\/wp-json\/wp\/v2\/types\/post"}],"author":[{"embeddable":true,"href":"https:\/\/visionpeninsular.com\/mid\/wp-json\/wp\/v2\/users\/1"}],"replies":[{"embeddable":true,"href":"https:\/\/visionpeninsular.com\/mid\/wp-json\/wp\/v2\/comments?post=19387"}],"version-history":[{"count":1,"href":"https:\/\/visionpeninsular.com\/mid\/wp-json\/wp\/v2\/posts\/19387\/revisions"}],"predecessor-version":[{"id":19389,"href":"https:\/\/visionpeninsular.com\/mid\/wp-json\/wp\/v2\/posts\/19387\/revisions\/19389"}],"wp:featuredmedia":[{"embeddable":true,"href":"https:\/\/visionpeninsular.com\/mid\/wp-json\/wp\/v2\/media\/19388"}],"wp:attachment":[{"href":"https:\/\/visionpeninsular.com\/mid\/wp-json\/wp\/v2\/media?parent=19387"}],"wp:term":[{"taxonomy":"category","embeddable":true,"href":"https:\/\/visionpeninsular.com\/mid\/wp-json\/wp\/v2\/categories?post=19387"},{"taxonomy":"post_tag","embeddable":true,"href":"https:\/\/visionpeninsular.com\/mid\/wp-json\/wp\/v2\/tags?post=19387"}],"curies":[{"name":"wp","href":"https:\/\/api.w.org\/{rel}","templated":true}]}}