{"id":193826,"date":"2024-09-23T13:21:32","date_gmt":"2024-09-23T18:21:32","guid":{"rendered":"https:\/\/visionpeninsular.com\/mid\/?p=193826"},"modified":"2024-09-23T13:21:34","modified_gmt":"2024-09-23T18:21:34","slug":"el-sistema-de-transporte-publico-va-y-ven-ya-atiende-a-mas-de-medio-millon-de-usuarios-diariamente","status":"publish","type":"post","link":"https:\/\/visionpeninsular.com\/mid\/el-sistema-de-transporte-publico-va-y-ven-ya-atiende-a-mas-de-medio-millon-de-usuarios-diariamente\/","title":{"rendered":"El Sistema de Transporte P\u00fablico \u201cVa y Ven\u201d ya atiende a m\u00e1s de medio mill\u00f3n de usuarios diariamente"},"content":{"rendered":"\n<ul><li><strong><em>A casi 3 a\u00f1os de su implementaci\u00f3n, la movilidad contin\u00faa transform\u00e1ndose en el estado con un servicio a la altura de lo que merecen los yucatecos.<\/em><\/strong><\/li><li><strong><em>El incremento de unidades y cobertura en este servicio ha generado que cada vez m\u00e1s yucatecos se suban al Va y Ven.<\/em><\/strong><\/li><\/ul>\n\n\n\n<p>M\u00e9rida, Yucat\u00e1n, 22 de septiembre de 2024.- La movilidad se ha transformado en Yucat\u00e1n para ofrecer traslados m\u00e1s c\u00f3modos y eficientes mediante el incremento en el n\u00famero de unidades y cobertura del Sistema de Transporte Va y Ven, por lo que cada vez son m\u00e1s los yucatecos que utilizan este medio para llegar a sus destinos y muestra de ello es que el sistema ya alcanz\u00f3 la cifra de m\u00e1s de medio mill\u00f3n de usuarios que viajan a diario en los modernos autobuses.<\/p>\n\n\n\n<p>&nbsp;La Agencia de Transporte de Yucat\u00e1n (ATY) inform\u00f3 que, a casi 3 a\u00f1os de la llegada del Sistema Va y Ven, se ha incrementado el n\u00famero de unidades al pasar de 750 en el a\u00f1o 2021 a m\u00e1s de 900 en total que circulan actualmente en la ciudad de M\u00e9rida y sus comisar\u00edas, llegando a lugares donde antes no exist\u00eda este servicio haciendo que aumente la confianza de las personas hacia el servicio para pasar de 380 mil a m\u00e1s de 500 mil personas en promedio que todos los d\u00edas se suben al Va y Ven. Adem\u00e1s de que las y los usuarios se sienten m\u00e1s confiados y seguros de su transporte p\u00fablico al garantizar su horario de 5:00 am a 11:00 pm.<\/p>\n\n\n\n<p>&nbsp;Fue en noviembre del 2021 cuando el Sistema Va y Ven inici\u00f3 la transformaci\u00f3n del transporte p\u00fablico con su primera Ruta Perif\u00e9rico atendiendo una demanda hist\u00f3rica de la poblaci\u00f3n y que hoy es una de la que m\u00e1s usuarios atiende diariamente.<\/p>\n\n\n\n<p>&nbsp;Jorge Moo Pech es uno de los usuarios que com\u00fanmente utiliza el Sistema Va y Ven para hacer diligencias al centro, resaltando la seguridad, comodidad e inclusi\u00f3n de las unidades.<\/p>\n\n\n\n<p>\u201cEstoy encantado, viajo m\u00e1s c\u00f3modo, me parece maravilloso que tenga \u00e1reas para personas adultas mayores como yo o para personas con discapacidad, adem\u00e1s no tarda en pasar y en 20 minutos ya llegu\u00e9 a mi destino\u201d, indic\u00f3 el abuelito.<\/p>\n\n\n\n<p>&nbsp;Otra de las usuarias beneficiadas con estos cambios en el transporte p\u00fablico es Viviana Ortiz, quien diariamente utiliza el Va y Ven para ir a su trabajo y regresar a casa, aprovechando la comodidad y las unidades con aire acondicionado.<\/p>\n\n\n\n<p>&nbsp;\u201cLo recomiendo ampliamente, son bastante c\u00f3modos y sobretodo f\u00e1cil de utilizar ya que con la app (aplicaci\u00f3n) puedo monitorear el autob\u00fas y saber si ya est\u00e1 en camino y no esperar por horas\u201d, coment\u00f3.<\/p>\n\n\n\n<p>&nbsp;Una de las ventajas de este nuevo sistema de transporte es el de los transbordos y viajes gratis, as\u00ed lo resalt\u00f3 Valeria Ayora, estudiante de preparatoria que ahora tiene un ahorro econ\u00f3mico en sus traslados con el pago electr\u00f3nico.<\/p>\n\n\n\n<p>&nbsp;\u201cLa verdad si te ahorras un buen dinero con los transbordos, yo lo utilizo para moverme de la escuela a mis diferentes destinos y me resulta bastante accesible\u201d, asegur\u00f3 la estudiante.<\/p>\n\n\n\n<p>&nbsp;Cabe se\u00f1alar que, se ha logrado una cifra hist\u00f3rica en la credencializaci\u00f3n de tarifa social, entreg\u00e1ndose m\u00e1s de 261 mil en total para estudiantes, personas con discapacidad y personas adultas mayores, la cual por primera vez es v\u00e1lida durante todo el a\u00f1o.<\/p>\n\n\n\n<p>&nbsp;Como parte de esta innovaci\u00f3n, Yucat\u00e1n cuenta con el Ie-tram, el primer transporte p\u00fablico 100% el\u00e9ctrico en el Sureste y que muy pronto contar\u00e1 con un total de 5 rutas conectando a M\u00e9rida con Kanas\u00edn y Um\u00e1n.<\/p>\n\n\n\n<p>&nbsp;Adem\u00e1s, la formaci\u00f3n y capacitaci\u00f3n de las y los operadores es de primer nivel con el Centro de Capacitaci\u00f3n e incorporando la primera generaci\u00f3n de operadoras con el programa \u201cMujeres al Volante\u201d.<\/p>\n\n\n\n<p>&nbsp;A lo largo de este tiempo, tambi\u00e9n se han puesto en marcha innovadoras rutas como la de Aeropuerto, la cual conecta las zonas tur\u00edsticas de M\u00e9rida con la terminal de autobuses y el Aeropuerto Internacional de la Ciudad.<\/p>\n\n\n\n<p>&nbsp;As\u00ed como la Ruta Espect\u00e1culos con la que se puede llegar de forma segura a los conciertos y eventos realizados en el Foro GNP.Hoy en d\u00eda tambi\u00e9n se cuenta con las Rutas Nocturnas, que, hoy, es un medio de transporte seguro, eficiente y que genera un ahorro econ\u00f3mico sobre todo para los trabajadores.<\/p>\n\n\n\n<p>&nbsp;Yucat\u00e1n es el \u00fanico estado con transporte p\u00fablico incluyente y gratuito para personas con discapacidad. Adem\u00e1s de que se ha logrado implementar el pago electr\u00f3nico haciendo los ascensos m\u00e1s seguros y r\u00e1pidos, y las unidades tambi\u00e9n cuentan con Wifi gratis, rack para bicicletas, accesibilidad universal y se\u00f1al\u00e9tica en braille.<\/p>\n<div class='share-to-whatsapp-wrapper'><div class='share-on-whsp'>Share on: <\/div><a data-text='El Sistema de Transporte P\u00fablico \u201cVa y Ven\u201d ya atiende a m\u00e1s de medio mill\u00f3n de usuarios diariamente' data-link='https:\/\/visionpeninsular.com\/mid\/el-sistema-de-transporte-publico-va-y-ven-ya-atiende-a-mas-de-medio-millon-de-usuarios-diariamente\/' class='whatsapp-button whatsapp-share'>WhatsApp<\/a><div class='clear '><\/div><\/div>","protected":false},"excerpt":{"rendered":"<p>A casi 3 a\u00f1os de su implementaci\u00f3n, la movilidad contin\u00faa transform\u00e1ndose en el estado con un servicio a la altura de lo que merecen los yucatecos.El incremento de unidades y cobertura en este servicio ha generado que cada vez m\u00e1s yucatecos se suban al Va y Ven. M\u00e9rida, Yucat\u00e1n, 22 de septiembre de 2024.- La &hellip;<\/p>\n","protected":false},"author":5,"featured_media":193828,"comment_status":"open","ping_status":"open","sticky":false,"template":"","format":"standard","meta":{"_mi_skip_tracking":false},"categories":[49,37],"tags":[39343,44602,44604,44603,43226],"_links":{"self":[{"href":"https:\/\/visionpeninsular.com\/mid\/wp-json\/wp\/v2\/posts\/193826"}],"collection":[{"href":"https:\/\/visionpeninsular.com\/mid\/wp-json\/wp\/v2\/posts"}],"about":[{"href":"https:\/\/visionpeninsular.com\/mid\/wp-json\/wp\/v2\/types\/post"}],"author":[{"embeddable":true,"href":"https:\/\/visionpeninsular.com\/mid\/wp-json\/wp\/v2\/users\/5"}],"replies":[{"embeddable":true,"href":"https:\/\/visionpeninsular.com\/mid\/wp-json\/wp\/v2\/comments?post=193826"}],"version-history":[{"count":1,"href":"https:\/\/visionpeninsular.com\/mid\/wp-json\/wp\/v2\/posts\/193826\/revisions"}],"predecessor-version":[{"id":193829,"href":"https:\/\/visionpeninsular.com\/mid\/wp-json\/wp\/v2\/posts\/193826\/revisions\/193829"}],"wp:featuredmedia":[{"embeddable":true,"href":"https:\/\/visionpeninsular.com\/mid\/wp-json\/wp\/v2\/media\/193828"}],"wp:attachment":[{"href":"https:\/\/visionpeninsular.com\/mid\/wp-json\/wp\/v2\/media?parent=193826"}],"wp:term":[{"taxonomy":"category","embeddable":true,"href":"https:\/\/visionpeninsular.com\/mid\/wp-json\/wp\/v2\/categories?post=193826"},{"taxonomy":"post_tag","embeddable":true,"href":"https:\/\/visionpeninsular.com\/mid\/wp-json\/wp\/v2\/tags?post=193826"}],"curies":[{"name":"wp","href":"https:\/\/api.w.org\/{rel}","templated":true}]}}