{"id":193794,"date":"2024-09-21T21:48:06","date_gmt":"2024-09-22T02:48:06","guid":{"rendered":"https:\/\/visionpeninsular.com\/mid\/?p=193794"},"modified":"2024-09-21T21:48:17","modified_gmt":"2024-09-22T02:48:17","slug":"urge-legislar-sobre-la-prevencion-del-suicidio","status":"publish","type":"post","link":"https:\/\/visionpeninsular.com\/mid\/urge-legislar-sobre-la-prevencion-del-suicidio\/","title":{"rendered":"Urge legislar sobre la prevenci\u00f3n del suicidio"},"content":{"rendered":"\n<h2 class=\"has-text-align-center\">\u2022La Asociaci\u00f3n Yucateca de Suicidolog\u00eda buscar\u00e1 que la prevenci\u00f3n del suicidio sea una prioridad para las autoridades municipales y estatales<\/h2>\n\n\n\n<p>M\u00e9rida, Yucat\u00e1n, a 21 de septiembre de 2024.\u2013 La Asociaci\u00f3n Yucateca de Suicidolog\u00eda buscar\u00e1 un acercamiento con las nuevas autoridades municipales y estatales para que incluyan la prevenci\u00f3n del suicidio en las pol\u00edticas p\u00fablicas de salud y se legisle en el tema, dio a conocer la presidenta de dicha organizaci\u00f3n, Vanessa Sierra.<\/p>\n\n\n\n<p>La psic\u00f3loga mencion\u00f3 que es necesario que en la entidad de legisle una ley de prevenci\u00f3n al suicidio, pues de acuerdo con datos del Inegi, en 2023, Yucat\u00e1n ocup\u00f3 el segundo lugar nacional de fallecimientos por suicidio.<\/p>\n\n\n\n<p>&nbsp;\u201cLamentablemente, en las campa\u00f1as electorales que vivimos, no se vieron como propuestas de iniciativas de ley y aunque hay algunos esfuerzos de llevar la reforma de salud mental al Congreso federal y estatal, no est\u00e1 contemplada la prevenci\u00f3n del suicidio en nuestras leyes en Yucat\u00e1n, esto no se trabaja\u201d, se\u00f1al\u00f3 la entrevistada en el marco del Primer Encuentro Estatal para la Prevenci\u00f3n del Suicidio.<\/p>\n\n\n\n<p>Vanesa Sierra coment\u00f3 que el encuentro tuvo por prop\u00f3sito compartir tres ponencias de la prevenci\u00f3n del suicidio en Yucat\u00e1n desde tres aspectos: psicol\u00f3gico, pol\u00edtico y psicosocial. Adem\u00e1s, es imperante la promoci\u00f3n de la salud mental para prevenir el suicidio y a la vez, la sensibilizaci\u00f3n del tema.<\/p>\n\n\n\n<p>\u201cMientras no consideremos la idea de que el suicidio es algo que nos puede pasar dentro de la familia, que nosotros podemos estar en riesgo de suicida, que no es algo que le pasa a alguien m\u00e1s, pues vamos a tener ese estigma\u201d, se\u00f1al\u00f3.<\/p>\n\n\n\n<p>\u201cVamos a tener ese factor de riesgo que nos va a impedir ver se\u00f1ales de alerta si en alg\u00fan momento alguna de nuestros conocidos, amistades, familiares, llega a presentarlo\u201d, a\u00f1adi\u00f3.<\/p>\n\n\n\n<p>La experta se\u00f1al\u00f3 que es necesario cambiar del suicidio para desestigmatizarlo y tener esa disponibilidad para ver las se\u00f1ales de alerta. \u201cEl suicidio se puede prevenir, pero si sabemos las se\u00f1ales de alarma y podemos considerar esto de que puede estar cerca de nosotros\u201d, coment\u00f3.<\/p>\n\n\n\n<p>Es necesario que se hable de prevenir el suicidio en las familias, en las escuelas y no hacerlo hasta que pase una situaci\u00f3n, un intento de suicida o una muerte por suicidio en el c\u00edrculo cercano, insisti\u00f3.<\/p>\n\n\n\n<p>Entre las actividades del Encuentro Estatal para la Prevenci\u00f3n al Suicidio, realizado hoy s\u00e1bado en el Centro Cultural M\u00e9rida Olimpo, se present\u00f3 la ponencia \u201cLa presencia del suicidio desde el enfoque de las pol\u00edticas p\u00fablicas\u201d, a cargo de Alfredo Rodr\u00edguez.<\/p>\n\n\n\n<div class=\"wp-block-image\"><figure class=\"aligncenter size-large\"><img loading=\"lazy\" width=\"1024\" height=\"768\" src=\"https:\/\/visionpeninsular.com\/mid\/wp-content\/uploads\/2024\/09\/WhatsApp-Image-2024-09-21-at-8.00.45-PM-1024x768.jpeg\" alt=\"\" class=\"wp-image-193796\" srcset=\"https:\/\/visionpeninsular.com\/mid\/wp-content\/uploads\/2024\/09\/WhatsApp-Image-2024-09-21-at-8.00.45-PM-1024x768.jpeg 1024w, https:\/\/visionpeninsular.com\/mid\/wp-content\/uploads\/2024\/09\/WhatsApp-Image-2024-09-21-at-8.00.45-PM-300x225.jpeg 300w, https:\/\/visionpeninsular.com\/mid\/wp-content\/uploads\/2024\/09\/WhatsApp-Image-2024-09-21-at-8.00.45-PM-768x576.jpeg 768w, https:\/\/visionpeninsular.com\/mid\/wp-content\/uploads\/2024\/09\/WhatsApp-Image-2024-09-21-at-8.00.45-PM.jpeg 1080w\" sizes=\"(max-width: 1024px) 100vw, 1024px\" \/><figcaption>Encuentro Estatal para la Prevenci\u00f3n al Suicidio, realizado hoy s\u00e1bado en la video sala del Centro Cultural M\u00e9rida Olimpo. FOTOGRAF\u00cdA: Cortes\u00eda<\/figcaption><\/figure><\/div>\n<div class='share-to-whatsapp-wrapper'><div class='share-on-whsp'>Share on: <\/div><a data-text='Urge legislar sobre la prevenci\u00f3n del suicidio' data-link='https:\/\/visionpeninsular.com\/mid\/urge-legislar-sobre-la-prevencion-del-suicidio\/' class='whatsapp-button whatsapp-share'>WhatsApp<\/a><div class='clear '><\/div><\/div>","protected":false},"excerpt":{"rendered":"<p>\u2022La Asociaci\u00f3n Yucateca de Suicidolog\u00eda buscar\u00e1 que la prevenci\u00f3n del suicidio sea una prioridad para las autoridades municipales y estatales M\u00e9rida, Yucat\u00e1n, a 21 de septiembre de 2024.\u2013 La Asociaci\u00f3n Yucateca de Suicidolog\u00eda buscar\u00e1 un acercamiento con las nuevas autoridades municipales y estatales para que incluyan la prevenci\u00f3n del suicidio en las pol\u00edticas p\u00fablicas de &hellip;<\/p>\n","protected":false},"author":11,"featured_media":193796,"comment_status":"open","ping_status":"open","sticky":false,"template":"","format":"standard","meta":{"_mi_skip_tracking":false},"categories":[49,37],"tags":[44596,13607,2428,227],"_links":{"self":[{"href":"https:\/\/visionpeninsular.com\/mid\/wp-json\/wp\/v2\/posts\/193794"}],"collection":[{"href":"https:\/\/visionpeninsular.com\/mid\/wp-json\/wp\/v2\/posts"}],"about":[{"href":"https:\/\/visionpeninsular.com\/mid\/wp-json\/wp\/v2\/types\/post"}],"author":[{"embeddable":true,"href":"https:\/\/visionpeninsular.com\/mid\/wp-json\/wp\/v2\/users\/11"}],"replies":[{"embeddable":true,"href":"https:\/\/visionpeninsular.com\/mid\/wp-json\/wp\/v2\/comments?post=193794"}],"version-history":[{"count":1,"href":"https:\/\/visionpeninsular.com\/mid\/wp-json\/wp\/v2\/posts\/193794\/revisions"}],"predecessor-version":[{"id":193797,"href":"https:\/\/visionpeninsular.com\/mid\/wp-json\/wp\/v2\/posts\/193794\/revisions\/193797"}],"wp:featuredmedia":[{"embeddable":true,"href":"https:\/\/visionpeninsular.com\/mid\/wp-json\/wp\/v2\/media\/193796"}],"wp:attachment":[{"href":"https:\/\/visionpeninsular.com\/mid\/wp-json\/wp\/v2\/media?parent=193794"}],"wp:term":[{"taxonomy":"category","embeddable":true,"href":"https:\/\/visionpeninsular.com\/mid\/wp-json\/wp\/v2\/categories?post=193794"},{"taxonomy":"post_tag","embeddable":true,"href":"https:\/\/visionpeninsular.com\/mid\/wp-json\/wp\/v2\/tags?post=193794"}],"curies":[{"name":"wp","href":"https:\/\/api.w.org\/{rel}","templated":true}]}}