{"id":193640,"date":"2024-09-19T00:13:33","date_gmt":"2024-09-19T05:13:33","guid":{"rendered":"https:\/\/visionpeninsular.com\/mid\/?p=193640"},"modified":"2024-09-19T00:13:35","modified_gmt":"2024-09-19T05:13:35","slug":"el-congreso-de-yucatan-aprobo-por-unanimidad-el-bando-solemne-para-joaquin-diaz-mena","status":"publish","type":"post","link":"https:\/\/visionpeninsular.com\/mid\/el-congreso-de-yucatan-aprobo-por-unanimidad-el-bando-solemne-para-joaquin-diaz-mena\/","title":{"rendered":"El Congreso de Yucat\u00e1n aprob\u00f3 por unanimidad el Bando Solemne para Joaqu\u00edn D\u00edaz Mena"},"content":{"rendered":"\n<h2 class=\"has-text-align-center\">\u2022 El gobernador electo de Yucat\u00e1n rendir\u00e1 protesta durante las primeras horas del 1 de octubre en Sesi\u00f3n Solemne que ser\u00e1 en la plaza grande<\/h2>\n\n\n\n<p>M\u00e9rida, Yucat\u00e1n, a 18 de septiembre de 2024.\u2013 En sesi\u00f3n ordinaria, los diputados y las diputadas aprobaron por unanimidad el decreto del Bando Solemne que declara gobernador constitucional de Yucat\u00e1n a Joaqu\u00edn D\u00edaz Mena, quien rendir\u00e1 protesta los primeros minutos del 1 de octubre en sesi\u00f3n solemne del Congreso del Estado en la plaza grande.<\/p>\n\n\n\n<p>Al leer el bando solemne, el diputado Francisco Rosas Villavicencio se\u00f1al\u00f3 que el Tribunal Electoral del Estado de Yucat\u00e1n, a trav\u00e9s de su oficio, identificado con el n\u00famero ACT-568-2024, de fecha 6 de septiembre del a\u00f1o en curso, notific\u00f3 al Congreso del Estado de la declaraci\u00f3n de validez de la elecci\u00f3n y de gobernador electo y no se present\u00f3 ning\u00fan recurso o medio de impugnaci\u00f3n contra el c\u00f3mputo estatal de gobernador.<\/p>\n\n\n\n<p>En la elecci\u00f3n del gobernador resalt\u00f3 el n\u00famero de votos obtenidos por cada uno de las cuatro candidaturas, los cuales suman la cantidad de 1 mill\u00f3n 222 mil 593 sufragios, lo cual representa el 70% de participaci\u00f3n ciudadana en la elecci\u00f3n, ley\u00f3 el &nbsp;tambi\u00e9n secretario de la Mesa Directiva.<\/p>\n\n\n\n<p>Como parte del orden del d\u00eda, tambi\u00e9n se aprob\u00f3 por unanimidad emitir la convocatoria para las elecciones extraordinarias para la integraci\u00f3n de los ayuntamientos de Chichimil\u00e1 e Izamal, que se realizar\u00e1n el 24 de noviembre. Los representantes electos asumir\u00e1n sus funciones el 1 de enero de 2025.<\/p>\n\n\n\n<p>El diputado morenista Alejandro Cuevas Mena exhort\u00f3: \u201cSeamos, nosotros, promotores de elecciones limpias, transparentes, bien organizadas y que sea una verdadera fiesta democr\u00e1tica para todos los amigos de Izamal y Chichimil\u00e1 y que los ganadores sean las y los habitantes de estos dos municipios\u201d.<\/p>\n\n\n\n<figure class=\"wp-block-image size-large\"><img loading=\"lazy\" width=\"1024\" height=\"681\" src=\"https:\/\/visionpeninsular.com\/mid\/wp-content\/uploads\/2024\/09\/WhatsApp-Image-2024-09-18-at-11.07.35-PM-1024x681.jpeg\" alt=\"\" class=\"wp-image-193642\" srcset=\"https:\/\/visionpeninsular.com\/mid\/wp-content\/uploads\/2024\/09\/WhatsApp-Image-2024-09-18-at-11.07.35-PM-1024x681.jpeg 1024w, https:\/\/visionpeninsular.com\/mid\/wp-content\/uploads\/2024\/09\/WhatsApp-Image-2024-09-18-at-11.07.35-PM-300x199.jpeg 300w, https:\/\/visionpeninsular.com\/mid\/wp-content\/uploads\/2024\/09\/WhatsApp-Image-2024-09-18-at-11.07.35-PM-768x511.jpeg 768w, https:\/\/visionpeninsular.com\/mid\/wp-content\/uploads\/2024\/09\/WhatsApp-Image-2024-09-18-at-11.07.35-PM-310x205.jpeg 310w, https:\/\/visionpeninsular.com\/mid\/wp-content\/uploads\/2024\/09\/WhatsApp-Image-2024-09-18-at-11.07.35-PM.jpeg 1280w\" sizes=\"(max-width: 1024px) 100vw, 1024px\" \/><figcaption>Congreso del Estado aprob\u00f3 por unanimidad el Bando Solemne para el gobernador Joaqu\u00edn D\u00edaz Mena. FOTOGRAF\u00cdA: Cortes\u00eda<\/figcaption><\/figure>\n<div class='share-to-whatsapp-wrapper'><div class='share-on-whsp'>Share on: <\/div><a data-text='El Congreso de Yucat\u00e1n aprob\u00f3 por unanimidad el Bando Solemne para Joaqu\u00edn D\u00edaz Mena' data-link='https:\/\/visionpeninsular.com\/mid\/el-congreso-de-yucatan-aprobo-por-unanimidad-el-bando-solemne-para-joaquin-diaz-mena\/' class='whatsapp-button whatsapp-share'>WhatsApp<\/a><div class='clear '><\/div><\/div>","protected":false},"excerpt":{"rendered":"<p>\u2022 El gobernador electo de Yucat\u00e1n rendir\u00e1 protesta durante las primeras horas del 1 de octubre en Sesi\u00f3n Solemne que ser\u00e1 en la plaza grande M\u00e9rida, Yucat\u00e1n, a 18 de septiembre de 2024.\u2013 En sesi\u00f3n ordinaria, los diputados y las diputadas aprobaron por unanimidad el decreto del Bando Solemne que declara gobernador constitucional de Yucat\u00e1n &hellip;<\/p>\n","protected":false},"author":11,"featured_media":193642,"comment_status":"open","ping_status":"open","sticky":false,"template":"","format":"standard","meta":{"_mi_skip_tracking":false},"categories":[49,37],"tags":[6535,44196,33667,39872],"_links":{"self":[{"href":"https:\/\/visionpeninsular.com\/mid\/wp-json\/wp\/v2\/posts\/193640"}],"collection":[{"href":"https:\/\/visionpeninsular.com\/mid\/wp-json\/wp\/v2\/posts"}],"about":[{"href":"https:\/\/visionpeninsular.com\/mid\/wp-json\/wp\/v2\/types\/post"}],"author":[{"embeddable":true,"href":"https:\/\/visionpeninsular.com\/mid\/wp-json\/wp\/v2\/users\/11"}],"replies":[{"embeddable":true,"href":"https:\/\/visionpeninsular.com\/mid\/wp-json\/wp\/v2\/comments?post=193640"}],"version-history":[{"count":1,"href":"https:\/\/visionpeninsular.com\/mid\/wp-json\/wp\/v2\/posts\/193640\/revisions"}],"predecessor-version":[{"id":193643,"href":"https:\/\/visionpeninsular.com\/mid\/wp-json\/wp\/v2\/posts\/193640\/revisions\/193643"}],"wp:featuredmedia":[{"embeddable":true,"href":"https:\/\/visionpeninsular.com\/mid\/wp-json\/wp\/v2\/media\/193642"}],"wp:attachment":[{"href":"https:\/\/visionpeninsular.com\/mid\/wp-json\/wp\/v2\/media?parent=193640"}],"wp:term":[{"taxonomy":"category","embeddable":true,"href":"https:\/\/visionpeninsular.com\/mid\/wp-json\/wp\/v2\/categories?post=193640"},{"taxonomy":"post_tag","embeddable":true,"href":"https:\/\/visionpeninsular.com\/mid\/wp-json\/wp\/v2\/tags?post=193640"}],"curies":[{"name":"wp","href":"https:\/\/api.w.org\/{rel}","templated":true}]}}