{"id":193617,"date":"2024-09-18T17:04:09","date_gmt":"2024-09-18T22:04:09","guid":{"rendered":"https:\/\/visionpeninsular.com\/mid\/?p=193617"},"modified":"2024-09-18T17:04:11","modified_gmt":"2024-09-18T22:04:11","slug":"universidades-de-yucatan-se-unen-a-la-prevencion-de-la-depresion-en-los-estudiantes","status":"publish","type":"post","link":"https:\/\/visionpeninsular.com\/mid\/universidades-de-yucatan-se-unen-a-la-prevencion-de-la-depresion-en-los-estudiantes\/","title":{"rendered":"Universidades de Yucat\u00e1n se unen a la prevenci\u00f3n de la depresi\u00f3n en los estudiantes"},"content":{"rendered":"\n<p>La Asociaci\u00f3n de la Salud Mental en Yucat\u00e1n (ASMY) firm\u00f3 con los institutos tecnol\u00f3gicos de M\u00e9rida y Conkal, la Universidad del Sur y el Centro de Estudios Superiores un convenio de colaboraci\u00f3n para la prevenci\u00f3n de la ansiedad o depresi\u00f3n en los estudiantes.<\/p>\n\n\n\n<p>Los docentes recibir\u00e1n capacitaci\u00f3n e informaci\u00f3n en temas relacionados con la salud mental para que cuando detecten alg\u00fan s\u00edntoma de ansiedad o depresi\u00f3n en los estudiantes sean el primer contacto para orientarlos y brindarles ese apoyo.<\/p>\n\n\n\n<p>La intenci\u00f3n de ASMY es trabajar con las instituciones educativas que puedan redundar en acciones enfocadas a mejorar la calidad de vida de la comunidad estudiantil, as\u00ed como profesores y personal administrativo.<\/p>\n\n\n\n<p>Aar\u00f3n Palomo Eu\u00e1n, presidente de la ASMY, se\u00f1al\u00f3 que los tecnol\u00f3gicos y las universidades debe tomar un papel proactivo en la promoci\u00f3n del bienestar mental entre los estudiantes. \u201cCuidar la salud mental no es una responsabilidad individual, sino es una oportunidad de cuidar entre unos y otros. Fomentar una cultura de empat\u00eda\u201d, dijo.<\/p>\n\n\n\n<p>La salud mental ya no debe verse como un estigma, sino como parte esencial de nuestra vida, mencion\u00f3.&nbsp; \u201cEs fundamental que como sociedad reconozcamos que podemos pasar por un periodo de estr\u00e9s, ansiedad, depresi\u00f3n e incertidumbre. Esto no nos hace d\u00e9biles ni incapaces, nos hace humanos\u201d, coment\u00f3.<\/p>\n\n\n\n<p>\u201cEs importante cuidar de nosotros mismos\u201d, advirti\u00f3. \u201cEl autocuidado no es una soluci\u00f3n moment\u00e1nea, no se trata de tomarse un d\u00eda libre o un momento, sino establecer h\u00e1bitos saludables que fomenten un equilibrio en el trabajo y en el descanso, entre las responsabilidades acad\u00e9micas y las relaciones sociales\u201d.<\/p>\n\n\n\n<p><strong>Las drogas no son opci\u00f3n<\/strong><\/p>\n\n\n\n<p>En su intervenci\u00f3n, el rector del ITM, Jos\u00e9 Antonio Canto Esquivel, exhort\u00f3 a los estudiantes a mantenerse lo m\u00e1s alejados de las drogas.&nbsp; \u201cNo son opci\u00f3n, ni siquiera a probarlas porque destruyen f\u00e1cilmente\u201d, insisti\u00f3.<\/p>\n\n\n\n<p>El acuerdo de colaboraci\u00f3n tiene por objetivo que las instituciones de educaci\u00f3n superior tengan una estrategia en atenci\u00f3n psicol\u00f3gica, manejo de las enfermedades mentales y prevenci\u00f3n del suicidio, ansiedad y depresi\u00f3n en los universitarios, abund\u00f3.<\/p>\n\n\n\n<p>Durante la presentaci\u00f3n del convenio, se inform\u00f3 que, en 2022, Yucat\u00e1n registr\u00f3 372 suicidios lo que lo posicion\u00f3 en las primeras posiciones a nivel nacional, porque quienes presentaron un problema de salud mental no recibieron atenci\u00f3n por el estigma y falta de recursos.<\/p>\n\n\n\n<p>La diputada local Naomi Peniche L\u00f3pez, quien estuvo de invitada en el pres\u00eddium, recibi\u00f3 una propuesta de ley en materia de salud mental de parte de mesas de trabajo de ASMY. La congresista se comprometi\u00f3 a ser la voz en la Tribuna, pues quiere un Yucat\u00e1n con vida.<\/p>\n<div class='share-to-whatsapp-wrapper'><div class='share-on-whsp'>Share on: <\/div><a data-text='Universidades de Yucat\u00e1n se unen a la prevenci\u00f3n de la depresi\u00f3n en los estudiantes' data-link='https:\/\/visionpeninsular.com\/mid\/universidades-de-yucatan-se-unen-a-la-prevencion-de-la-depresion-en-los-estudiantes\/' class='whatsapp-button whatsapp-share'>WhatsApp<\/a><div class='clear '><\/div><\/div>","protected":false},"excerpt":{"rendered":"<p>La Asociaci\u00f3n de la Salud Mental en Yucat\u00e1n (ASMY) firm\u00f3 con los institutos tecnol\u00f3gicos de M\u00e9rida y Conkal, la Universidad del Sur y el Centro de Estudios Superiores un convenio de colaboraci\u00f3n para la prevenci\u00f3n de la ansiedad o depresi\u00f3n en los estudiantes. Los docentes recibir\u00e1n capacitaci\u00f3n e informaci\u00f3n en temas relacionados con la salud &hellip;<\/p>\n","protected":false},"author":5,"featured_media":193619,"comment_status":"open","ping_status":"open","sticky":false,"template":"","format":"standard","meta":{"_mi_skip_tracking":false},"categories":[49,37],"tags":[44512,44510,44511,44513],"_links":{"self":[{"href":"https:\/\/visionpeninsular.com\/mid\/wp-json\/wp\/v2\/posts\/193617"}],"collection":[{"href":"https:\/\/visionpeninsular.com\/mid\/wp-json\/wp\/v2\/posts"}],"about":[{"href":"https:\/\/visionpeninsular.com\/mid\/wp-json\/wp\/v2\/types\/post"}],"author":[{"embeddable":true,"href":"https:\/\/visionpeninsular.com\/mid\/wp-json\/wp\/v2\/users\/5"}],"replies":[{"embeddable":true,"href":"https:\/\/visionpeninsular.com\/mid\/wp-json\/wp\/v2\/comments?post=193617"}],"version-history":[{"count":1,"href":"https:\/\/visionpeninsular.com\/mid\/wp-json\/wp\/v2\/posts\/193617\/revisions"}],"predecessor-version":[{"id":193620,"href":"https:\/\/visionpeninsular.com\/mid\/wp-json\/wp\/v2\/posts\/193617\/revisions\/193620"}],"wp:featuredmedia":[{"embeddable":true,"href":"https:\/\/visionpeninsular.com\/mid\/wp-json\/wp\/v2\/media\/193619"}],"wp:attachment":[{"href":"https:\/\/visionpeninsular.com\/mid\/wp-json\/wp\/v2\/media?parent=193617"}],"wp:term":[{"taxonomy":"category","embeddable":true,"href":"https:\/\/visionpeninsular.com\/mid\/wp-json\/wp\/v2\/categories?post=193617"},{"taxonomy":"post_tag","embeddable":true,"href":"https:\/\/visionpeninsular.com\/mid\/wp-json\/wp\/v2\/tags?post=193617"}],"curies":[{"name":"wp","href":"https:\/\/api.w.org\/{rel}","templated":true}]}}