{"id":193474,"date":"2024-09-13T17:45:51","date_gmt":"2024-09-13T22:45:51","guid":{"rendered":"https:\/\/visionpeninsular.com\/mid\/?p=193474"},"modified":"2024-09-13T17:45:54","modified_gmt":"2024-09-13T22:45:54","slug":"en-merida-trabajaremos-juntos-para-lograr-la-inclusion-de-las-personas-con-discapacidad-cecilia-patron","status":"publish","type":"post","link":"https:\/\/visionpeninsular.com\/mid\/en-merida-trabajaremos-juntos-para-lograr-la-inclusion-de-las-personas-con-discapacidad-cecilia-patron\/","title":{"rendered":"En M\u00e9rida trabajaremos juntos para lograr la inclusi\u00f3n de las personas con discapacidad: Cecilia Patr\u00f3n"},"content":{"rendered":"\n<ul><li><strong><em>Se entregaron 120 auxiliares auditivos, 30 sillas de ruedas, un bast\u00f3n, dos pares de muletas y cinco andaderas.<\/em><\/strong><\/li><\/ul>\n\n\n\n<p>En M\u00e9rida trabajaremos juntos para lograr la inclusi\u00f3n de las personas con discapacidad buscando la justicia social que merecen las familias, afirm\u00f3 la Presidenta Municipal, Cecilia Patr\u00f3n Laviada, durante la entrega de aparatos ortop\u00e9dicos y auditivos que realiz\u00f3 la Administraci\u00f3n del Patrimonio de la Beneficencia P\u00fablica del Estado de Yucat\u00e1n de la mano del DIF Municipal.<\/p>\n\n\n\n<p>\u00abMe siento feliz de estar con ustedes, porque cuando nos unimos logramos cosas hermosas como las de hoy, acciones que cambian la vida, no solo de los beneficiarios sino tambi\u00e9n de sus familias, un nuevo sentido a su calidad de vida\u00bb, afirm\u00f3.<\/p>\n\n\n\n<p>\u00abHoy, muchas y muchos de ustedes salen con sus aud\u00edfonos, sillas de ruedas, burritos o muletas, y es el resultado del trabajo en equipo de las autoridades y la sociedad\u00bb, dijo.<\/p>\n\n\n\n<p>Esta actividad forma parte de las Jornadas de Entrega de Auxiliares Auditivos y Aparatos de Movilidad de la Beneficencia P\u00fablica del Estado, que sumando esfuerzos con el DIF Municipal potencializan los programas con los que cuenta el Ayuntamiento de M\u00e9rida.<\/p>\n\n\n\n<p>Tiene por objetivo apoyar a las personas m\u00e1s vulnerables de la ciudad y sus comisar\u00edas, adem\u00e1s que refleja el compromiso de esta nueva forma de gobernar, cercana, que escucha y que brinda atenci\u00f3n a las y los m\u00e1s necesitados.<\/p>\n\n\n\n<p>Se entregaron 120 auxiliares auditivos, 30 sillas de ruedas, un bast\u00f3n, dos pares de muletas y cinco andaderas.<\/p>\n\n\n\n<p>\u00abLes pido a todas y todos que demos nuestro coraz\u00f3n, que demos un paso m\u00e1s, que trabajemos juntos para lograr la inclusi\u00f3n de las personas con discapacidad\u00bb, mencion\u00f3.<\/p>\n\n\n\n<p>\u00abQueremos que todas y todos tengan oportunidades de crecimiento en M\u00e9rida, no vamos a dejar a nadie atr\u00e1s. Vamos a seguir adelante, unidos y con amor por M\u00e9rida. De eso me encargo yo\u00bb, expres\u00f3.<\/p>\n\n\n\n<p>En su mensaje ante beneficiarias y beneficiarios, la alcaldesa meridana enfatiz\u00f3 que su administraci\u00f3n est\u00e1 comprometida con la inclusi\u00f3n y equidad y que se trabajar\u00e1 sin descanso para lograrlo.<\/p>\n<div class='share-to-whatsapp-wrapper'><div class='share-on-whsp'>Share on: <\/div><a data-text='En M\u00e9rida trabajaremos juntos para lograr la inclusi\u00f3n de las personas con discapacidad: Cecilia Patr\u00f3n' data-link='https:\/\/visionpeninsular.com\/mid\/en-merida-trabajaremos-juntos-para-lograr-la-inclusion-de-las-personas-con-discapacidad-cecilia-patron\/' class='whatsapp-button whatsapp-share'>WhatsApp<\/a><div class='clear '><\/div><\/div>","protected":false},"excerpt":{"rendered":"<p>Se entregaron 120 auxiliares auditivos, 30 sillas de ruedas, un bast\u00f3n, dos pares de muletas y cinco andaderas. En M\u00e9rida trabajaremos juntos para lograr la inclusi\u00f3n de las personas con discapacidad buscando la justicia social que merecen las familias, afirm\u00f3 la Presidenta Municipal, Cecilia Patr\u00f3n Laviada, durante la entrega de aparatos ortop\u00e9dicos y auditivos que &hellip;<\/p>\n","protected":false},"author":5,"featured_media":193476,"comment_status":"open","ping_status":"open","sticky":false,"template":"","format":"standard","meta":{"_mi_skip_tracking":false},"categories":[49,37],"tags":[25405,5668,44461,44463],"_links":{"self":[{"href":"https:\/\/visionpeninsular.com\/mid\/wp-json\/wp\/v2\/posts\/193474"}],"collection":[{"href":"https:\/\/visionpeninsular.com\/mid\/wp-json\/wp\/v2\/posts"}],"about":[{"href":"https:\/\/visionpeninsular.com\/mid\/wp-json\/wp\/v2\/types\/post"}],"author":[{"embeddable":true,"href":"https:\/\/visionpeninsular.com\/mid\/wp-json\/wp\/v2\/users\/5"}],"replies":[{"embeddable":true,"href":"https:\/\/visionpeninsular.com\/mid\/wp-json\/wp\/v2\/comments?post=193474"}],"version-history":[{"count":1,"href":"https:\/\/visionpeninsular.com\/mid\/wp-json\/wp\/v2\/posts\/193474\/revisions"}],"predecessor-version":[{"id":193477,"href":"https:\/\/visionpeninsular.com\/mid\/wp-json\/wp\/v2\/posts\/193474\/revisions\/193477"}],"wp:featuredmedia":[{"embeddable":true,"href":"https:\/\/visionpeninsular.com\/mid\/wp-json\/wp\/v2\/media\/193476"}],"wp:attachment":[{"href":"https:\/\/visionpeninsular.com\/mid\/wp-json\/wp\/v2\/media?parent=193474"}],"wp:term":[{"taxonomy":"category","embeddable":true,"href":"https:\/\/visionpeninsular.com\/mid\/wp-json\/wp\/v2\/categories?post=193474"},{"taxonomy":"post_tag","embeddable":true,"href":"https:\/\/visionpeninsular.com\/mid\/wp-json\/wp\/v2\/tags?post=193474"}],"curies":[{"name":"wp","href":"https:\/\/api.w.org\/{rel}","templated":true}]}}