{"id":193461,"date":"2024-09-13T17:05:26","date_gmt":"2024-09-13T22:05:26","guid":{"rendered":"https:\/\/visionpeninsular.com\/mid\/?p=193461"},"modified":"2024-09-13T17:05:28","modified_gmt":"2024-09-13T22:05:28","slug":"de-la-mano-de-todos-los-ciudadanos-impulsaremos-una-merida-mas-prospera-justa-y-equitativa-cecilia-patron","status":"publish","type":"post","link":"https:\/\/visionpeninsular.com\/mid\/de-la-mano-de-todos-los-ciudadanos-impulsaremos-una-merida-mas-prospera-justa-y-equitativa-cecilia-patron\/","title":{"rendered":"De la mano de todos los ciudadanos impulsaremos una M\u00e9rida m\u00e1s pr\u00f3spera, justa y equitativa: Cecilia Patr\u00f3n"},"content":{"rendered":"\n<ul><li><strong><em>Comienzan los trabajos para elaboraci\u00f3n y actualizaci\u00f3n del Plan Municipal de Desarrollo 2024-2027 mediante m\u00e1s de 30 mesas de trabajo, m\u00f3dulos itinerantes en colonias y comisar\u00edas, foros especializados y reuniones con expertos.<\/em><\/strong><\/li><\/ul>\n\n\n\n<p>De la mano de todos los ciudadanos impulsaremos una M\u00e9rida m\u00e1s pr\u00f3spera, justa y equitativa, afirm\u00f3 la Presidenta Municipal, Cecilia Patr\u00f3n Laviada, tras la instalaci\u00f3n del Consejo de Planeaci\u00f3n para el Desarrollo del Municipio de M\u00e9rida (COPLADEM) 2024-2027.<\/p>\n\n\n\n<p>\u201cHoy comenzamos formalmente la creaci\u00f3n del Plan Municipal de Desarrollo que ser\u00e1 el resultado de las ideas y opiniones de la comunidad traducidas en estrategias, programas y acciones para construir un futuro juntos, con un objetivo com\u00fan que es mejorar nuestra M\u00e9rida\u201d, subray\u00f3.<\/p>\n\n\n\n<figure class=\"wp-block-image size-full\"><img loading=\"lazy\" width=\"600\" height=\"399\" src=\"https:\/\/visionpeninsular.com\/mid\/wp-content\/uploads\/2024\/09\/instalacion-con-pla.jpg\" alt=\"\" class=\"wp-image-193464\" srcset=\"https:\/\/visionpeninsular.com\/mid\/wp-content\/uploads\/2024\/09\/instalacion-con-pla.jpg 600w, https:\/\/visionpeninsular.com\/mid\/wp-content\/uploads\/2024\/09\/instalacion-con-pla-300x200.jpg 300w, https:\/\/visionpeninsular.com\/mid\/wp-content\/uploads\/2024\/09\/instalacion-con-pla-310x205.jpg 310w\" sizes=\"(max-width: 600px) 100vw, 600px\" \/><\/figure>\n\n\n\n<p>Ante ciudadanos, representantes empresariales, sociedad civil organizada y acad\u00e9micos, la Alcaldesa y Presidenta del Consejo reiter\u00f3 que trabajar\u00e1 por cada uno de los meridanos, con las familias que a diario se esfuerzan por salir adelante, con los j\u00f3venes que sue\u00f1an con un futuro mejor, con las personas mayores que han dado su vida por esta ciudad, con los hombres y mujeres que la habitan.<\/p>\n\n\n\n<p>\u201cCada idea, pensamiento y voz cuenta y el Ayuntamiento ser\u00e1 un aliado permanente en cada paso, impulsando y dando prioridad a quienes m\u00e1s lo necesitan, generando oportunidades de prosperidad y cerrando las brechas de desigualdad que a\u00fan existen en nuestra ciudad. Ese es mi compromiso\u201d, se\u00f1al\u00f3 Cecilia Patr\u00f3n.<\/p>\n\n\n\n<p>El Secretario T\u00e9cnico de Planeaci\u00f3n, Jorge Luis Avil\u00e9s Lizama, reiter\u00f3 que a partir de la instalaci\u00f3n del COPLADEM todos los habitantes podr\u00e1n participar en la actualizaci\u00f3n del Plan Municipal de Desarrollo que estar\u00e1 integrado por los siguientes seis ejes rectores: Servicios P\u00fablicos; Inclusi\u00f3n, Bienestar y Desarrollo Social; Prosperidad y Empleo; Medio Ambiente y Bienestar Animal; Seguridad y Buen Gobierno, y Desarrollo Ordenado.<\/p>\n\n\n\n<p>Agreg\u00f3 que los mecanismos de participaci\u00f3n ciudadana para aportar ideas, sugerencias y propuestas que ofrecer\u00e1 el Ayuntamiento son las consultas ciudadanas en m\u00e1s de 30 mesas de trabajo, los m\u00f3dulos itinerantes en colonias y comisar\u00edas, foros especializados y reuniones con expertos para garantizar que el documento cuente con toda la parte t\u00e9cnica y normativa.<\/p>\n\n\n\n<figure class=\"wp-block-image size-full\"><img loading=\"lazy\" width=\"600\" height=\"400\" src=\"https:\/\/visionpeninsular.com\/mid\/wp-content\/uploads\/2024\/09\/insta-2.jpg\" alt=\"\" class=\"wp-image-193465\" srcset=\"https:\/\/visionpeninsular.com\/mid\/wp-content\/uploads\/2024\/09\/insta-2.jpg 600w, https:\/\/visionpeninsular.com\/mid\/wp-content\/uploads\/2024\/09\/insta-2-300x200.jpg 300w\" sizes=\"(max-width: 600px) 100vw, 600px\" \/><\/figure>\n\n\n\n<p>Tambi\u00e9n se encuentra activa la Plataforma Digital \u201cM\u00e9rida Decide Contigo\u201d a trav\u00e9s de la p\u00e1gina decide.merida.gob.mx<\/p>\n\n\n\n<p>Las propuestas se recibir\u00e1n del 12 de septiembre al 18 de octubre de 2024, posteriormente se remitir\u00e1n a Mesas Ciudadanas donde para un proceso de an\u00e1lisis y evaluaci\u00f3n para ser turnadas al COPLADEM, y as\u00ed actualizar del Plan Municipal de Desarrollo que marcar\u00e1 el camino de seguir mejorando M\u00e9rida contigo.<\/p>\n\n\n\n<p>Posteriormente, en sesi\u00f3n ordinaria de Cabildo se autoriz\u00f3 la integraci\u00f3n de las 23 Comisiones Permanentes y Especiales de la Administraci\u00f3n 2024-2027, as\u00ed como la creaci\u00f3n del Consejo para la Realizaci\u00f3n de la Elecci\u00f3n de Autoridades Auxiliares del Ayuntamiento del Municipio de M\u00e9rida.<\/p>\n<div class='share-to-whatsapp-wrapper'><div class='share-on-whsp'>Share on: <\/div><a data-text='De la mano de todos los ciudadanos impulsaremos una M\u00e9rida m\u00e1s pr\u00f3spera, justa y equitativa: Cecilia Patr\u00f3n' data-link='https:\/\/visionpeninsular.com\/mid\/de-la-mano-de-todos-los-ciudadanos-impulsaremos-una-merida-mas-prospera-justa-y-equitativa-cecilia-patron\/' class='whatsapp-button whatsapp-share'>WhatsApp<\/a><div class='clear '><\/div><\/div>","protected":false},"excerpt":{"rendered":"<p>Comienzan los trabajos para elaboraci\u00f3n y actualizaci\u00f3n del Plan Municipal de Desarrollo 2024-2027 mediante m\u00e1s de 30 mesas de trabajo, m\u00f3dulos itinerantes en colonias y comisar\u00edas, foros especializados y reuniones con expertos. De la mano de todos los ciudadanos impulsaremos una M\u00e9rida m\u00e1s pr\u00f3spera, justa y equitativa, afirm\u00f3 la Presidenta Municipal, Cecilia Patr\u00f3n Laviada, tras &hellip;<\/p>\n","protected":false},"author":5,"featured_media":193463,"comment_status":"open","ping_status":"open","sticky":false,"template":"","format":"standard","meta":{"_mi_skip_tracking":false},"categories":[49,37],"tags":[13587,5668,44458,12617],"_links":{"self":[{"href":"https:\/\/visionpeninsular.com\/mid\/wp-json\/wp\/v2\/posts\/193461"}],"collection":[{"href":"https:\/\/visionpeninsular.com\/mid\/wp-json\/wp\/v2\/posts"}],"about":[{"href":"https:\/\/visionpeninsular.com\/mid\/wp-json\/wp\/v2\/types\/post"}],"author":[{"embeddable":true,"href":"https:\/\/visionpeninsular.com\/mid\/wp-json\/wp\/v2\/users\/5"}],"replies":[{"embeddable":true,"href":"https:\/\/visionpeninsular.com\/mid\/wp-json\/wp\/v2\/comments?post=193461"}],"version-history":[{"count":1,"href":"https:\/\/visionpeninsular.com\/mid\/wp-json\/wp\/v2\/posts\/193461\/revisions"}],"predecessor-version":[{"id":193466,"href":"https:\/\/visionpeninsular.com\/mid\/wp-json\/wp\/v2\/posts\/193461\/revisions\/193466"}],"wp:featuredmedia":[{"embeddable":true,"href":"https:\/\/visionpeninsular.com\/mid\/wp-json\/wp\/v2\/media\/193463"}],"wp:attachment":[{"href":"https:\/\/visionpeninsular.com\/mid\/wp-json\/wp\/v2\/media?parent=193461"}],"wp:term":[{"taxonomy":"category","embeddable":true,"href":"https:\/\/visionpeninsular.com\/mid\/wp-json\/wp\/v2\/categories?post=193461"},{"taxonomy":"post_tag","embeddable":true,"href":"https:\/\/visionpeninsular.com\/mid\/wp-json\/wp\/v2\/tags?post=193461"}],"curies":[{"name":"wp","href":"https:\/\/api.w.org\/{rel}","templated":true}]}}