{"id":193456,"date":"2024-09-13T16:56:10","date_gmt":"2024-09-13T21:56:10","guid":{"rendered":"https:\/\/visionpeninsular.com\/mid\/?p=193456"},"modified":"2024-09-13T16:56:13","modified_gmt":"2024-09-13T21:56:13","slug":"actividades-culturales-durante-el-fin-de-semana-de-fiestas-patrias","status":"publish","type":"post","link":"https:\/\/visionpeninsular.com\/mid\/actividades-culturales-durante-el-fin-de-semana-de-fiestas-patrias\/","title":{"rendered":"Actividades culturales durante el fin de semana de fiestas patrias"},"content":{"rendered":"\n<p>Este fin de semana, mientras la ciudad se viste de colores y celebraciones patrias, la oferta cultural y art\u00edstica se mantiene con diferentes opciones que fortalecen el desarrollo integral de chicos y grandes.<\/p>\n\n\n\n<p>De esta forma, desde el Ayuntamiento de M\u00e9rida y la presidenta municipal Cecilia Patr\u00f3n Laviada se contin\u00faa impulsando la cultura y tradiciones con actividades que hacen de la capital yucateca un referente de talento, creatividad y aprendizajes.<\/p>\n\n\n\n<p>\u201cH\u00e9rcules en el desierto\u201d<\/p>\n\n\n\n<p>Al Centro Cultural Jos\u00e9 Mart\u00ed llegar\u00e1 el escritor sonorense Carlos Ren\u00e9 Padilla para compartir experiencias literarias sobre su libro \u201cH\u00e9rcules en el desierto\u201d, el viernes 13 de septiembre a las 7:30 de la noche.<\/p>\n\n\n\n<p>El narrador y periodista obtuvo el Premio Nacional de Literatura Jos\u00e9 Fuentes Mares 2022 por su obra \u201cBavispe\u201d. Sus primeros libros fueron dedicados a la cr\u00f3nica, luego la vena period\u00edstica lo llev\u00f3 a la nota roja y al periodismo de inmersi\u00f3n, de los cuales ha escrito novelas y otros t\u00edtulos como \u201cAmorcito coraz\u00f3n\u201d y \u201cNo toda la sangre es roja\u201d.<\/p>\n\n\n\n<p>\u201cHuevos patrios\u201d<\/p>\n\n\n\n<p>El s\u00e1bado 14, en la misma sede, se ofrecer\u00e1n los talleres infantiles de manualidades para crear \u201cHuevos patrios\u201d y divertirse con la ciencia con el experimento \u201cCa\u00f1\u00f3n confeti\u201d a las 9:00 y 10:00 de la ma\u00f1ana, respectivamente. Durante las actividades se contar\u00e1 con la amena participaci\u00f3n de Berta Merodio \u201cLa gallipava\u201d. Todas las actividades en este centro cultural son gratuitas; los talleres tienen cupo limitado.<\/p>\n\n\n\n<p>El cortometraje animado \u201cLos d\u00edas cada vez son m\u00e1s cortos\u201d tendr\u00e1 sus \u00faltimas proyecciones los domingos 15 y 22 de septiembre en el Centro Cultural del Sur, a las 11 de la ma\u00f1ana. El proyecto lo dirige David Igneas y relata la historia de un gato naranja que enfrenta la soledad cuando su cuidadora no regresa a casa tras salir por el mandado; la rutina le cambia y su hogar comienza a desvanecerse.<\/p>\n\n\n\n<p><strong>Videomapping \u201cIsla de Luz\u201d<\/strong><\/p>\n\n\n\n<p>Los espect\u00e1culos de la Semana Meridana continuar\u00e1n este fin de semana con su acostumbrada oferta. Cada viernes se proyecta el videomapping \u201cIsla de Luz\u201d en el Monumento a la Patria a partir de las 8 de la noche.<\/p>\n\n\n\n<p>El s\u00e1bado 14, la representaci\u00f3n del juego de pelota maya \u201cPok Ta Pok\u201d se realizar\u00e1 en el Parque de San Sebasti\u00e1n, mientras que el programa de \u201cNoche Mexicana\u201d celebrar\u00e1 con folclor y m\u00fasica las fiestas patrias en el Remate del Paseo de Montejo. Ambos inician a las 8 de la noche.<\/p>\n\n\n\n<p>Al d\u00eda siguiente en el parque de Santa Ana se desarrollar\u00e1 \u201cM\u00e9rida en Domingo\u201d, a partir de las 10 de ma\u00f1ana. con su oferta artesanal, gastron\u00f3mica y elencos art\u00edsticos que se presentar\u00e1n a partir de mediod\u00eda, finalizando a las 9 de la noche.<\/p>\n\n\n\n<p>El lunes 16 de septiembre, el Ballet Folcl\u00f3rico Representativo del Ayuntamiento de M\u00e9rida abrir\u00e1 la programaci\u00f3n semanal con la \u201cVaquer\u00eda Yucateca\u201d, acompa\u00f1ado por la Orquesta Jaranera, a partir de las 9 de la noche en el Parque de la Ermita.<\/p>\n\n\n\n<figure class=\"wp-block-image size-full\"><img loading=\"lazy\" width=\"768\" height=\"431\" src=\"https:\/\/visionpeninsular.com\/mid\/wp-content\/uploads\/2024\/09\/Sep-Pok-Ta-Pok-scaled-1.jpg\" alt=\"\" class=\"wp-image-193459\" srcset=\"https:\/\/visionpeninsular.com\/mid\/wp-content\/uploads\/2024\/09\/Sep-Pok-Ta-Pok-scaled-1.jpg 768w, https:\/\/visionpeninsular.com\/mid\/wp-content\/uploads\/2024\/09\/Sep-Pok-Ta-Pok-scaled-1-300x168.jpg 300w\" sizes=\"(max-width: 768px) 100vw, 768px\" \/><\/figure>\n\n\n\n<p>En artes visuales, en el Centro Cultural Olimpo contin\u00faan las exposiciones temporales \u201cA dos manos\u201d de Efr\u00e9n Maldonado y David Mex, as\u00ed como la colectiva \u201cEnsayo visual sobre el encuentro\u201d, curada por el maestro Alberto Arceo. Se pueden visitar todo el mes de septiembre, de martes a domingo, el acceso es libre.<\/p>\n\n\n\n<p>La Temporada Olimpo, en su segunda etapa, cuenta este mes de septiembre, con estrenos de cine, m\u00fasica y arte circense. Consulta www.merida.gob.mx\/cultura para conocer los horarios y sedes.<\/p>\n<div class='share-to-whatsapp-wrapper'><div class='share-on-whsp'>Share on: <\/div><a data-text='Actividades culturales durante el fin de semana de fiestas patrias' data-link='https:\/\/visionpeninsular.com\/mid\/actividades-culturales-durante-el-fin-de-semana-de-fiestas-patrias\/' class='whatsapp-button whatsapp-share'>WhatsApp<\/a><div class='clear '><\/div><\/div>","protected":false},"excerpt":{"rendered":"<p>Este fin de semana, mientras la ciudad se viste de colores y celebraciones patrias, la oferta cultural y art\u00edstica se mantiene con diferentes opciones que fortalecen el desarrollo integral de chicos y grandes. De esta forma, desde el Ayuntamiento de M\u00e9rida y la presidenta municipal Cecilia Patr\u00f3n Laviada se contin\u00faa impulsando la cultura y tradiciones &hellip;<\/p>\n","protected":false},"author":5,"featured_media":193458,"comment_status":"open","ping_status":"open","sticky":false,"template":"","format":"standard","meta":{"_mi_skip_tracking":false},"categories":[49,37],"tags":[44457,2757,44421],"_links":{"self":[{"href":"https:\/\/visionpeninsular.com\/mid\/wp-json\/wp\/v2\/posts\/193456"}],"collection":[{"href":"https:\/\/visionpeninsular.com\/mid\/wp-json\/wp\/v2\/posts"}],"about":[{"href":"https:\/\/visionpeninsular.com\/mid\/wp-json\/wp\/v2\/types\/post"}],"author":[{"embeddable":true,"href":"https:\/\/visionpeninsular.com\/mid\/wp-json\/wp\/v2\/users\/5"}],"replies":[{"embeddable":true,"href":"https:\/\/visionpeninsular.com\/mid\/wp-json\/wp\/v2\/comments?post=193456"}],"version-history":[{"count":1,"href":"https:\/\/visionpeninsular.com\/mid\/wp-json\/wp\/v2\/posts\/193456\/revisions"}],"predecessor-version":[{"id":193460,"href":"https:\/\/visionpeninsular.com\/mid\/wp-json\/wp\/v2\/posts\/193456\/revisions\/193460"}],"wp:featuredmedia":[{"embeddable":true,"href":"https:\/\/visionpeninsular.com\/mid\/wp-json\/wp\/v2\/media\/193458"}],"wp:attachment":[{"href":"https:\/\/visionpeninsular.com\/mid\/wp-json\/wp\/v2\/media?parent=193456"}],"wp:term":[{"taxonomy":"category","embeddable":true,"href":"https:\/\/visionpeninsular.com\/mid\/wp-json\/wp\/v2\/categories?post=193456"},{"taxonomy":"post_tag","embeddable":true,"href":"https:\/\/visionpeninsular.com\/mid\/wp-json\/wp\/v2\/tags?post=193456"}],"curies":[{"name":"wp","href":"https:\/\/api.w.org\/{rel}","templated":true}]}}