{"id":193379,"date":"2024-09-12T12:46:06","date_gmt":"2024-09-12T17:46:06","guid":{"rendered":"https:\/\/visionpeninsular.com\/mid\/?p=193379"},"modified":"2024-09-12T12:46:08","modified_gmt":"2024-09-12T17:46:08","slug":"en-seis-anos-se-han-impulsado-obras-y-mejoras-para-el-presente-y-el-futuro-de-merida","status":"publish","type":"post","link":"https:\/\/visionpeninsular.com\/mid\/en-seis-anos-se-han-impulsado-obras-y-mejoras-para-el-presente-y-el-futuro-de-merida\/","title":{"rendered":"En seis a\u00f1os se han impulsado obras y mejoras para el presente y el futuro de M\u00e9rida"},"content":{"rendered":"\n<ul><li><strong><em>A trav\u00e9s del trabajo en equipo, durante este sexenio se impulsaron obras y mejoras en la infraestructura p\u00fablica en todo el estado y en la capital a fin de consolidar la transformaci\u00f3n de Yucat\u00e1n y las bases para un mejor futuro para todas y todos.<\/em><\/strong><\/li><\/ul>\n\n\n\n<p>M\u00e9rida, Yucat\u00e1n, 12 de septiembre de 2024.- A trav\u00e9s del trabajo en equipo entre las y los yucatecos y el Gobierno del Estado, se ha impulsado obras y mejoras en infraestructura p\u00fablica en toda la entidad y en la capital, durante los \u00faltimos seis a\u00f1os, lo cual ha marcado la base y el trayecto para la transformaci\u00f3n de Yucat\u00e1n que se ha consolidado hoy y al mismo tiempo sustenta un mejor futuro para todas las familias yucatecas.<\/p>\n\n\n\n<p>Tras un sexenio en el que se han impulsado diversas acciones para la transformaci\u00f3n de M\u00e9rida y de la entidad, se consolidaron obras importantes que incluye la remodelaci\u00f3n y ampliaci\u00f3n del Centro de Convenciones Yucat\u00e1n Siglo XXI con lo que el recinto pas\u00f3 de contar con 13,000 metros cuadrados (m2) a 23,000 m2 en \u00e1rea de exposici\u00f3n.<\/p>\n\n\n\n<p>Con la ampliaci\u00f3n de su \u00e1rea de exposiciones y sus modernas instalaciones, este recinto contribuy\u00f3 para consolidar al estado a nivel nacional e internacional, con eventos como el Tianguis Tur\u00edstico M\u00e9rida 2020, entre otros, por lo que, con esta importante obra, la capital yucateca se uni\u00f3 a las \u00fanicas 5 ciudades del pa\u00eds que cuentan con lugares de esta magnitud y calidad de espacios de exposiciones, entre las cuales se encuentran Guadalajara, Puebla, Ciudad de M\u00e9xico, Acapulco y Le\u00f3n.<\/p>\n\n\n\n<p>Adem\u00e1s, se efectuaron trabajos de rehabilitaci\u00f3n y construcci\u00f3n del parque metropolitano Paseo Henequenes, el cual, unido al Paseo Verde, conform\u00f3 un nuevo espacio denominado Parque Lineal &#8220;Los Paseos&#8221;, que contempla 12 kil\u00f3metros con instalaciones, ciclov\u00edas, andadores y \u00e1reas verdes, para la convivencia familiar y la pr\u00e1ctica deportiva, beneficiando a 114,430 habitantes, y conectando 70 colonias y fraccionamientos aleda\u00f1os.<\/p>\n\n\n\n<p>De esta forma, los 2 parques quedaron integrados como uno solo, con la construcci\u00f3n de ciclov\u00edas y andadores, la rehabilitaci\u00f3n de espacios p\u00fablicos y la instalaci\u00f3n de paraderos de la Ruta Perif\u00e9rico del sistema de transporte metropolitano &#8220;Va y ven&#8221;.<\/p>\n\n\n\n<p>Asimismo, con la uni\u00f3n de esfuerzos y como parte de la Declaraci\u00f3n por M\u00e9rida 2050, entre el Gobierno del Estado y el Ayuntamiento de M\u00e9rida, se efectuaron m\u00e1s de 115 kil\u00f3metros de calles pavimentadas al interior del Anillo Perif\u00e9rico en beneficio de m\u00e1s de 32 colonias y fraccionamientos del norte, sur, oriente y poniente de esta ciudad.<\/p>\n\n\n\n<p>A ello, se sumaron los m\u00e1s de 79 kil\u00f3metros de tramos cr\u00edticos del perif\u00e9rico de M\u00e9rida que fueron repavimentados para mejorar la movilidad y garantizar la seguridad de los yucatecos, obras que se complementan con la construcci\u00f3n de 49 tramos laterales que se traducen en 9.336 kil\u00f3metros (km) de calles laterales de esta v\u00eda de comunicaci\u00f3n de los cuales 1.060 km corresponden al cuerpo interior y 8.276 km al cuerpo exterior, con lo que se concluy\u00f3 la construcci\u00f3n de todas las calles laterales del cuerpo exterior de esta v\u00eda.<\/p>\n\n\n\n<p>Por otro lado, se inaugur\u00f3 el Corredor Tur\u00edstico y Gastron\u00f3mico de la calle 60, proyecto con el que se inyecta vitalidad y un nuevo rostro al Centro Hist\u00f3rico de M\u00e9rida, detonando el turismo y la econom\u00eda de la zona, de manera espec\u00edfica, el tramo que va desde la calle 60 en su cruce con la 61 hasta el Remate Paseo de Montejo, con lo que se fortalece la vocaci\u00f3n tur\u00edstica del coraz\u00f3n de la ciudad.<\/p>\n\n\n\n<p>Dicha obra, est\u00e1 ligada al proyecto que estuvo a cargo del ayuntamiento meridano y que corresponde al trayecto que abarca la calle 47 entre la 56 y 48, por lo que hoy se cuenta con un Corredor con una imagen moderna y m\u00e1s atractiva.<\/p>\n\n\n\n<p>Por lo que el Corredor Tur\u00edstico y Gastron\u00f3mico en el Centro Hist\u00f3rico ahora conecta la Plaza Grande con los Parques de Santa Luc\u00eda y Santa Ana, as\u00ed como con el Gran Parque de &#8220;La Plancha&#8221;, haciendo de \u00e9ste un trayecto que se puede disfrutar de manera segura, accesible y sustentable para todos.<\/p>\n\n\n\n<p>&nbsp;Aunado a eso, se realizaron acciones enfocadas en la restauraci\u00f3n de la infraestructura, mobiliario y otros elementos patrimoniales del teatro \u201cJos\u00e9 Pe\u00f3n Contreras\u201d con una inversi\u00f3n de m\u00e1s de 14 millones de pesos luego de que un cortocircuito ocasionara un incendio en el tercer piso de este recinto cultural que dej\u00f3 diversos da\u00f1os en su estructura.<\/p>\n\n\n\n<p>Tambi\u00e9n, se remodelaron el Teatro Armando Manzanero y el Teatro Daniel Ayala, gracias a una inversi\u00f3n de 9 y 8 millones de pesos, respectivamente, para ofrecer a las y los yucatecos espacios culturales de calidad.<\/p>\n\n\n\n<p>Igualmente, se llevaron a cabo obras de remodelaci\u00f3n con el objetivo de renovar la Plaza Grande de M\u00e9rida y con ello fortalecer la vocaci\u00f3n tur\u00edstica del coraz\u00f3n de la capital yucateca por lo que se adecuaron las vialidades que rodean a este importante punto, donde se estableci\u00f3 un solo nivel para el \u00e1rea peatonal y el \u00e1rea vehicular, a fin de facilitar el desplazamiento y dar prioridad al peat\u00f3n y se aplicar\u00e1n restricciones para reducir el flujo de veh\u00edculos automotores.<\/p>\n\n\n\n<p>Esta obra en la Plaza Grande, incluye el proyecto de arborizaci\u00f3n en el cual se contempla la siembra de 102 nuevos \u00e1rboles, adem\u00e1s de la creaci\u00f3n de m\u00e1s \u00e1reas con vegetaci\u00f3n, por lo que se duplicar\u00e1 el n\u00famero de ejemplares con los que ahora cuenta.<\/p>\n\n\n\n<p>El plan de arborizaci\u00f3n de esta zona se est\u00e1 realizando de manera gradual y las especies que se plantar\u00e1n incluyen del tipo ceiba, macul\u00eds amarillos y rosados, ram\u00f3n, balch\u00e9, pimienta, jicarito, roble, entre otras, las cuales nacieron en bolsa, fueron cultivadas en sol y son consideradas las especies m\u00e1s aptas para la Plaza Grande, ya que, una vez que crezcan, ofrecer\u00e1n un paisaje atractivo y con sombra.<\/p>\n\n\n\n<p>Adem\u00e1s, cuenta con m\u00e1s \u00e1reas con vegetaci\u00f3n y para el descanso, de un corredor seguro para todos, mejor iluminaci\u00f3n, as\u00ed como la instalaci\u00f3n de nuevo mobiliario urbano y el doble de \u00e1reas verdes, a trav\u00e9s de una inversi\u00f3n total de 137.5 millones de pesos.<\/p>\n\n\n\n<p>De esta forma se tiene como objetivo desarrollar una propuesta arquitect\u00f3nica que transforme la imagen p\u00fablica de la que es una de las zonas m\u00e1s importantes de M\u00e9rida, brindando un ambiente de car\u00e1cter m\u00e1s amigable hacia el peat\u00f3n y mejorando la experiencia para visitantes, comercios y quienes hacen uso de este punto.<\/p>\n\n\n\n<p>&nbsp;De esta forma, la Plaza Grande de M\u00e9rida es parte del Corredor Tur\u00edstico y Gastron\u00f3mico en el Centro Hist\u00f3rico, obra que ya fue concluida y entregada, y que conecta este punto con el Parque de Santa Luc\u00eda, Santa Ana y el Gran Parque de \u201cLa Plancha\u201d, de manera segura, accesible y sustentable para todos.<\/p>\n<div class='share-to-whatsapp-wrapper'><div class='share-on-whsp'>Share on: <\/div><a data-text='En seis a\u00f1os se han impulsado obras y mejoras para el presente y el futuro de M\u00e9rida' data-link='https:\/\/visionpeninsular.com\/mid\/en-seis-anos-se-han-impulsado-obras-y-mejoras-para-el-presente-y-el-futuro-de-merida\/' class='whatsapp-button whatsapp-share'>WhatsApp<\/a><div class='clear '><\/div><\/div>","protected":false},"excerpt":{"rendered":"<p>A trav\u00e9s del trabajo en equipo, durante este sexenio se impulsaron obras y mejoras en la infraestructura p\u00fablica en todo el estado y en la capital a fin de consolidar la transformaci\u00f3n de Yucat\u00e1n y las bases para un mejor futuro para todas y todos. M\u00e9rida, Yucat\u00e1n, 12 de septiembre de 2024.- A trav\u00e9s del &hellip;<\/p>\n","protected":false},"author":5,"featured_media":193381,"comment_status":"open","ping_status":"open","sticky":false,"template":"","format":"standard","meta":{"_mi_skip_tracking":false},"categories":[49,37],"tags":[185,44432,44431],"_links":{"self":[{"href":"https:\/\/visionpeninsular.com\/mid\/wp-json\/wp\/v2\/posts\/193379"}],"collection":[{"href":"https:\/\/visionpeninsular.com\/mid\/wp-json\/wp\/v2\/posts"}],"about":[{"href":"https:\/\/visionpeninsular.com\/mid\/wp-json\/wp\/v2\/types\/post"}],"author":[{"embeddable":true,"href":"https:\/\/visionpeninsular.com\/mid\/wp-json\/wp\/v2\/users\/5"}],"replies":[{"embeddable":true,"href":"https:\/\/visionpeninsular.com\/mid\/wp-json\/wp\/v2\/comments?post=193379"}],"version-history":[{"count":1,"href":"https:\/\/visionpeninsular.com\/mid\/wp-json\/wp\/v2\/posts\/193379\/revisions"}],"predecessor-version":[{"id":193382,"href":"https:\/\/visionpeninsular.com\/mid\/wp-json\/wp\/v2\/posts\/193379\/revisions\/193382"}],"wp:featuredmedia":[{"embeddable":true,"href":"https:\/\/visionpeninsular.com\/mid\/wp-json\/wp\/v2\/media\/193381"}],"wp:attachment":[{"href":"https:\/\/visionpeninsular.com\/mid\/wp-json\/wp\/v2\/media?parent=193379"}],"wp:term":[{"taxonomy":"category","embeddable":true,"href":"https:\/\/visionpeninsular.com\/mid\/wp-json\/wp\/v2\/categories?post=193379"},{"taxonomy":"post_tag","embeddable":true,"href":"https:\/\/visionpeninsular.com\/mid\/wp-json\/wp\/v2\/tags?post=193379"}],"curies":[{"name":"wp","href":"https:\/\/api.w.org\/{rel}","templated":true}]}}