{"id":193280,"date":"2024-09-10T15:22:48","date_gmt":"2024-09-10T20:22:48","guid":{"rendered":"https:\/\/visionpeninsular.com\/mid\/?p=193280"},"modified":"2024-09-10T15:22:50","modified_gmt":"2024-09-10T20:22:50","slug":"no-faltan-medicos-generales-en-yucatan-sino-seguridad-laboral-para-estos-profesionistas","status":"publish","type":"post","link":"https:\/\/visionpeninsular.com\/mid\/no-faltan-medicos-generales-en-yucatan-sino-seguridad-laboral-para-estos-profesionistas\/","title":{"rendered":"No faltan m\u00e9dicos generales en Yucat\u00e1n, sino seguridad laboral para estos profesionistas"},"content":{"rendered":"\n<p>De acuerdo con el Doctor Carlos Castro Sansores, director de la Facultad de Medicina de la Universidad Aut\u00f3noma de Yucat\u00e1n (Uady), el problema de la salud p\u00fablica en M\u00e9xico, no es la falta de m\u00e9dicos generales, sino la falta de seguridad laboral, con ingresos razonables, la &nbsp;estabilidad para su familia y facilidades para su desarrollo personal.<\/p>\n\n\n\n<p>\u201cSi el m\u00e9dico es enviado a determinada comunidad, debe contar con escuelas suficientes para los hijos, un salario digno, los equipos y medicamentos suficientes para que pueda brindar una buena atenci\u00f3n, as\u00ed como los sitios para el desarrollo familiar. Esos entornos se necesitan. Por eso se dice que el m\u00e9dico no se quiere ir a una poblaci\u00f3n apartada de la ciudad\u201d.<\/p>\n\n\n\n<p>Mencion\u00f3 la normalidad de muchos tengan las aspiraciones de mejorar y prosperar, pero tambi\u00e9n hay gente que quiere ir a los otros 105 municipios de Yucat\u00e1n para brindar consultas, trabajar honestamente y le ir\u00e1 bien.<\/p>\n\n\n\n<p>\u201cTenemos que cambiar ese concepto que tenemos del m\u00e9dico\u201d, se\u00f1al\u00f3. Una de los paradigmas a romper es la idea de que todo egresado de Medicina debe contar con una especialidad, cuando el nuevo enfoque para la salud de M\u00e9xico es la atenci\u00f3n primaria con m\u00e9dicos generales, opin\u00f3.<\/p>\n\n\n\n<p>\u201cHay que quitar el estigma de que si no hiciste una especializaci\u00f3n m\u00e9dica no hiciste nada. El m\u00e9dico puede desarrollarse en muchas \u00e1reas como son: docencia, investigaci\u00f3n, servicio, emprendedurismo. No necesariamente, la especializaci\u00f3n m\u00e9dica.<\/p>\n\n\n\n<p>\u201cLamentablemente se insiste mucho en hacer la especializaci\u00f3n m\u00e9dica para que se diga: \u2018Es un buen m\u00e9dico\u2019, cuando hay una cantidad enorme de m\u00e9dicos generales que son emprendedores con su propio consultorio, la gente va por la confianza, calidad en la atenci\u00f3n y son atenci\u00f3n\u201d, dijo.<\/p>\n\n\n\n<p><strong>Un papel relevante<\/strong><\/p>\n\n\n\n<p>El m\u00e9dico general debe contar con un papel muy relevante, sobre todo en el nuevo enfoque de salud en el pa\u00eds que ser\u00e1 hacia la atenci\u00f3n primaria, por lo que el m\u00e9dico general puede avocarse a ello, asever\u00f3 Castro Sansores.<\/p>\n\n\n\n<p>Un m\u00e9dico general no tiene cabida en el sistema de salud mexicano, pues no aparece en el organigrama y profesiograma, \u00fanicamente los especialistas como m\u00e9dicos familiares, entre otras, reconoci\u00f3.<\/p>\n\n\n\n<p>\u201cLos egresados de la Facultad de Medicina, para que puedan insertarse al sector salud tienen que hacer un posgrado, pues el m\u00e9dico general no aparece en el organigrama. Eso es una debilidad del sistema de salud mexicano y si hoy queremos, como el nuevo gobierno apostar\u00e1 a la atenci\u00f3n primaria a la salud, tenemos miles de m\u00e9dicos generales, que pueden cubrir esas necesidades\u201d, coment\u00f3.<\/p>\n<div class='share-to-whatsapp-wrapper'><div class='share-on-whsp'>Share on: <\/div><a data-text='No faltan m\u00e9dicos generales en Yucat\u00e1n, sino seguridad laboral para estos profesionistas' data-link='https:\/\/visionpeninsular.com\/mid\/no-faltan-medicos-generales-en-yucatan-sino-seguridad-laboral-para-estos-profesionistas\/' class='whatsapp-button whatsapp-share'>WhatsApp<\/a><div class='clear '><\/div><\/div>","protected":false},"excerpt":{"rendered":"<p>De acuerdo con el Doctor Carlos Castro Sansores, director de la Facultad de Medicina de la Universidad Aut\u00f3noma de Yucat\u00e1n (Uady), el problema de la salud p\u00fablica en M\u00e9xico, no es la falta de m\u00e9dicos generales, sino la falta de seguridad laboral, con ingresos razonables, la &nbsp;estabilidad para su familia y facilidades para su desarrollo &hellip;<\/p>\n","protected":false},"author":5,"featured_media":193282,"comment_status":"open","ping_status":"open","sticky":false,"template":"","format":"standard","meta":{"_mi_skip_tracking":false},"categories":[50,37],"tags":[44396,44394,44395,1490],"_links":{"self":[{"href":"https:\/\/visionpeninsular.com\/mid\/wp-json\/wp\/v2\/posts\/193280"}],"collection":[{"href":"https:\/\/visionpeninsular.com\/mid\/wp-json\/wp\/v2\/posts"}],"about":[{"href":"https:\/\/visionpeninsular.com\/mid\/wp-json\/wp\/v2\/types\/post"}],"author":[{"embeddable":true,"href":"https:\/\/visionpeninsular.com\/mid\/wp-json\/wp\/v2\/users\/5"}],"replies":[{"embeddable":true,"href":"https:\/\/visionpeninsular.com\/mid\/wp-json\/wp\/v2\/comments?post=193280"}],"version-history":[{"count":1,"href":"https:\/\/visionpeninsular.com\/mid\/wp-json\/wp\/v2\/posts\/193280\/revisions"}],"predecessor-version":[{"id":193283,"href":"https:\/\/visionpeninsular.com\/mid\/wp-json\/wp\/v2\/posts\/193280\/revisions\/193283"}],"wp:featuredmedia":[{"embeddable":true,"href":"https:\/\/visionpeninsular.com\/mid\/wp-json\/wp\/v2\/media\/193282"}],"wp:attachment":[{"href":"https:\/\/visionpeninsular.com\/mid\/wp-json\/wp\/v2\/media?parent=193280"}],"wp:term":[{"taxonomy":"category","embeddable":true,"href":"https:\/\/visionpeninsular.com\/mid\/wp-json\/wp\/v2\/categories?post=193280"},{"taxonomy":"post_tag","embeddable":true,"href":"https:\/\/visionpeninsular.com\/mid\/wp-json\/wp\/v2\/tags?post=193280"}],"curies":[{"name":"wp","href":"https:\/\/api.w.org\/{rel}","templated":true}]}}