{"id":193110,"date":"2024-09-05T21:27:09","date_gmt":"2024-09-06T02:27:09","guid":{"rendered":"https:\/\/visionpeninsular.com\/mid\/?p=193110"},"modified":"2024-09-05T21:27:12","modified_gmt":"2024-09-06T02:27:12","slug":"soy-medallista-paralimpica-gilda-cota","status":"publish","type":"post","link":"https:\/\/visionpeninsular.com\/mid\/soy-medallista-paralimpica-gilda-cota\/","title":{"rendered":"\u201cSoy medallista paral\u00edmpica\u201d: Gilda Cota"},"content":{"rendered":"\n<h2 class=\"has-text-align-center\">\u2022La yucateca conquist\u00f3 la medalla de plata, al registrar 7.89 metros, en la final de impulso de bala F33 en los Juegos Paral\u00edmpicos Par\u00eds 2024<\/h2>\n\n\n\n<p>M\u00e9rida, Yucat\u00e1n, a 5 de septiembre de 2024.\u2013 La yucateca Gilda Cota Vera gan\u00f3 la medalla de plata, con r\u00e9cord de Am\u00e9rica, al registrar 7.89 metros, en la final de impulso de bala F33, en el s\u00e9ptimo d\u00eda del para-atletismo de los Juegos Paral\u00edmpicos de Par\u00eds 2024, en el Stade de France.<\/p>\n\n\n\n<p>\u201cEstaba yo en shock porque cuando termin\u00e9 de lanzar, levant\u00e9 la cabeza y vi la magnitud del estadio, toda la gente y me dije, lo hiciste, te lo propusiste y lo lograste, fue algo maravilloso la verdad, mi pecho lat\u00eda muy r\u00e1pido, como que no me la cre\u00eda y hasta que terminamos, me dijo mi entrenador, lo hiciste y fue como \u00a1Wow! Soy medallista paral\u00edmpica\u201d, afirm\u00f3 la seleccionada mexicana.<\/p>\n\n\n\n<p>Gilda Cota cumpli\u00f3 en Par\u00eds su debut paral\u00edmpico y escribi\u00f3 su nombre con letras de oro en el deporte nacional, pero sobre todo yucateco, con registro en cinco intentos v\u00e1lidos de 7.85, 7.31, 7.28, 7.89 y 7.63 metros.<\/p>\n\n\n\n<p>La Para-Atleta se convirti\u00f3 en la primera atleta yucateca en conseguir una presea en la m\u00e1xima justa deportiva del planeta para deportistas con capacidad, segunda dentro del olimpismo, pero igual la \u00fanica en prueba individual; anteriormente, Henry Mart\u00edn Mex, en Tokio 2020, consigui\u00f3 el bronce en f\u00fatbol.<\/p>\n\n\n\n<p>&#8220;Estoy s\u00faper contenta, agradecida con mi cuerpo, con la gente que estuvo apoyando, porque s\u00ed se pudo, sobre todo con mi cuerpo que hoy me permiti\u00f3 esta medalla de plata, ya que antes de viajar a Par\u00eds recib\u00ed un tratamiento tipo quimio, que obviamente te baja (el rendimiento), entonces ven\u00edamos batallando con las marcas, ve\u00edamos muy complicado el pelear por una presea, pero hoy me levant\u00e9 y dije lo tengo que hacer, Gilda se dijo un d\u00eda que iba a sorprender a la vida y hoy lo hicimos\u201d, declar\u00f3 la yucateca, despu\u00e9s la su competencia.<\/p>\n\n\n\n<p>La tambi\u00e9n campeona mundial enfrent\u00f3 una jornada llena de emociones que pudo expulsar hasta que concluy\u00f3 su prueba y se supo ganadora del segundo lugar.<\/p>\n\n\n\n<p>El primer lugar fue para la china Qing Wu, quien estableci\u00f3 r\u00e9cord paral\u00edmpico con 7.98 metros, mientras que la presea de bronce correspondi\u00f3 a Svetlana Krivenok, de Atletas Paral\u00edmpicos Neutrales, con un registro de 7.74 metros.<\/p>\n\n\n\n<figure class=\"wp-block-image size-large is-resized\"><img loading=\"lazy\" src=\"https:\/\/visionpeninsular.com\/mid\/wp-content\/uploads\/2024\/09\/WhatsApp-Image-2024-09-05-at-8.00.03-PM-1024x718.jpeg\" alt=\"\" class=\"wp-image-193112\" width=\"840\" height=\"588\" srcset=\"https:\/\/visionpeninsular.com\/mid\/wp-content\/uploads\/2024\/09\/WhatsApp-Image-2024-09-05-at-8.00.03-PM-1024x718.jpeg 1024w, https:\/\/visionpeninsular.com\/mid\/wp-content\/uploads\/2024\/09\/WhatsApp-Image-2024-09-05-at-8.00.03-PM-300x210.jpeg 300w, https:\/\/visionpeninsular.com\/mid\/wp-content\/uploads\/2024\/09\/WhatsApp-Image-2024-09-05-at-8.00.03-PM-768x538.jpeg 768w, https:\/\/visionpeninsular.com\/mid\/wp-content\/uploads\/2024\/09\/WhatsApp-Image-2024-09-05-at-8.00.03-PM.jpeg 1280w\" sizes=\"(max-width: 840px) 100vw, 840px\" \/><figcaption>La yucateca Gilda Cota Vera es medalla de plata en los Juegos Paral\u00edmpicos Par\u00eds 2024. Con este logro, M\u00e9xico suma 12 preseas. FOTO: Cortes\u00eda <\/figcaption><\/figure>\n<div class='share-to-whatsapp-wrapper'><div class='share-on-whsp'>Share on: <\/div><a data-text='\u201cSoy medallista paral\u00edmpica\u201d: Gilda Cota' data-link='https:\/\/visionpeninsular.com\/mid\/soy-medallista-paralimpica-gilda-cota\/' class='whatsapp-button whatsapp-share'>WhatsApp<\/a><div class='clear '><\/div><\/div>","protected":false},"excerpt":{"rendered":"<p>\u2022La yucateca conquist\u00f3 la medalla de plata, al registrar 7.89 metros, en la final de impulso de bala F33 en los Juegos Paral\u00edmpicos Par\u00eds 2024 M\u00e9rida, Yucat\u00e1n, a 5 de septiembre de 2024.\u2013 La yucateca Gilda Cota Vera gan\u00f3 la medalla de plata, con r\u00e9cord de Am\u00e9rica, al registrar 7.89 metros, en la final de &hellip;<\/p>\n","protected":false},"author":11,"featured_media":193112,"comment_status":"open","ping_status":"open","sticky":false,"template":"","format":"standard","meta":{"_mi_skip_tracking":false},"categories":[49,37],"tags":[43676,44340,227],"_links":{"self":[{"href":"https:\/\/visionpeninsular.com\/mid\/wp-json\/wp\/v2\/posts\/193110"}],"collection":[{"href":"https:\/\/visionpeninsular.com\/mid\/wp-json\/wp\/v2\/posts"}],"about":[{"href":"https:\/\/visionpeninsular.com\/mid\/wp-json\/wp\/v2\/types\/post"}],"author":[{"embeddable":true,"href":"https:\/\/visionpeninsular.com\/mid\/wp-json\/wp\/v2\/users\/11"}],"replies":[{"embeddable":true,"href":"https:\/\/visionpeninsular.com\/mid\/wp-json\/wp\/v2\/comments?post=193110"}],"version-history":[{"count":1,"href":"https:\/\/visionpeninsular.com\/mid\/wp-json\/wp\/v2\/posts\/193110\/revisions"}],"predecessor-version":[{"id":193113,"href":"https:\/\/visionpeninsular.com\/mid\/wp-json\/wp\/v2\/posts\/193110\/revisions\/193113"}],"wp:featuredmedia":[{"embeddable":true,"href":"https:\/\/visionpeninsular.com\/mid\/wp-json\/wp\/v2\/media\/193112"}],"wp:attachment":[{"href":"https:\/\/visionpeninsular.com\/mid\/wp-json\/wp\/v2\/media?parent=193110"}],"wp:term":[{"taxonomy":"category","embeddable":true,"href":"https:\/\/visionpeninsular.com\/mid\/wp-json\/wp\/v2\/categories?post=193110"},{"taxonomy":"post_tag","embeddable":true,"href":"https:\/\/visionpeninsular.com\/mid\/wp-json\/wp\/v2\/tags?post=193110"}],"curies":[{"name":"wp","href":"https:\/\/api.w.org\/{rel}","templated":true}]}}