{"id":193033,"date":"2024-09-04T15:05:51","date_gmt":"2024-09-04T20:05:51","guid":{"rendered":"https:\/\/visionpeninsular.com\/mid\/?p=193033"},"modified":"2024-09-04T15:05:53","modified_gmt":"2024-09-04T20:05:53","slug":"nino-de-kimbila-representara-a-yucatan-en-la-olimpiada-nacional-de-matematicas","status":"publish","type":"post","link":"https:\/\/visionpeninsular.com\/mid\/nino-de-kimbila-representara-a-yucatan-en-la-olimpiada-nacional-de-matematicas\/","title":{"rendered":"Ni\u00f1o de Kimbil\u00e1 representar\u00e1 a Yucat\u00e1n en la  Olimpiada Nacional de Matem\u00e1ticas"},"content":{"rendered":"\n<ul><li><strong><em>El alumno de la escuela primaria Cecilio Chi de Kimbil\u00e1, Zabdiel Uitzil Garc\u00eda, representar\u00e1 a Yucat\u00e1n en la Olimpiada Mexicana de Matem\u00e1ticas para Educaci\u00f3n B\u00e1sica 2024.<\/em><\/strong><\/li><\/ul>\n\n\n\n<p>La Facultad de Matem\u00e1ticas de la UADY inform\u00f3 de la selecci\u00f3n del estudiante de la comisar\u00eda de Kimbil\u00e1, como tambi\u00e9n lo hizo, David Estrada Peraza, director de la escuela primaria Cecilio Chi, recalcando la participaci\u00f3n del peque\u00f1o en la justa nacional.<\/p>\n\n\n\n<p>La Olimpiada se llevar\u00e1 a cabo del 19 al 22 de septiembre en Oaxtepec, Morelos, donde Zabdiel competir\u00e1 contra estudiantes de todo el pa\u00eds. Su selecci\u00f3n es un reconocimiento a su talento y dedicaci\u00f3n en el \u00e1rea de las matem\u00e1ticas.<\/p>\n\n\n\n<p>El director de la escuela primaria de Kimbil\u00e1, comisar\u00eda de Izamal, expres\u00f3 su orgullo por este logro y agradeci\u00f3 el apoyo del Delegado Estatal de la Olimpiada de Matem\u00e1ticas, Pedro David S\u00e1nchez Salazar. Asimismo, la instituci\u00f3n reafirm\u00f3 su compromiso con la formaci\u00f3n de estudiantes competentes y preparados para enfrentar los retos del futuro.<\/p>\n\n\n\n<p>Cabe mencionar que Kimbil\u00e1 &nbsp;es una comunidad de bordadores de ropa t\u00edpica reconocida a nivel nacional.<\/p>\n\n\n\n<p><\/p>\n\n\n\n<p><\/p>\n\n\n\n<p><\/p>\n\n\n\n<p><\/p>\n\n\n\n<p><\/p>\n\n\n\n<p><\/p>\n\n\n\n<p><\/p>\n\n\n\n<p><\/p>\n\n\n\n<p><\/p>\n\n\n\n<p><\/p>\n\n\n\n<p><\/p>\n\n\n\n<p><\/p>\n\n\n\n<p><\/p>\n\n\n\n<p><\/p>\n<div class='share-to-whatsapp-wrapper'><div class='share-on-whsp'>Share on: <\/div><a data-text='Ni\u00f1o de Kimbil\u00e1 representar\u00e1 a Yucat\u00e1n en la  Olimpiada Nacional de Matem\u00e1ticas' data-link='https:\/\/visionpeninsular.com\/mid\/nino-de-kimbila-representara-a-yucatan-en-la-olimpiada-nacional-de-matematicas\/' class='whatsapp-button whatsapp-share'>WhatsApp<\/a><div class='clear '><\/div><\/div>","protected":false},"excerpt":{"rendered":"<p>El alumno de la escuela primaria Cecilio Chi de Kimbil\u00e1, Zabdiel Uitzil Garc\u00eda, representar\u00e1 a Yucat\u00e1n en la Olimpiada Mexicana de Matem\u00e1ticas para Educaci\u00f3n B\u00e1sica 2024. La Facultad de Matem\u00e1ticas de la UADY inform\u00f3 de la selecci\u00f3n del estudiante de la comisar\u00eda de Kimbil\u00e1, como tambi\u00e9n lo hizo, David Estrada Peraza, director de la escuela &hellip;<\/p>\n","protected":false},"author":5,"featured_media":193035,"comment_status":"open","ping_status":"open","sticky":false,"template":"","format":"standard","meta":{"_mi_skip_tracking":false},"categories":[50,37],"tags":[39985,44315,44314,44313],"_links":{"self":[{"href":"https:\/\/visionpeninsular.com\/mid\/wp-json\/wp\/v2\/posts\/193033"}],"collection":[{"href":"https:\/\/visionpeninsular.com\/mid\/wp-json\/wp\/v2\/posts"}],"about":[{"href":"https:\/\/visionpeninsular.com\/mid\/wp-json\/wp\/v2\/types\/post"}],"author":[{"embeddable":true,"href":"https:\/\/visionpeninsular.com\/mid\/wp-json\/wp\/v2\/users\/5"}],"replies":[{"embeddable":true,"href":"https:\/\/visionpeninsular.com\/mid\/wp-json\/wp\/v2\/comments?post=193033"}],"version-history":[{"count":1,"href":"https:\/\/visionpeninsular.com\/mid\/wp-json\/wp\/v2\/posts\/193033\/revisions"}],"predecessor-version":[{"id":193036,"href":"https:\/\/visionpeninsular.com\/mid\/wp-json\/wp\/v2\/posts\/193033\/revisions\/193036"}],"wp:featuredmedia":[{"embeddable":true,"href":"https:\/\/visionpeninsular.com\/mid\/wp-json\/wp\/v2\/media\/193035"}],"wp:attachment":[{"href":"https:\/\/visionpeninsular.com\/mid\/wp-json\/wp\/v2\/media?parent=193033"}],"wp:term":[{"taxonomy":"category","embeddable":true,"href":"https:\/\/visionpeninsular.com\/mid\/wp-json\/wp\/v2\/categories?post=193033"},{"taxonomy":"post_tag","embeddable":true,"href":"https:\/\/visionpeninsular.com\/mid\/wp-json\/wp\/v2\/tags?post=193033"}],"curies":[{"name":"wp","href":"https:\/\/api.w.org\/{rel}","templated":true}]}}