{"id":192985,"date":"2024-09-03T13:42:44","date_gmt":"2024-09-03T18:42:44","guid":{"rendered":"https:\/\/visionpeninsular.com\/mid\/?p=192985"},"modified":"2024-09-03T13:42:46","modified_gmt":"2024-09-03T18:42:46","slug":"violencia-vicaria-madre-denuncia-sustraccion-de-su-hija","status":"publish","type":"post","link":"https:\/\/visionpeninsular.com\/mid\/violencia-vicaria-madre-denuncia-sustraccion-de-su-hija\/","title":{"rendered":"Violencia vicaria; madre denuncia sustracci\u00f3n de su hija"},"content":{"rendered":"\n<p>Ericka Contreras P\u00e9rez lleva 25 d\u00edas sin saber de su hija, Luc\u00eda, de 5 a\u00f1os de edad, luego de que su ex pareja la sustrajera.<\/p>\n\n\n\n<p>En conferencia de prensa, relat\u00f3 que el 8 de agosto su vida cambi\u00f3, pues fue la \u00faltima vez que vio a Luc\u00eda, debido a que el padre de la menor se neg\u00f3 a entregarla, tras convivir con ella, y posteriormente, la habr\u00eda sustra\u00eddo bas\u00e1ndose en un cuestionable amparo, por lo que la afectada denunci\u00f3 ser v\u00edctima de violencia vicaria.<\/p>\n\n\n\n<p>Ante los medios de comunicaci\u00f3n, Ericka envi\u00f3 un mensaje a su peque\u00f1a hija con quien espera reunirse pronto.<\/p>\n\n\n\n<p>\u00abSi hago esto y estoy aqu\u00ed es porque es necesario que las personas nos ayuden, que quienes te deben cuidar lo hagamos, no solo tus pap\u00e1s, sino tambi\u00e9n las autoridades que reconocen que tus derechos como ni\u00f1a son prioridad y uno de tus derechos es estar conmigo, tu mam\u00e1, y libre en una vida sin violencia. Conf\u00edo en que pronto te ver\u00e9, que nos reuniremos en un lugar bonito para ir a nuestra casa\u00bb, extern\u00f3.<\/p>\n\n\n\n<p>Relat\u00f3 que su vida ha sido complicada, pues denunci\u00f3 que desde que su hija naci\u00f3 recibi\u00f3 amenazas del padre de la menor, por lo que solicit\u00f3 apoyo a las autoridades estatales, a trav\u00e9s del Centro de Atenci\u00f3n Violeta.<\/p>\n\n\n\n<figure class=\"wp-block-image size-full\"><img loading=\"lazy\" width=\"768\" height=\"432\" src=\"https:\/\/visionpeninsular.com\/mid\/wp-content\/uploads\/2024\/09\/Ericka-Contreras-Perez-scaled-1.jpg\" alt=\"\" class=\"wp-image-192988\" srcset=\"https:\/\/visionpeninsular.com\/mid\/wp-content\/uploads\/2024\/09\/Ericka-Contreras-Perez-scaled-1.jpg 768w, https:\/\/visionpeninsular.com\/mid\/wp-content\/uploads\/2024\/09\/Ericka-Contreras-Perez-scaled-1-300x169.jpg 300w\" sizes=\"(max-width: 768px) 100vw, 768px\" \/><\/figure>\n\n\n\n<p><strong>Custodia<\/strong><\/p>\n\n\n\n<p>Explic\u00f3 que desde julio pasado se le otorg\u00f3 la custodia de Luc\u00eda, aunque el padre de la peque\u00f1a ten\u00eda derecho de convivencia, lo cual habr\u00eda aprovechado para quedarse con la menor.<\/p>\n\n\n\n<p>Ericka explic\u00f3 que un d\u00eda despu\u00e9s de ver por \u00faltima vez a su hija, present\u00f3 un escrito ante el juzgado familiar para que se le entregara a la menor e interpuso una denuncia en contra de su ex pareja, aunque este no cumpli\u00f3 con regresar a la peque\u00f1a, por lo que se activ\u00f3 una Alerta Amber.<\/p>\n\n\n\n<p>Tambi\u00e9n denunci\u00f3 que el sujeto en cuesti\u00f3n ingres\u00f3 un amparo provisional con presunta informaci\u00f3n falsa, lo que deriv\u00f3 en la aparente vulneraci\u00f3n de la madre, quien exigi\u00f3 a las autoridades respetar los derechos de la menor.<\/p>\n\n\n\n<p>\u00abExijo a las autoridades que puedan ser parte de la protecci\u00f3n de mi hija y de nuestros derechos como mujeres, que act\u00faen de manera eficaz, \u00e9tica e inmediata para realmente darnos acceso a una vida libre de violencia. A los juzgadores que participar\u00e1n en este proceso legal, les suplico y recurso que sus hijos deben ser con perspectiva de infancia y de g\u00e9nero\u00bb, extern\u00f3.<\/p>\n\n\n\n<p>Diversas asociaciones civiles y activistas cobijaron a Ericka en su lucha, por lo que aseguraron que continuar\u00e1n exigiendo a las autoridades dar celeridad al proceso para hallar a Luc\u00eda y reunirse con su madre.<\/p>\n\n\n\n<p>Tambi\u00e9n, se solicit\u00f3 hacer cumplir la Ley Vicaria en Yucat\u00e1n, la cual est\u00e1 vigente desde hace m\u00e1s de un a\u00f1o.<\/p>\n<div class='share-to-whatsapp-wrapper'><div class='share-on-whsp'>Share on: <\/div><a data-text='Violencia vicaria; madre denuncia sustracci\u00f3n de su hija' data-link='https:\/\/visionpeninsular.com\/mid\/violencia-vicaria-madre-denuncia-sustraccion-de-su-hija\/' class='whatsapp-button whatsapp-share'>WhatsApp<\/a><div class='clear '><\/div><\/div>","protected":false},"excerpt":{"rendered":"<p>Ericka Contreras P\u00e9rez lleva 25 d\u00edas sin saber de su hija, Luc\u00eda, de 5 a\u00f1os de edad, luego de que su ex pareja la sustrajera. En conferencia de prensa, relat\u00f3 que el 8 de agosto su vida cambi\u00f3, pues fue la \u00faltima vez que vio a Luc\u00eda, debido a que el padre de la menor &hellip;<\/p>\n","protected":false},"author":5,"featured_media":192987,"comment_status":"open","ping_status":"open","sticky":false,"template":"","format":"standard","meta":{"_mi_skip_tracking":false},"categories":[50,37],"tags":[44295,31023],"_links":{"self":[{"href":"https:\/\/visionpeninsular.com\/mid\/wp-json\/wp\/v2\/posts\/192985"}],"collection":[{"href":"https:\/\/visionpeninsular.com\/mid\/wp-json\/wp\/v2\/posts"}],"about":[{"href":"https:\/\/visionpeninsular.com\/mid\/wp-json\/wp\/v2\/types\/post"}],"author":[{"embeddable":true,"href":"https:\/\/visionpeninsular.com\/mid\/wp-json\/wp\/v2\/users\/5"}],"replies":[{"embeddable":true,"href":"https:\/\/visionpeninsular.com\/mid\/wp-json\/wp\/v2\/comments?post=192985"}],"version-history":[{"count":1,"href":"https:\/\/visionpeninsular.com\/mid\/wp-json\/wp\/v2\/posts\/192985\/revisions"}],"predecessor-version":[{"id":192989,"href":"https:\/\/visionpeninsular.com\/mid\/wp-json\/wp\/v2\/posts\/192985\/revisions\/192989"}],"wp:featuredmedia":[{"embeddable":true,"href":"https:\/\/visionpeninsular.com\/mid\/wp-json\/wp\/v2\/media\/192987"}],"wp:attachment":[{"href":"https:\/\/visionpeninsular.com\/mid\/wp-json\/wp\/v2\/media?parent=192985"}],"wp:term":[{"taxonomy":"category","embeddable":true,"href":"https:\/\/visionpeninsular.com\/mid\/wp-json\/wp\/v2\/categories?post=192985"},{"taxonomy":"post_tag","embeddable":true,"href":"https:\/\/visionpeninsular.com\/mid\/wp-json\/wp\/v2\/tags?post=192985"}],"curies":[{"name":"wp","href":"https:\/\/api.w.org\/{rel}","templated":true}]}}