{"id":192418,"date":"2024-08-21T12:08:01","date_gmt":"2024-08-21T17:08:01","guid":{"rendered":"https:\/\/visionpeninsular.com\/mid\/?p=192418"},"modified":"2024-08-21T12:08:03","modified_gmt":"2024-08-21T17:08:03","slug":"podra-claudia-sheinbaum","status":"publish","type":"post","link":"https:\/\/visionpeninsular.com\/mid\/podra-claudia-sheinbaum\/","title":{"rendered":"\u00bfPodr\u00e1 Claudia Sheinbaum?"},"content":{"rendered":"\n<p>Por:SemM\u00e9xico<\/p>\n\n\n\n<p>Dulce Mar\u00eda Sauri Riancho*<\/p>\n\n\n\n<p>SemM\u00e9xico, M\u00e9rida&nbsp; Yucat\u00e1n, 21 de agosto, 2024.- \u201cEs la primera vez en 200 a\u00f1os de la Rep\u00fablica, que recibe el reconocimiento de Presidenta Electa una mujer. Presidenta, con \u2018A\u2019\u201d.<\/p>\n\n\n\n<p>Quise comenzar con la cita de la intervenci\u00f3n de la presidenta electa, Claudia Sheinbaum, hace siete d\u00edas, el pasado 15 de agosto, ante el Tribunal Electoral que le entreg\u00f3 su constancia de mayor\u00eda. De entrada, expres\u00f3 una especie de exigencia-reclamo del g\u00e9nero gramatical femenino para nombrarla. No es cosa menor frente a los mis\u00f3ginos de cl\u00f3set, puristas del idioma y la Real Academia Espa\u00f1ola para quienes el femenino solo se debe utilizar coloquialmente para aplicarlo a la \u201cmujer del presidente\u201d.<\/p>\n\n\n\n<p><strong>Compromiso<\/strong><\/p>\n\n\n\n<p>No me detendr\u00e9 en abundar sobre el enorme compromiso contra\u00eddo con las mujeres y las ni\u00f1as de M\u00e9xico por parte de la presidenta 2024-2030. Varias destacadas plumas feministas como las de Clara Scherer e Ivonne Melgar han realizado apuntes precisos hacia el pasado que hizo posible este presente de mujeres. Por mi parte, no s\u00f3lo quiero destacar que se trata de la primera en 200 a\u00f1os, sino tambi\u00e9n de la titular del poder Ejecutivo federal, en un sistema presidencialista, con plenas capacidades para tomar decisiones sobre el aparato administrativo en su conjunto.<\/p>\n\n\n\n<p>Ella podr\u00e1 dise\u00f1ar las pol\u00edticas p\u00fablicas e impulsar los programas necesarios para alcanzar objetivos de bienestar y metas muy concretas que se traduzcan en avances reales de las mujeres para ejercer plenamente sus derechos: al trabajo, educaci\u00f3n, salud, empleo remunerado y muy especialmente, a una vida libre de cualquier tipo de violencia. En sus declaraciones ha identificado como prioridad el desarrollo de un sistema nacional de cuidados que, al instrumentarse, har\u00e1 posible compartir la responsabilidad del cuidado de las personas entre la sociedad y el Estado en todo su ciclo de vida, desde la m\u00e1s tierna infancia hasta la ancianidad. Crucial compromiso que, de cumplirse, beneficiar\u00e1 ampliamente a millones de mujeres, las cuidadoras en los hogares quienes, por realizar esa funci\u00f3n, se han visto restringidas para educarse, trabajar con salarios dignos o simplemente, para disfrutar de momentos de ocio y descanso muy merecidos.<\/p>\n\n\n\n<p><strong>Carlos Loret de Mola: AMLO est\u00e1 muy nervioso<\/strong><\/p>\n\n\n\n<p>No habr\u00eda excusa posible si la presidenta Sheinbaum no logra \u201calinear\u201d las acciones gubernamentales en su conjunto a favor de las mujeres. No tendr\u00e1 las limitaciones de sus predecesores respecto al presupuesto disponible, pues su partido, Morena, y sus aliados pol\u00edticos en el Congreso dominar\u00e1n plenamente las comisiones camarales donde se aprueban los ingresos y se distribuye el presupuesto. Dinero habr\u00e1, la voluntad presidencial parece que tambi\u00e9n. Entonces, manos a la obra de la \u201crevoluci\u00f3n de los cuidados\u201d.<\/p>\n\n\n\n<p>La segunda cita trata una cuesti\u00f3n que, considero de la mayor relevancia. Claudia Sheinbaum dijo: \u201cSer\u00eda pertinente convocar a un congreso de nuestro partido (Morena) en este mes de septiembre. Pienso yo es solo una sugerencia. Que actualice este nuevo proceso de la transformaci\u00f3n. Nuestros documentos b\u00e1sicos, nuestros estatutos y que se pueda trazar una ruta clara que separe la labor del partido y la labor del gobierno en el proceso de transformaci\u00f3n\u201d. (Negrillas, DMSR).<\/p>\n\n\n\n<p>De pronto me encontr\u00e9 en una especie de \u201cd\u00e9j\u00e0 vu\u201d, reminiscencias de noviembre de 1994, cuando al t\u00e9rmino de una reuni\u00f3n de la Comisi\u00f3n de Ideolog\u00eda del PRI, el presidente electo Ernesto Zedillo se refiri\u00f3 a la necesidad de establecer \u201cuna sana distancia\u201d entre el PRI y el gobierno que encabezar\u00eda a partir del 1\u00ba de diciembre. Muchas veces me he preguntado hacia d\u00f3nde hubiera transitado el sistema pol\u00edtico y los partidos si no hubiera ocurrido, veinte d\u00edas despu\u00e9s del inicio de su mandato, el llamado \u201cerror de diciembre\u201d, que cimbr\u00f3 la econom\u00eda nacional y puso en un serio predicamento al r\u00e9gimen. La utilizaci\u00f3n de las mayor\u00edas legislativas absolutas y constitucionales que todav\u00eda el PRI manten\u00eda, permiti\u00f3 la salida de la crisis econ\u00f3mica, a costa de medidas claramente impopulares, como el incremento de la tasa general del IVA, dejando fuera (tasa cero) a alimentos y medicinas, como hasta la fecha. La \u201csana distancia\u201d de entonces, en virtud de las circunstancias, se transform\u00f3 en una \u201cinsana cercan\u00eda\u201d, que salv\u00f3 al r\u00e9gimen, pero hundi\u00f3 al PRI electoralmente.<\/p>\n\n\n\n<p><strong>Visi\u00f3n de estadista<\/strong><\/p>\n\n\n\n<p>Confieso que me sorprendi\u00f3 el planteamiento de Claudia Sheinbaum. Deja ver una incipiente visi\u00f3n de estadista, su comprensi\u00f3n sobre la necesidad de institucionalizar a la fuerza pol\u00edtica mayoritaria que es Morena. A pesar de sus muy importantes triunfos, el partido en el gobierno es un agregado de tribus pol\u00edticas en torno a un solo hombre, Andr\u00e9s Manuel L\u00f3pez Obrador.<\/p>\n\n\n\n<p>El tr\u00e1nsito hacia una nueva presidencia, con su atribuciones constitucionales y pol\u00edticas, requiere de un respaldo pol\u00edtico-partidista que, en palabras de la presidenta electa, separe la labor del partido de las funciones del nuevo gobierno. Esta distinci\u00f3n ser\u00eda un leve rayo de esperanza sobre la naturaleza del nuevo r\u00e9gimen pol\u00edtico que habr\u00e1 de surgir a partir del 1\u00ba de septiembre pr\u00f3ximo.<\/p>\n\n\n\n<p>El hecho de ser la primera mujer en la presidencia pesa mucho. Suceder a L\u00f3pez Obrador, tambi\u00e9n. En cuanto a la \u201csana distancia\u201d partidista, la incorporaci\u00f3n a su gabinete del presidente y la secretaria general de Morena habla de que la cuenta podr\u00e1 moverse a partir del 1\u00ba de octubre.<\/p>\n\n\n\n<p>Por lo pronto, Mario Delgado va a Educaci\u00f3n y Citlali Hern\u00e1ndez, a la secretar\u00eda de la Mujer, de nueva creaci\u00f3n. Este \u00faltimo nombramiento contradice las expectativas de inclusi\u00f3n y participaci\u00f3n de las mujeres, con el riesgo de que el sistema nacional de cuidados se vuelva un tema dogm\u00e1tico y clientelar.<\/p>\n\n\n\n<p>Y eso que falta superar la \u201cprueba de fuego\u201d de la sucesi\u00f3n en Morena el pr\u00f3ximo septiembre.<\/p>\n\n\n\n<p><strong>Dichos y hechos<\/strong><\/p>\n\n\n\n<p>Espero que entre los dichos del 15 de agosto y los hechos de su gobierno haya muy poco trecho para Claudia Sheinbaum. As\u00ed lo exige el compromiso de \u201cseguir construyendo un M\u00e9xico libre, de bienestar; un M\u00e9xico de derechos, en paz, fraterno, independiente, soberano, democr\u00e1tico y justo.<\/p>\n\n\n\n<p>*dulcesauri@gmail.com<\/p>\n\n\n\n<p>*Licenciada en Sociolog\u00eda con doctorado en Historia. Exgobernadora de Yucat\u00e1n<\/p>\n<div class='share-to-whatsapp-wrapper'><div class='share-on-whsp'>Share on: <\/div><a data-text='\u00bfPodr\u00e1 Claudia Sheinbaum?' data-link='https:\/\/visionpeninsular.com\/mid\/podra-claudia-sheinbaum\/' class='whatsapp-button whatsapp-share'>WhatsApp<\/a><div class='clear '><\/div><\/div>","protected":false},"excerpt":{"rendered":"<p>Por:SemM\u00e9xico Dulce Mar\u00eda Sauri Riancho* SemM\u00e9xico, M\u00e9rida&nbsp; Yucat\u00e1n, 21 de agosto, 2024.- \u201cEs la primera vez en 200 a\u00f1os de la Rep\u00fablica, que recibe el reconocimiento de Presidenta Electa una mujer. Presidenta, con \u2018A\u2019\u201d. Quise comenzar con la cita de la intervenci\u00f3n de la presidenta electa, Claudia Sheinbaum, hace siete d\u00edas, el pasado 15 de &hellip;<\/p>\n","protected":false},"author":5,"featured_media":149239,"comment_status":"open","ping_status":"open","sticky":false,"template":"","format":"standard","meta":{"_mi_skip_tracking":false},"categories":[44],"tags":[44115,44114,22016,1093],"_links":{"self":[{"href":"https:\/\/visionpeninsular.com\/mid\/wp-json\/wp\/v2\/posts\/192418"}],"collection":[{"href":"https:\/\/visionpeninsular.com\/mid\/wp-json\/wp\/v2\/posts"}],"about":[{"href":"https:\/\/visionpeninsular.com\/mid\/wp-json\/wp\/v2\/types\/post"}],"author":[{"embeddable":true,"href":"https:\/\/visionpeninsular.com\/mid\/wp-json\/wp\/v2\/users\/5"}],"replies":[{"embeddable":true,"href":"https:\/\/visionpeninsular.com\/mid\/wp-json\/wp\/v2\/comments?post=192418"}],"version-history":[{"count":1,"href":"https:\/\/visionpeninsular.com\/mid\/wp-json\/wp\/v2\/posts\/192418\/revisions"}],"predecessor-version":[{"id":192420,"href":"https:\/\/visionpeninsular.com\/mid\/wp-json\/wp\/v2\/posts\/192418\/revisions\/192420"}],"wp:featuredmedia":[{"embeddable":true,"href":"https:\/\/visionpeninsular.com\/mid\/wp-json\/wp\/v2\/media\/149239"}],"wp:attachment":[{"href":"https:\/\/visionpeninsular.com\/mid\/wp-json\/wp\/v2\/media?parent=192418"}],"wp:term":[{"taxonomy":"category","embeddable":true,"href":"https:\/\/visionpeninsular.com\/mid\/wp-json\/wp\/v2\/categories?post=192418"},{"taxonomy":"post_tag","embeddable":true,"href":"https:\/\/visionpeninsular.com\/mid\/wp-json\/wp\/v2\/tags?post=192418"}],"curies":[{"name":"wp","href":"https:\/\/api.w.org\/{rel}","templated":true}]}}