{"id":192382,"date":"2024-08-20T13:36:49","date_gmt":"2024-08-20T18:36:49","guid":{"rendered":"https:\/\/visionpeninsular.com\/mid\/?p=192382"},"modified":"2024-08-20T13:36:51","modified_gmt":"2024-08-20T18:36:51","slug":"mauricio-vila-dosal-confirma-la-transformacion-del-transporte-publico-en-tizimin","status":"publish","type":"post","link":"https:\/\/visionpeninsular.com\/mid\/mauricio-vila-dosal-confirma-la-transformacion-del-transporte-publico-en-tizimin\/","title":{"rendered":"Mauricio Vila Dosal confirma la transformaci\u00f3n del transporte p\u00fablico en Tizim\u00edn"},"content":{"rendered":"\n<ul><li><strong><em>A bordo de una unidad del Va y ven, Vila Dosal supervis\u00f3 el recorrido y funcionamiento de las unidades en este municipio.<\/em><\/strong><\/li><\/ul>\n\n\n\n<p>&nbsp;Tizim\u00edn, Yucat\u00e1n, 19 de agosto de 2024.-La transformaci\u00f3n del transporte p\u00fablico llega al interior del estado para garantizar a los yucatecos una movilidad m\u00e1s c\u00f3moda y eficiente, as\u00ed lo constat\u00f3 el Gobernador Mauricio Vila Dosal quien supervis\u00f3 el recorrido de las nuevas rutas del \u201cVa y ven\u201d en Tizim\u00edn las cuales funcionan con 10 modernas unidades h\u00edbridas que ayudan a reducir la emisi\u00f3n de CO2, haci\u00e9ndolas amigables con el entorno.<\/p>\n\n\n\n<p>En gira de trabajo por este municipio, el Gobernador junto al alcalde anfitri\u00f3n, Pedro Couoh Suaste, abord\u00f3 la unidad en el paradero del plantel Tizim\u00edn del Colegio Nacional de Educaci\u00f3n Profesional T\u00e9cnica (Conalep), donde supervis\u00f3 su funcionamiento y aprovech\u00f3 la oportunidad para platicar con los usuarios quienes coincidieron en que este nuevo servicio es m\u00e1s eficiente y c\u00f3modo sobre todo para las personas que tienen alg\u00fan tipo de discapacidad.<\/p>\n\n\n\n<p>En ese sentido, Vila Dosal reiter\u00f3 que la importancia de que la transformaci\u00f3n del transporte llegue a cada rinc\u00f3n de Yucat\u00e1n y no s\u00f3lo se concentre en M\u00e9rida, pues todos los habitantes merecen un mejor servicio de digno y de calidad.<\/p>\n\n\n\n<p>En Tizim\u00edn, existen actualmente 3 rutas: Cobay-Polifuncional, Santo Domingo Sur y Conalep-Maquiladoras, mismas que cubren cerca de 30 puntos de inter\u00e9s entre agencias de seguridad, centros de salud, escuelas de todos los niveles, sitios de esparcimiento, unidades deportivas, espacios culturales, comercios y servicios, garantizando el derecho a la movilidad de la poblaci\u00f3n con los m\u00e1s altos est\u00e1ndares de calidad.<\/p>\n\n\n\n<figure class=\"wp-block-image size-full\"><img loading=\"lazy\" width=\"500\" height=\"330\" src=\"https:\/\/visionpeninsular.com\/mid\/wp-content\/uploads\/2024\/08\/vilatiz-2.jpg\" alt=\"\" class=\"wp-image-192385\" srcset=\"https:\/\/visionpeninsular.com\/mid\/wp-content\/uploads\/2024\/08\/vilatiz-2.jpg 500w, https:\/\/visionpeninsular.com\/mid\/wp-content\/uploads\/2024\/08\/vilatiz-2-300x198.jpg 300w, https:\/\/visionpeninsular.com\/mid\/wp-content\/uploads\/2024\/08\/vilatiz-2-310x205.jpg 310w\" sizes=\"(max-width: 500px) 100vw, 500px\" \/><\/figure>\n\n\n\n<p>Isabel Puc Mendoza, asegur\u00f3 que tras la llegada de este nuevo servicio a Tizim\u00edn, los usuarios est\u00e1n muy contentos, ya que es m\u00e1s c\u00f3modo y con su tarjeta de tarifa social paga menos cuando acude a sus consultas en el Hospital San Carlos de este municipio.<\/p>\n\n\n\n<p>\u201cMe parece un servicio fabuloso, que bueno que lleg\u00f3 hasta ac\u00e1, ya nos tocaba, siempre todo se queda en M\u00e9rida, pero es muy bueno que lo hayan tra\u00eddo a Tizim\u00edn, ac\u00e1 ya se necesitaban nuevos camiones, sobre todo que nos sirvieran a personas como yo que ya somos grandes y usamos bast\u00f3n o algunos hasta silla de ruedas\u201d, mencion\u00f3.<\/p>\n\n\n\n<p>De esta manera, Tizim\u00edn se suma a los municipios de Valladolid, Um\u00e1n, Kanas\u00edn y Progreso, mediante el Circuito Comisar\u00edas, adem\u00e1s de M\u00e9rida, que ya tienen un transporte seguro, eficiente y c\u00f3modo, a la altura de lo que la poblaci\u00f3n yucateca merece.<\/p>\n<div class='share-to-whatsapp-wrapper'><div class='share-on-whsp'>Share on: <\/div><a data-text='Mauricio Vila Dosal confirma la transformaci\u00f3n del transporte p\u00fablico en Tizim\u00edn' data-link='https:\/\/visionpeninsular.com\/mid\/mauricio-vila-dosal-confirma-la-transformacion-del-transporte-publico-en-tizimin\/' class='whatsapp-button whatsapp-share'>WhatsApp<\/a><div class='clear '><\/div><\/div>","protected":false},"excerpt":{"rendered":"<p>A bordo de una unidad del Va y ven, Vila Dosal supervis\u00f3 el recorrido y funcionamiento de las unidades en este municipio. &nbsp;Tizim\u00edn, Yucat\u00e1n, 19 de agosto de 2024.-La transformaci\u00f3n del transporte p\u00fablico llega al interior del estado para garantizar a los yucatecos una movilidad m\u00e1s c\u00f3moda y eficiente, as\u00ed lo constat\u00f3 el Gobernador Mauricio &hellip;<\/p>\n","protected":false},"author":5,"featured_media":192384,"comment_status":"open","ping_status":"open","sticky":false,"template":"","format":"standard","meta":{"_mi_skip_tracking":false},"categories":[49,37],"tags":[185,526,44098,29369],"_links":{"self":[{"href":"https:\/\/visionpeninsular.com\/mid\/wp-json\/wp\/v2\/posts\/192382"}],"collection":[{"href":"https:\/\/visionpeninsular.com\/mid\/wp-json\/wp\/v2\/posts"}],"about":[{"href":"https:\/\/visionpeninsular.com\/mid\/wp-json\/wp\/v2\/types\/post"}],"author":[{"embeddable":true,"href":"https:\/\/visionpeninsular.com\/mid\/wp-json\/wp\/v2\/users\/5"}],"replies":[{"embeddable":true,"href":"https:\/\/visionpeninsular.com\/mid\/wp-json\/wp\/v2\/comments?post=192382"}],"version-history":[{"count":1,"href":"https:\/\/visionpeninsular.com\/mid\/wp-json\/wp\/v2\/posts\/192382\/revisions"}],"predecessor-version":[{"id":192386,"href":"https:\/\/visionpeninsular.com\/mid\/wp-json\/wp\/v2\/posts\/192382\/revisions\/192386"}],"wp:featuredmedia":[{"embeddable":true,"href":"https:\/\/visionpeninsular.com\/mid\/wp-json\/wp\/v2\/media\/192384"}],"wp:attachment":[{"href":"https:\/\/visionpeninsular.com\/mid\/wp-json\/wp\/v2\/media?parent=192382"}],"wp:term":[{"taxonomy":"category","embeddable":true,"href":"https:\/\/visionpeninsular.com\/mid\/wp-json\/wp\/v2\/categories?post=192382"},{"taxonomy":"post_tag","embeddable":true,"href":"https:\/\/visionpeninsular.com\/mid\/wp-json\/wp\/v2\/tags?post=192382"}],"curies":[{"name":"wp","href":"https:\/\/api.w.org\/{rel}","templated":true}]}}