{"id":192252,"date":"2024-08-17T11:57:52","date_gmt":"2024-08-17T16:57:52","guid":{"rendered":"https:\/\/visionpeninsular.com\/mid\/?p=192252"},"modified":"2024-08-17T11:57:54","modified_gmt":"2024-08-17T16:57:54","slug":"parque-de-deportes-extremos-tendra-fuente-danzante-y-comedor","status":"publish","type":"post","link":"https:\/\/visionpeninsular.com\/mid\/parque-de-deportes-extremos-tendra-fuente-danzante-y-comedor\/","title":{"rendered":"Parque de Deportes Extremos tendr\u00e1 fuente danzante y comedor"},"content":{"rendered":"\n<p>Durante el recorrido de supervisi\u00f3n de los trabajos que realiza en el Parque Municipal de Deportes Extremos y el Parque \u201cLa Visita\u201d del fraccionamiento Juan Pablo II, el alcalde Alejandro Ruz Castro afirm\u00f3 que la infraestructura urbana de M\u00e9rida est\u00e1 en constante modernizaci\u00f3n de los espacios p\u00fablicos para ofrecer servicios de calidad.<\/p>\n\n\n\n<p><strong>Reubicaron fuente danzante<\/strong><\/p>\n\n\n\n<p>\u201cEstos son espacios de sana convivencia, que fomentan el cuidado de la salud f\u00edsica y emocional, as\u00ed como impulsan el sentido de comunidad que nos distingue como una sociedad generosa, gracias a la colaboraci\u00f3n entre los diferentes agentes sociales para crear un ambiente de paz en sus nuevas generaciones\u201d, expres\u00f3.<\/p>\n\n\n\n<p>En el Parque de Deportes Extremos, Ruz Castro constat\u00f3 el inicio de los trabajos de construcci\u00f3n de la fuente din\u00e1mica que se realiza en la explanada de la entrada principal y del \u00e1rea recreativa, donde estar\u00e1 ubicado el \u00e1rea de comedor. En estas acciones el Ayuntamiento invierte 20 millones 258 mil 341.51 pesos.<\/p>\n\n\n\n<figure class=\"wp-block-image size-full\"><img loading=\"lazy\" width=\"768\" height=\"512\" src=\"https:\/\/visionpeninsular.com\/mid\/wp-content\/uploads\/2024\/08\/PARQUE-DEPORTES-EXTREMOS2-scaled-1.jpeg\" alt=\"\" class=\"wp-image-192255\" srcset=\"https:\/\/visionpeninsular.com\/mid\/wp-content\/uploads\/2024\/08\/PARQUE-DEPORTES-EXTREMOS2-scaled-1.jpeg 768w, https:\/\/visionpeninsular.com\/mid\/wp-content\/uploads\/2024\/08\/PARQUE-DEPORTES-EXTREMOS2-scaled-1-300x200.jpeg 300w\" sizes=\"(max-width: 768px) 100vw, 768px\" \/><\/figure>\n\n\n\n<p>Acompa\u00f1ado del director de Obras P\u00fablicas, David Lor\u00eda Magdub, el Alcalde record\u00f3 que esta fuente se ten\u00eda contemplada construir en la Plaza Grande como parte del proyecto de rehabilitaci\u00f3n que se realiza actualmente y que se decidi\u00f3 reubicar en este espacio.<\/p>\n\n\n\n<p>Agreg\u00f3 que la fuente tendr\u00e1 un \u00e1rea total de 433.74 m2 dotada de un estanque en el interior con capacidad de almacenar 61.00 m3. de agua, que representa una inversi\u00f3n de 4 millones 450 mil 719.62.<\/p>\n\n\n\n<p>En el caso de la construcci\u00f3n del \u00e1rea recreativa del parque, Ruz Castro explic\u00f3 que tiene un avance del 70% e incluye un \u00e1rea de ba\u00f1os, l\u00e1mparas solares, una taquilla, una plaza con velar\u00eda, mesas y bancas para el convivio y descanso de las personas y familias que acudan a este espacio recreativo.<\/p>\n\n\n\n<figure class=\"wp-block-image size-full\"><img loading=\"lazy\" width=\"768\" height=\"512\" src=\"https:\/\/visionpeninsular.com\/mid\/wp-content\/uploads\/2024\/08\/PARQUE-DEPORTES-EXTREMOS3-scaled-1.jpeg\" alt=\"\" class=\"wp-image-192256\" srcset=\"https:\/\/visionpeninsular.com\/mid\/wp-content\/uploads\/2024\/08\/PARQUE-DEPORTES-EXTREMOS3-scaled-1.jpeg 768w, https:\/\/visionpeninsular.com\/mid\/wp-content\/uploads\/2024\/08\/PARQUE-DEPORTES-EXTREMOS3-scaled-1-300x200.jpeg 300w\" sizes=\"(max-width: 768px) 100vw, 768px\" \/><\/figure>\n\n\n\n<p>\u201cLa responsabilidad y generosidad de los contribuyentes meridanos y la buena administraci\u00f3n de sus recursos permiti\u00f3 que canaliz\u00e1ramos a este parque, desde su creaci\u00f3n en el 2015 a la presente fecha, poco m\u00e1s de $66 millones de pesos\u201d, abund\u00f3.<\/p>\n\n\n\n<p><strong>Obras en parque \u00abLa Visita\u00bb<\/strong><\/p>\n\n\n\n<p>Previamente, el Presidente Municipal acudi\u00f3 al Parque \u201cLa Visita\u201d ubicado en la calle 18 por 51-A y 53, del fraccionamiento Juan Pablo II, donde supervis\u00f3 los trabajos de mantenimiento del \u00e1rea verde y el funcionamiento de la fuente interactiva colocada en el corredor peatonal que da acceso a la entrada de la iglesia del fraccionamiento.<\/p>\n\n\n\n<p>Agreg\u00f3 que la fuente danzante incluir\u00e1 un espect\u00e1culo completamente sincronizado de agua y luces de colores, cuyos movimientos ser\u00e1n al ritmo de la m\u00fasica para el disfrute y deleite visual de las y los visitantes, adem\u00e1s tendr\u00e1 una coreograf\u00eda acu\u00e1tica cuyos chorros de agua alcanzar\u00e1n hasta seis metros de altura.<\/p>\n\n\n\n<p>En el recorrido por el lugar, Ruz Castro tambi\u00e9n verific\u00f3 los trabajos de limpieza, alumbrado p\u00fablico, mantenimiento de rejillas, zanjas y pozos pluviales, que se realizan para mantener en \u00f3ptimas condiciones los espacios p\u00fablicos de la ciudad.<\/p>\n\n\n\n<p><strong>Mantenimiento constante<\/strong><\/p>\n\n\n\n<p>Asimismo, resalt\u00f3 que, a trav\u00e9s de la direcci\u00f3n de Servicios P\u00fablicos, el Ayuntamiento mantiene permanentemente cuadrillas de drenaje, aseo urbano y parques y jardines para atender de manera inmediata cualquier reporte en el Municipio.<\/p>\n\n\n\n<figure class=\"wp-block-image size-full\"><img loading=\"lazy\" width=\"768\" height=\"512\" src=\"https:\/\/visionpeninsular.com\/mid\/wp-content\/uploads\/2024\/08\/PARQUE-DEPORTES-EXTREMOS4-scaled-1.jpeg\" alt=\"\" class=\"wp-image-192257\" srcset=\"https:\/\/visionpeninsular.com\/mid\/wp-content\/uploads\/2024\/08\/PARQUE-DEPORTES-EXTREMOS4-scaled-1.jpeg 768w, https:\/\/visionpeninsular.com\/mid\/wp-content\/uploads\/2024\/08\/PARQUE-DEPORTES-EXTREMOS4-scaled-1-300x200.jpeg 300w\" sizes=\"(max-width: 768px) 100vw, 768px\" \/><\/figure>\n\n\n\n<p>\u201cSe cuenta con 196 personas asignadas al Drenaje Poniente y Oriente, que conforman 38 cuadrillas que se dividen en tres turnos y dos guardias permanentes para el fin de semana\u201d, indic\u00f3.<\/p>\n\n\n\n<p>Finalmente, coment\u00f3 que, a pesar de las intensas lluvias que han ca\u00eddo las \u00faltimas semanas, la Comuna contin\u00faa atendiendo el mantenimiento de calles principales tanto en las colonias, fraccionamientos y comisar\u00edas del norte, sur, oriente y poniente de la ciudad, a fin de evitar mayores inconvenientes a la ciudadan\u00eda.<\/p>\n<div class='share-to-whatsapp-wrapper'><div class='share-on-whsp'>Share on: <\/div><a data-text='Parque de Deportes Extremos tendr\u00e1 fuente danzante y comedor' data-link='https:\/\/visionpeninsular.com\/mid\/parque-de-deportes-extremos-tendra-fuente-danzante-y-comedor\/' class='whatsapp-button whatsapp-share'>WhatsApp<\/a><div class='clear '><\/div><\/div>","protected":false},"excerpt":{"rendered":"<p>Durante el recorrido de supervisi\u00f3n de los trabajos que realiza en el Parque Municipal de Deportes Extremos y el Parque \u201cLa Visita\u201d del fraccionamiento Juan Pablo II, el alcalde Alejandro Ruz Castro afirm\u00f3 que la infraestructura urbana de M\u00e9rida est\u00e1 en constante modernizaci\u00f3n de los espacios p\u00fablicos para ofrecer servicios de calidad. Reubicaron fuente danzante &hellip;<\/p>\n","protected":false},"author":5,"featured_media":192254,"comment_status":"open","ping_status":"open","sticky":false,"template":"","format":"standard","meta":{"_mi_skip_tracking":false},"categories":[49,37],"tags":[13587,44046,44045,44047],"_links":{"self":[{"href":"https:\/\/visionpeninsular.com\/mid\/wp-json\/wp\/v2\/posts\/192252"}],"collection":[{"href":"https:\/\/visionpeninsular.com\/mid\/wp-json\/wp\/v2\/posts"}],"about":[{"href":"https:\/\/visionpeninsular.com\/mid\/wp-json\/wp\/v2\/types\/post"}],"author":[{"embeddable":true,"href":"https:\/\/visionpeninsular.com\/mid\/wp-json\/wp\/v2\/users\/5"}],"replies":[{"embeddable":true,"href":"https:\/\/visionpeninsular.com\/mid\/wp-json\/wp\/v2\/comments?post=192252"}],"version-history":[{"count":1,"href":"https:\/\/visionpeninsular.com\/mid\/wp-json\/wp\/v2\/posts\/192252\/revisions"}],"predecessor-version":[{"id":192258,"href":"https:\/\/visionpeninsular.com\/mid\/wp-json\/wp\/v2\/posts\/192252\/revisions\/192258"}],"wp:featuredmedia":[{"embeddable":true,"href":"https:\/\/visionpeninsular.com\/mid\/wp-json\/wp\/v2\/media\/192254"}],"wp:attachment":[{"href":"https:\/\/visionpeninsular.com\/mid\/wp-json\/wp\/v2\/media?parent=192252"}],"wp:term":[{"taxonomy":"category","embeddable":true,"href":"https:\/\/visionpeninsular.com\/mid\/wp-json\/wp\/v2\/categories?post=192252"},{"taxonomy":"post_tag","embeddable":true,"href":"https:\/\/visionpeninsular.com\/mid\/wp-json\/wp\/v2\/tags?post=192252"}],"curies":[{"name":"wp","href":"https:\/\/api.w.org\/{rel}","templated":true}]}}