{"id":192244,"date":"2024-08-16T21:49:13","date_gmt":"2024-08-17T02:49:13","guid":{"rendered":"https:\/\/visionpeninsular.com\/mid\/?p=192244"},"modified":"2024-08-16T21:49:15","modified_gmt":"2024-08-17T02:49:15","slug":"exportadores-celebran-que-los-gobiernos-federal-y-estatal-electos-mejoren-la-ampliacion-del-puerto-de-altura-de-progreso","status":"publish","type":"post","link":"https:\/\/visionpeninsular.com\/mid\/exportadores-celebran-que-los-gobiernos-federal-y-estatal-electos-mejoren-la-ampliacion-del-puerto-de-altura-de-progreso\/","title":{"rendered":"Exportadores celebran que los gobiernos federal y estatal  electos mejoren la ampliaci\u00f3n del Puerto de Altura de Progreso"},"content":{"rendered":"\n<h2 class=\"has-text-align-center\">\u2022\u201cPara nosotros es muy importante que el proyecto se lleve al cabo, as\u00ed como el tren de carga que correr\u00e1 a la par del Tren Maya\u201d, opin\u00f3 Alejandro Guerrero<\/h2>\n\n\n\n<p>M\u00e9rida, Yucat\u00e1n, a 16 de agosto de 2024.\u2013 El presidente de la Asociaci\u00f3n de Maquiladoras de Exportaci\u00f3n (Index) Yucat\u00e1n, Alejandro Guerrero Lozano, celebr\u00f3 que los nuevos gobiernos federal y estatal mejoren la ampliaci\u00f3n del Puerto de Altura de Progreso, pues de 40 hect\u00e1reas increment\u00f3 a 90 ha.<\/p>\n\n\n\n<p>Un ejemplo de los beneficios a largo plazo es que, actualmente, todav\u00eda contin\u00faan disfrutando de la infraestructura mar\u00edtima construida hace 25 a\u00f1os.<\/p>\n\n\n\n<p>Los beneficios comerciales e industriales de la ampliaci\u00f3n, precis\u00f3, se ver\u00e1n en las siguientes d\u00e9cadas, aunque la construcci\u00f3n llevar\u00e1 de dos a tres a\u00f1os.<\/p>\n\n\n\n<p>\u201cPara nosotros es muy importante que el proyecto se lleve al cabo, as\u00ed como el tren de carga que correr\u00e1 a la par del Tren Maya\u201d, se\u00f1al\u00f3.<\/p>\n\n\n\n<p>El tren de carga, que estar\u00e1 conectado con el Tren Tranitsmico con los puertos Salinas Cruz (Oaxaca) y Coatzacoalcos, con la interconexi\u00f3n con el Tren Maya permitir\u00e1 mayor seguridad con los embarques, pues los que llegan v\u00eda carretera est\u00e1n siendo robados en el Centro del pa\u00eds, y \u201cen el caso del tren la incidencia es nula\u201d.<\/p>\n\n\n\n<p>Esta interconexi\u00f3n permitir\u00e1 la instalaci\u00f3n de nuevas industrias como armadores de veh\u00edculos o ensambladoras que no se pueden porque Yucat\u00e1n carece de los medios y la log\u00edstica para traer la materia prima y reexportarla al Centro de M\u00e9xico, el norte de Am\u00e9rica o Europa.<\/p>\n\n\n\n<p>\u201cYucat\u00e1n exportan aproximadamente un 76% y 77% a Estados Unidos, pero tenemos un 22% que se va a otros lados como la Uni\u00f3n Europea, destinos tan lejanos como Singapur, Nueva Zelanda o Australia, pero en cantidades menores, y eso lo tenemos que aprovechar porque geogr\u00e1ficamente y log\u00edsticamente somos el punto m\u00e1s cercano de M\u00e9xico a Europa\u201d, explic\u00f3.<\/p>\n\n\n\n<p>Yucat\u00e1n exporta alimentos, textiles, joyer\u00eda, principalmente. Pero, tambi\u00e9n la industria automotriz Uchiyama Manufacturing, Leoni y tenemos la parte aeroespacial que est\u00e1 evolucionando. El a\u00f1o pasado la industria de la exportaci\u00f3n gener\u00f3 1,700 millones de d\u00f3lares en derrama econ\u00f3mica, ejemplific\u00f3.<\/p>\n\n\n\n<figure class=\"wp-block-image size-large\"><img loading=\"lazy\" width=\"1024\" height=\"574\" src=\"https:\/\/visionpeninsular.com\/mid\/wp-content\/uploads\/2024\/08\/20240815_182504-1024x574.jpg\" alt=\"\" class=\"wp-image-192246\" srcset=\"https:\/\/visionpeninsular.com\/mid\/wp-content\/uploads\/2024\/08\/20240815_182504-1024x574.jpg 1024w, https:\/\/visionpeninsular.com\/mid\/wp-content\/uploads\/2024\/08\/20240815_182504-300x168.jpg 300w, https:\/\/visionpeninsular.com\/mid\/wp-content\/uploads\/2024\/08\/20240815_182504-768x431.jpg 768w, https:\/\/visionpeninsular.com\/mid\/wp-content\/uploads\/2024\/08\/20240815_182504.jpg 1200w\" sizes=\"(max-width: 1024px) 100vw, 1024px\" \/><figcaption>6<\/figcaption><\/figure>\n<div class='share-to-whatsapp-wrapper'><div class='share-on-whsp'>Share on: <\/div><a data-text='Exportadores celebran que los gobiernos federal y estatal  electos mejoren la ampliaci\u00f3n del Puerto de Altura de Progreso' data-link='https:\/\/visionpeninsular.com\/mid\/exportadores-celebran-que-los-gobiernos-federal-y-estatal-electos-mejoren-la-ampliacion-del-puerto-de-altura-de-progreso\/' class='whatsapp-button whatsapp-share'>WhatsApp<\/a><div class='clear '><\/div><\/div>","protected":false},"excerpt":{"rendered":"<p>\u2022\u201cPara nosotros es muy importante que el proyecto se lleve al cabo, as\u00ed como el tren de carga que correr\u00e1 a la par del Tren Maya\u201d, opin\u00f3 Alejandro Guerrero M\u00e9rida, Yucat\u00e1n, a 16 de agosto de 2024.\u2013 El presidente de la Asociaci\u00f3n de Maquiladoras de Exportaci\u00f3n (Index) Yucat\u00e1n, Alejandro Guerrero Lozano, celebr\u00f3 que los nuevos &hellip;<\/p>\n","protected":false},"author":11,"featured_media":192246,"comment_status":"open","ping_status":"open","sticky":false,"template":"","format":"standard","meta":{"_mi_skip_tracking":false},"categories":[49,37],"tags":[43870,43045,40010,15863],"_links":{"self":[{"href":"https:\/\/visionpeninsular.com\/mid\/wp-json\/wp\/v2\/posts\/192244"}],"collection":[{"href":"https:\/\/visionpeninsular.com\/mid\/wp-json\/wp\/v2\/posts"}],"about":[{"href":"https:\/\/visionpeninsular.com\/mid\/wp-json\/wp\/v2\/types\/post"}],"author":[{"embeddable":true,"href":"https:\/\/visionpeninsular.com\/mid\/wp-json\/wp\/v2\/users\/11"}],"replies":[{"embeddable":true,"href":"https:\/\/visionpeninsular.com\/mid\/wp-json\/wp\/v2\/comments?post=192244"}],"version-history":[{"count":1,"href":"https:\/\/visionpeninsular.com\/mid\/wp-json\/wp\/v2\/posts\/192244\/revisions"}],"predecessor-version":[{"id":192247,"href":"https:\/\/visionpeninsular.com\/mid\/wp-json\/wp\/v2\/posts\/192244\/revisions\/192247"}],"wp:featuredmedia":[{"embeddable":true,"href":"https:\/\/visionpeninsular.com\/mid\/wp-json\/wp\/v2\/media\/192246"}],"wp:attachment":[{"href":"https:\/\/visionpeninsular.com\/mid\/wp-json\/wp\/v2\/media?parent=192244"}],"wp:term":[{"taxonomy":"category","embeddable":true,"href":"https:\/\/visionpeninsular.com\/mid\/wp-json\/wp\/v2\/categories?post=192244"},{"taxonomy":"post_tag","embeddable":true,"href":"https:\/\/visionpeninsular.com\/mid\/wp-json\/wp\/v2\/tags?post=192244"}],"curies":[{"name":"wp","href":"https:\/\/api.w.org\/{rel}","templated":true}]}}