{"id":191899,"date":"2024-08-08T22:30:32","date_gmt":"2024-08-09T03:30:32","guid":{"rendered":"https:\/\/visionpeninsular.com\/mid\/?p=191899"},"modified":"2024-08-08T22:30:49","modified_gmt":"2024-08-09T03:30:49","slug":"ningun-permiso-mas-para-vendedores-ambulantes","status":"publish","type":"post","link":"https:\/\/visionpeninsular.com\/mid\/ningun-permiso-mas-para-vendedores-ambulantes\/","title":{"rendered":"Ning\u00fan permiso m\u00e1s para vendedores ambulantes"},"content":{"rendered":"\n<h2 class=\"has-text-align-center\">\u2022El Ayuntamiento de M\u00e9rida tiene por objetivo mejorar la movilidad en el Centro Hist\u00f3rico, y reducir el n\u00famero de comerciantes informarles<\/h2>\n\n\n\n<p>M\u00e9rida, Yucat\u00e1n, a 8 de agosto de 2024.\u2013 El alcalde Alejandro Ruz Castro dio a conocer que no otorgar\u00e1n ning\u00fan permiso m\u00e1s para vendedores ambulantes en el Centro Hist\u00f3rico con el prop\u00f3sito de mejorar la movilidad en esa zona.<\/p>\n\n\n\n<p>Esta situaci\u00f3n se tom\u00f3 tras las manifestaciones de la Uni\u00f3n de Comerciantes y Ambulantes Fijos, Semifijos del Centro y Periferias de M\u00e9rida, cuyos integrantes acusaron al subdirector de Mercados, Enrique Castillo Gonz\u00e1lez, de presuntos actos de corrupci\u00f3n y al Ayuntamiento de M\u00e9rida de retirarles espacios con motivo de la pandemia de la Covid.<\/p>\n\n\n\n<p>En el primer punto, el primer edil pidi\u00f3 denunciar a ese funcionario municipal u otros en la Unidad de Contralor\u00eda Municipal para \u201cinvestigar de inmediato\u201d.<\/p>\n\n\n\n<p>Con respecto a la reducci\u00f3n de los espacios, precis\u00f3: \u201cDurante la pandemia cerramos todos los espacios y evitamos que la venta de ambulantes se d\u00e9 en el primer cuadro, pero las medidas de protecci\u00f3n sanitaria lo permitieron, regresaron quienes tienen un lugar asignado. Ah\u00ed est\u00e1n\u201d.<\/p>\n\n\n\n<p>Alejandro Ruz reconoci\u00f3 que est\u00e1n en la mejor disposici\u00f3n para regular esos espacios con el prop\u00f3sito de mejorar la movilidad en el primer cuadro de la ciudad.<\/p>\n\n\n\n<p>Adem\u00e1s, tienen una estrecha comunicaci\u00f3n con la C\u00e1mara Nacional de Comercio, Servicios y Turismo (Canaco-Servytur) para evitar el crecimiento de la informalidad y ayudar a esos vendedores a formalizarse, \u201cpero no se otorgar\u00e1 ning\u00fan espacio m\u00e1s en el Centro\u201d.<\/p>\n\n\n\n<p>En el Centro Hist\u00f3rico hay unos 400 vendedores ambulantes, coment\u00f3. \u00a0Otra estrategia para reducir el n\u00famero es otorgar 950 concesiones en los mercados p\u00fablicos, aprobadas por el Cabildo de M\u00e9rida. \u201cLa idea es que haya menos ambulantes en el Centro y cada vez haya gente en los mercados p\u00fablicos\u201d, dijo.<\/p>\n\n\n\n<figure class=\"wp-block-image size-large\"><img loading=\"lazy\" width=\"818\" height=\"1024\" src=\"https:\/\/visionpeninsular.com\/mid\/wp-content\/uploads\/2024\/08\/WhatsApp-Image-2024-08-08-at-5.12.33-PM-818x1024.jpeg\" alt=\"\" class=\"wp-image-191901\" srcset=\"https:\/\/visionpeninsular.com\/mid\/wp-content\/uploads\/2024\/08\/WhatsApp-Image-2024-08-08-at-5.12.33-PM-818x1024.jpeg 818w, https:\/\/visionpeninsular.com\/mid\/wp-content\/uploads\/2024\/08\/WhatsApp-Image-2024-08-08-at-5.12.33-PM-240x300.jpeg 240w, https:\/\/visionpeninsular.com\/mid\/wp-content\/uploads\/2024\/08\/WhatsApp-Image-2024-08-08-at-5.12.33-PM-768x961.jpeg 768w, https:\/\/visionpeninsular.com\/mid\/wp-content\/uploads\/2024\/08\/WhatsApp-Image-2024-08-08-at-5.12.33-PM.jpeg 1023w\" sizes=\"(max-width: 818px) 100vw, 818px\" \/><figcaption>Centro de M\u00e9rida congestionado. La Comuna busca reducir el n\u00famero de vendedores ambulantes para mejorar la movilidad. FOTO: Cortes\u00eda <\/figcaption><\/figure>\n<div class='share-to-whatsapp-wrapper'><div class='share-on-whsp'>Share on: <\/div><a data-text='Ning\u00fan permiso m\u00e1s para vendedores ambulantes' data-link='https:\/\/visionpeninsular.com\/mid\/ningun-permiso-mas-para-vendedores-ambulantes\/' class='whatsapp-button whatsapp-share'>WhatsApp<\/a><div class='clear '><\/div><\/div>","protected":false},"excerpt":{"rendered":"<p>\u2022El Ayuntamiento de M\u00e9rida tiene por objetivo mejorar la movilidad en el Centro Hist\u00f3rico, y reducir el n\u00famero de comerciantes informarles M\u00e9rida, Yucat\u00e1n, a 8 de agosto de 2024.\u2013 El alcalde Alejandro Ruz Castro dio a conocer que no otorgar\u00e1n ning\u00fan permiso m\u00e1s para vendedores ambulantes en el Centro Hist\u00f3rico con el prop\u00f3sito de mejorar &hellip;<\/p>\n","protected":false},"author":11,"featured_media":191901,"comment_status":"open","ping_status":"open","sticky":false,"template":"","format":"standard","meta":{"_mi_skip_tracking":false},"categories":[49,37],"tags":[26810,1992,13666,13607],"_links":{"self":[{"href":"https:\/\/visionpeninsular.com\/mid\/wp-json\/wp\/v2\/posts\/191899"}],"collection":[{"href":"https:\/\/visionpeninsular.com\/mid\/wp-json\/wp\/v2\/posts"}],"about":[{"href":"https:\/\/visionpeninsular.com\/mid\/wp-json\/wp\/v2\/types\/post"}],"author":[{"embeddable":true,"href":"https:\/\/visionpeninsular.com\/mid\/wp-json\/wp\/v2\/users\/11"}],"replies":[{"embeddable":true,"href":"https:\/\/visionpeninsular.com\/mid\/wp-json\/wp\/v2\/comments?post=191899"}],"version-history":[{"count":1,"href":"https:\/\/visionpeninsular.com\/mid\/wp-json\/wp\/v2\/posts\/191899\/revisions"}],"predecessor-version":[{"id":191902,"href":"https:\/\/visionpeninsular.com\/mid\/wp-json\/wp\/v2\/posts\/191899\/revisions\/191902"}],"wp:featuredmedia":[{"embeddable":true,"href":"https:\/\/visionpeninsular.com\/mid\/wp-json\/wp\/v2\/media\/191901"}],"wp:attachment":[{"href":"https:\/\/visionpeninsular.com\/mid\/wp-json\/wp\/v2\/media?parent=191899"}],"wp:term":[{"taxonomy":"category","embeddable":true,"href":"https:\/\/visionpeninsular.com\/mid\/wp-json\/wp\/v2\/categories?post=191899"},{"taxonomy":"post_tag","embeddable":true,"href":"https:\/\/visionpeninsular.com\/mid\/wp-json\/wp\/v2\/tags?post=191899"}],"curies":[{"name":"wp","href":"https:\/\/api.w.org\/{rel}","templated":true}]}}