{"id":19189,"date":"2016-12-29T07:52:40","date_gmt":"2016-12-29T13:52:40","guid":{"rendered":"http:\/\/visionpeninsular.com\/mid\/?p=19189"},"modified":"2016-12-29T07:52:40","modified_gmt":"2016-12-29T13:52:40","slug":"acusan-discriminacion-a-alcalde-lazaro-cardenas","status":"publish","type":"post","link":"https:\/\/visionpeninsular.com\/mid\/acusan-discriminacion-a-alcalde-lazaro-cardenas\/","title":{"rendered":"Acusan de discriminaci\u00f3n a Alcalde de L\u00e1zaro C\u00e1rdenas"},"content":{"rendered":"<p>De acuerdo al Presidente Municipal de L\u00e1zaro C\u00e1rdenas, debe diferenciarse entre los Alcaldes de primera y de segunda, siendo los primeros los del partido af\u00edn y originarios de Holbox, mientras que los otros los de diversos partidos pol\u00edticos y provenientes o de la zona maya o de la parte continental del Municipio.<\/p>\n<p>Tan es as\u00ed que para la toma de protesta del Alcalde de Holbox, Ren\u00e9 Correa Moguel aprob\u00f3 trasladar a todo el cabildo para la sesi\u00f3n solemne a la Isla, mientras que para la de los Alcaldes de Ignacio Zaragoza (Kil\u00f3metro 80), Emilio Dzul Puc y Andr\u00e9s Couoh, del puerto de Chiquil\u00e1, fue todo lo contrario. <\/p>\n<p>Regidores como Trinidad Garc\u00eda calificaron de burlesca y discriminatoria estos hechos, pues si bien en Holbox el Alcalde es de extracto pri\u00edsta y los dem\u00e1s son llamados &#8220;joaquinistas&#8221;, deben ser tratados por igual, as\u00ed exigieron los regidores de oposici\u00f3n. <\/p>\n<div class='share-to-whatsapp-wrapper'><div class='share-on-whsp'>Share on: <\/div><a data-text='Acusan de discriminaci\u00f3n a Alcalde de L\u00e1zaro C\u00e1rdenas' data-link='https:\/\/visionpeninsular.com\/mid\/acusan-discriminacion-a-alcalde-lazaro-cardenas\/' class='whatsapp-button whatsapp-share'>WhatsApp<\/a><div class='clear '><\/div><\/div>","protected":false},"excerpt":{"rendered":"<p>De acuerdo al Presidente Municipal de L\u00e1zaro C\u00e1rdenas, debe diferenciarse entre los Alcaldes de primera y de segunda, siendo los primeros los del partido af\u00edn y originarios de Holbox, mientras que los otros los de diversos partidos pol\u00edticos y provenientes o de la zona maya o de la parte continental del Municipio. Tan es as\u00ed &hellip;<\/p>\n","protected":false},"author":1,"featured_media":19190,"comment_status":"open","ping_status":"open","sticky":false,"template":"","format":"standard","meta":{"_mi_skip_tracking":false},"categories":[48],"tags":[4617,472,348],"_links":{"self":[{"href":"https:\/\/visionpeninsular.com\/mid\/wp-json\/wp\/v2\/posts\/19189"}],"collection":[{"href":"https:\/\/visionpeninsular.com\/mid\/wp-json\/wp\/v2\/posts"}],"about":[{"href":"https:\/\/visionpeninsular.com\/mid\/wp-json\/wp\/v2\/types\/post"}],"author":[{"embeddable":true,"href":"https:\/\/visionpeninsular.com\/mid\/wp-json\/wp\/v2\/users\/1"}],"replies":[{"embeddable":true,"href":"https:\/\/visionpeninsular.com\/mid\/wp-json\/wp\/v2\/comments?post=19189"}],"version-history":[{"count":1,"href":"https:\/\/visionpeninsular.com\/mid\/wp-json\/wp\/v2\/posts\/19189\/revisions"}],"predecessor-version":[{"id":19191,"href":"https:\/\/visionpeninsular.com\/mid\/wp-json\/wp\/v2\/posts\/19189\/revisions\/19191"}],"wp:featuredmedia":[{"embeddable":true,"href":"https:\/\/visionpeninsular.com\/mid\/wp-json\/wp\/v2\/media\/19190"}],"wp:attachment":[{"href":"https:\/\/visionpeninsular.com\/mid\/wp-json\/wp\/v2\/media?parent=19189"}],"wp:term":[{"taxonomy":"category","embeddable":true,"href":"https:\/\/visionpeninsular.com\/mid\/wp-json\/wp\/v2\/categories?post=19189"},{"taxonomy":"post_tag","embeddable":true,"href":"https:\/\/visionpeninsular.com\/mid\/wp-json\/wp\/v2\/tags?post=19189"}],"curies":[{"name":"wp","href":"https:\/\/api.w.org\/{rel}","templated":true}]}}