{"id":191610,"date":"2024-08-02T12:41:24","date_gmt":"2024-08-02T17:41:24","guid":{"rendered":"https:\/\/visionpeninsular.com\/mid\/?p=191610"},"modified":"2024-08-02T12:41:26","modified_gmt":"2024-08-02T17:41:26","slug":"yucatan-tendra-la-cuarta-ruta-100-electrica-del-sureste-nueva-ruta-centro-uman-tren-maya-del-ie-tram","status":"publish","type":"post","link":"https:\/\/visionpeninsular.com\/mid\/yucatan-tendra-la-cuarta-ruta-100-electrica-del-sureste-nueva-ruta-centro-uman-tren-maya-del-ie-tram\/","title":{"rendered":"Yucat\u00e1n tendr\u00e1 la cuarta ruta 100% el\u00e9ctrica del Sureste. Nueva  ruta Centro-Um\u00e1n-Tren Maya del Ie-tram"},"content":{"rendered":"\n<ul><li><strong><em>El Gobernador Mauricio Vila Dosal encabez\u00f3 la presentaci\u00f3n de la nueva ruta que entrar\u00e1 en operaciones el pr\u00f3ximo s\u00e1bado 10 de agosto y conectar\u00e1 al centro de la capital con el municipio de Um\u00e1n a trav\u00e9s del medio de transporte m\u00e1s moderno de la regi\u00f3n.<\/em><\/strong><\/li><\/ul>\n\n\n\n<p>M\u00e9rida, Yucat\u00e1n, 1 de agosto de 2024.- Yucat\u00e1n contar\u00e1 con una cuarta ruta 100% el\u00e9ctrica del Sureste mexicano, Centro-Um\u00e1n-Tren Maya, que conectar\u00e1 al municipio con la capital yucateca, cuya presentaci\u00f3n encabez\u00f3 el Gobernador Mauricio Vila Dosal para seguir transformando e innovando la movilidad en el estado, con un servicio a la altura de lo que merecen todos los yucatecos.<\/p>\n\n\n\n<p>Acompa\u00f1ado del titular de la Agencia de Transporte de Yucat\u00e1n (ATY), Rafael Hern\u00e1ndez Kotasek, Vila Dosal present\u00f3 las unidades de esta nueva ruta que iniciar\u00e1 operaciones el pr\u00f3ximo s\u00e1bado 10 de agosto sum\u00e1ndose a las de La Plancha-Estaci\u00f3n Tren Maya Teya, La Plancha-Kanas\u00edn y La Plancha-Facultad de ingenier\u00eda para tener en la entidad un total de 4 rutas del Ietram, primer sistema de transporte p\u00fablico el\u00e9ctrico del Sureste de M\u00e9xico.<\/p>\n\n\n\n<p>Acompa\u00f1ado de los alcaldes de M\u00e9rida,&nbsp; Alejandro Ruz Castro, y de Um\u00e1n, Gaspar Ventura Cisneros Polanco, el Gobernador destac\u00f3 que la diferencia entre tener un buen transporte p\u00fablico, es que antes s\u00f3lo lo utilizaban 4000 personas, ahora son m\u00e1s de 15000 personas diarias qu\u00e9 hacen uso de estas nuevas unidades, 11,000 personas de diferencia.<\/p>\n\n\n\n<p>En ese sentido, record\u00f3 que antes de la transformaci\u00f3n del transporte en Um\u00e1n, los estudiantes que se trasladan hasta la Facultad de Ingenier\u00eda de la Universidad Aut\u00f3noma de Yucat\u00e1n (UADY) gastaban alrededor de 740 al mes en camiones,&nbsp; ahora con el Ie-Tram gastar\u00e1n 200 pesos, es decir un ahorro de 500 pesos.<\/p>\n\n\n\n<figure class=\"wp-block-image size-full\"><img loading=\"lazy\" width=\"500\" height=\"369\" src=\"https:\/\/visionpeninsular.com\/mid\/wp-content\/uploads\/2024\/08\/nuevitram-2.jpg\" alt=\"\" class=\"wp-image-191613\" srcset=\"https:\/\/visionpeninsular.com\/mid\/wp-content\/uploads\/2024\/08\/nuevitram-2.jpg 500w, https:\/\/visionpeninsular.com\/mid\/wp-content\/uploads\/2024\/08\/nuevitram-2-300x221.jpg 300w\" sizes=\"(max-width: 500px) 100vw, 500px\" \/><\/figure>\n\n\n\n<p>&#8220;Antes, un estudiante ten\u00eda que pagar 11 pesos de Um\u00e1n para llegar al centro de M\u00e9rida y luego del Centro de M\u00e9rida 7.50 para llegar a su facultad lo que quiere decir que pagaba 18 pesos con 50 centavos de ida y 18.50 de vuelta esto es un total de 740 pesos mensuales que su pap\u00e1 o su mam\u00e1 le ten\u00edan que dar al chavo para que pudiera solo ir y regresar de la escuela; ahora, con el Ie-Tram tienen una tarifa de estudiante y les va a costar 5 pesos ir desde aqu\u00ed hasta la Plancha. Ah\u00ed, si se suben al Ie-Tram, que va hasta la Facultad de Ingenier\u00eda de la UADY, es gratis, porque si te subes de un Ie-tram a otro, no cuesta el transbordo, entonces va a costar 5 de ida y 5 de vuelta, quiere decir que le va a costar 10 pesos diarios contra los 38 que le costaba antes entonces en lugar de costarle 740 mensuales va a gastar solamente 200 pesos mensuales, ahorrando un 73%&#8221;, precis\u00f3.<\/p>\n\n\n\n<p>Ah\u00ed mismo, el Gobernador hizo un llamado a los usuarios a cuidar estas nuevas y modernas unidades que deben durar un per\u00edodo de 10 a\u00f1os aproximadamente.&nbsp;<\/p>\n\n\n\n<p>&#8220;Les puedo pedir un favor muy especial, que nos ayuden a cuidar los autobuses, estos autobuses son el\u00e9ctricos, no contaminan, no hacen ruido, tienen aire acondicionado, internet gratuito, acceso a personas con discapacidad, tienen para enchufar sus celulares y estos autobuses son para ustedes&#8221;, reiter\u00f3.&nbsp;<\/p>\n\n\n\n<p>En cuanto a la nueva ruta, Vila Dosal record\u00f3 que est\u00e1 tiene los horarios del Tren Maya, por lo que es importante que los usuarios sepan los horarios de regreso para que lo puedan agarrar gratis de Um\u00e1n a la Plancha y regresar.<\/p>\n\n\n\n<p>&nbsp;&#8220;A finales de agosto es cuando va a empezar ya la ruta normal, la que va a estar pasando cada 15, 20 minutos y esa ruta s\u00ed va a empezar aqu\u00ed en Um\u00e1n y va a tener mucho m\u00e1s paradas a lo largo del recorrido y va a llegar al centro a una cuadra del mercado de San Benito porque hoy la ruta que tienen llega a San Juan y muchos van a San Benito y les queda lejos; entonces, si ustedes van por San Benito o por el rumbo de por all\u00e1, pues queda mejor irse en el IE-tram y ya para regresar lo mismo&#8221;, explic\u00f3.<\/p>\n\n\n\n<p>Tras otorgar un reconocimiento al Gobernador, el alcalde de Um\u00e1n le agradeci\u00f3 su apoyo y respaldo que hicieron posible la mayor inversi\u00f3n de la historia de calles en el municipio de Uman, llegando a m\u00e1s de 50 kil\u00f3metros repavimentados.<\/p>\n\n\n\n<figure class=\"wp-block-image size-full\"><img loading=\"lazy\" width=\"500\" height=\"330\" src=\"https:\/\/visionpeninsular.com\/mid\/wp-content\/uploads\/2024\/08\/nuevitram-4.jpg\" alt=\"\" class=\"wp-image-191614\" srcset=\"https:\/\/visionpeninsular.com\/mid\/wp-content\/uploads\/2024\/08\/nuevitram-4.jpg 500w, https:\/\/visionpeninsular.com\/mid\/wp-content\/uploads\/2024\/08\/nuevitram-4-300x198.jpg 300w, https:\/\/visionpeninsular.com\/mid\/wp-content\/uploads\/2024\/08\/nuevitram-4-310x205.jpg 310w\" sizes=\"(max-width: 500px) 100vw, 500px\" \/><\/figure>\n\n\n\n<p>&#8220;Hoy, despu\u00e9s de 20 a\u00f1os, tenemos una movilidad de primera, gracias al Gobernador.&nbsp; Gracias por la movilidad de los umanenses, si ya somos el coraz\u00f3n industrial de Yucat\u00e1n, en una zona privilegiada con la llegada del Tren Maya,&nbsp; nos convierte en un potencial si seguimos trabajando de la manera en que lo hemos hecho, cr\u00e9anme que Um\u00e1n se va a seguir transformando&#8221;, reconoci\u00f3.&nbsp;<\/p>\n\n\n\n<p>Al presentar los detalles de la ruta Centro-Um\u00e1n-Tren Maya, Hern\u00e1ndez Kotasek explic\u00f3 que, esta integrar\u00e1 de manera eficiente las ciudades del Sureste mexicano y potencializar\u00e1 el desarrollo econ\u00f3mico regional conectando a los habitantes, trabajadores y turistas con la estaci\u00f3n del tren con hasta unidades para su operaci\u00f3n sujeto a la demanda y horarios del Tren Maya.<\/p>\n\n\n\n<p>Esta saldr\u00e1 del Cetram \u201cLa Plancha\u201d y en su trayecto contempla puntos de inter\u00e9s como el Hospital General \u201cAgust\u00edn O\u2019Hor\u00e1n\u201d, parque de La Paz, parque Zool\u00f3gico del Centenario, Coppel Sambul\u00e1, Sam\u2019s Aviaci\u00f3n, Aeropuerto Internacional de M\u00e9rida, Parque Centenario del Ej\u00e9rcito, Parque de Um\u00e1n y Estaci\u00f3n del Tren Maya Um\u00e1n. Por lo que las y los usuarios podr\u00e1n utilizarlo para acudir no solo a la estaci\u00f3n del Tren Maya sino a cualquiera de estos puntos; de esta forma, se tendr\u00e1 cobertura de 137,669 usuarios, 15,863 unidades econ\u00f3micas y 98 colonias.<\/p>\n\n\n\n<p>Acerca de los horarios de operaci\u00f3n de las unidades, el titular de la ATY detall\u00f3 que ser\u00e1n de acuerdo a la demanda y horarios del Tren Maya, los cuales se podr\u00e1n consultar en las redes sociales oficiales de la Agencia de Transporte de Yucat\u00e1n.<\/p>\n\n\n\n<p>La tarifa de esta nueva ruta ser\u00e1 de 12 pesos la general, 5 pesos la social y sin costo para personas con alguna discapacidad. Los usuarios sin tarjeta Va y Ven podr\u00e1n adquirir su boleto en la estaci\u00f3n Tren Maya Um\u00e1n y Cetram La Plancha por 45 pesos.<\/p>\n\n\n\n<p>En ese sentido, Hern\u00e1ndez Kotasek adelant\u00f3 que, la pr\u00f3xima ruta del Ie-tram ser\u00e1 la Centro-Um\u00e1n (expr\u00e9s) la cual dar\u00e1 un servicio \u00f3ptimo y m\u00e1s directo del Centro de M\u00e9rida al parque principal de Um\u00e1n permitiendo llevar a las y los usuarios de forma m\u00e1s r\u00e1pida de Um\u00e1n a M\u00e9rida y viceversa eficientando el servicio.<\/p>\n\n\n\n<figure class=\"wp-block-image size-full\"><img loading=\"lazy\" width=\"400\" height=\"355\" src=\"https:\/\/visionpeninsular.com\/mid\/wp-content\/uploads\/2024\/08\/nuevitram-3.jpg\" alt=\"\" class=\"wp-image-191615\" srcset=\"https:\/\/visionpeninsular.com\/mid\/wp-content\/uploads\/2024\/08\/nuevitram-3.jpg 400w, https:\/\/visionpeninsular.com\/mid\/wp-content\/uploads\/2024\/08\/nuevitram-3-300x266.jpg 300w\" sizes=\"(max-width: 400px) 100vw, 400px\" \/><\/figure>\n\n\n\n<p>\u201cCon esta ruta que iniciar\u00e1 operaciones pr\u00f3ximamente, se beneficiar\u00e1 a 20,377 usuarios, conectar\u00e1 con 2,482 unidades econ\u00f3micas y 33 colonias, tendr\u00e1 un horario de servicio de 5 de la ma\u00f1ana a 11 de la noche con frecuencias de cada 15 minutos y la primera semana de operaci\u00f3n ser\u00e1 gratuita, posteriormente la tarifa ser\u00e1 la misma que se maneja en las rutas Va y Ven\u201d, afirm\u00f3.<\/p>\n\n\n\n<p>Sobre el tema de infraestructura, el titular de la ATY explic\u00f3 que, las rutas Centro-Um\u00e1n-Tren Maya Y Centro-Um\u00e1n (Expr\u00e9ss) compartir\u00e1n infraestructura en su dise\u00f1o y operaci\u00f3n por lo que se realizaron m\u00e1s de 36 kil\u00f3metros de calles con se\u00f1alamiento vertical y horizontal, 22 nuevos cruces semaforizados con bolardos, banquetas mejoradas, luminarias solares, 15 parabuses con iluminaci\u00f3n y asientos, 4 estaciones, 3 totems con pantallas e iluminaci\u00f3n, bicipuertos y la instalaci\u00f3n de 2 pant\u00f3grafos en ruta en la estaci\u00f3n Sambul\u00e1 y en el registro civil de Um\u00e1n. Todo esto a trav\u00e9s de una inversi\u00f3n de m\u00e1s de 600,249,659 pesos.<\/p>\n\n\n\n<p>Asimismo, Hern\u00e1ndez Kotasek platic\u00f3 sobre el Cetram Um\u00e1n, proyecto que forma parte de la nueva red de transporte con el objetivo de conectar las rutas provenientes del suroeste del interior del estado con M\u00e9rida. Este espacio contar\u00e1 con ba\u00f1os, \u00e1rea de espera, locales comerciales, oficinas administrativas, red Wifi gratuita y bicipuertos.<\/p>\n\n\n\n<p>Acerca de la transformaci\u00f3n del transporte p\u00fablico en este municipio, Rafael Hern\u00e1ndez Kotasek refiri\u00f3 que, del 2022 al 2024 el municipio pas\u00f3 de contar con solo una ruta convencional y una irregular a Piedra de Agua a incorporar estas al Sistema Va y Ven y garantizar su buen funcionamiento pasando de atenderse a 5,804 personas al d\u00eda a m\u00e1s de 14,670 hoy en d\u00eda; as\u00ed como pasar de recorrer 2,426 kil\u00f3metros al d\u00eda a 7,703 y de tener 10 a 30 unidades, es decir 5 veces m\u00e1s que la cifra inicial para brindar un mejor servicio a las y los umanenses.<\/p>\n\n\n\n<p>Con sus actuales rutas, continu\u00f3 Hern\u00e1ndez Kotasek, el Ie-tram tiene una cobertura de 137 colonias, conecta con 80 rutas existentes, 30 centros educativos y 20 puntos tur\u00edsticos. La ruta que va a Kanas\u00edn ha atendido a m\u00e1s de 159 mil usuarios, la de Facultad de Ingenier\u00eda a 40,453 y la de Teya a m\u00e1s de 34,600 usuarios desde el inicio de sus operaciones hasta actualmente.<\/p>\n\n\n\n<p>Las bondades de este medio son que representa m\u00e1s de 170 mil \u00e1rboles plantados en 10 a\u00f1os, reduce la contaminaci\u00f3n sonora y se habilitan zonas abandonadas como las v\u00edas del tren y la creaci\u00f3n de carriles exclusivos, adem\u00e1s de que conectan con el proyecto del Tren Maya en sus estaciones de Teya y ahora Um\u00e1n.<\/p>\n\n\n\n<p>\u201cEntre los beneficios y caracter\u00edsticas de las unidades es que se utilizan unidades el\u00e9ctricas con tecnolog\u00eda de punta y accesibilidad universal, contamos con la app Va y Ven en la que se pueden consultar horarios y ver las unidades en tiempo real, pago electr\u00f3nico, paradas definidas con estaciones modernas, Sistema BRT (Transporte R\u00e1pido en Autob\u00fas por sus siglas en ingl\u00e9s) y ciclov\u00edas y cruces seguros\u201d, indic\u00f3 el titular de la ATY.<\/p>\n\n\n\n<p>Para su operaci\u00f3n, se habilit\u00f3 el Cetram La Plancha donde convergen todas las rutas Ie-tram y cuenta con un patio de carga con 16 cargadores de 120 kwh adem\u00e1s de la instalaci\u00f3n de 8 pant\u00f3grafos de 300 kwh para cargas de oportunidad.<\/p>\n<div class='share-to-whatsapp-wrapper'><div class='share-on-whsp'>Share on: <\/div><a data-text='Yucat\u00e1n tendr\u00e1 la cuarta ruta 100% el\u00e9ctrica del Sureste. Nueva  ruta Centro-Um\u00e1n-Tren Maya del Ie-tram' data-link='https:\/\/visionpeninsular.com\/mid\/yucatan-tendra-la-cuarta-ruta-100-electrica-del-sureste-nueva-ruta-centro-uman-tren-maya-del-ie-tram\/' class='whatsapp-button whatsapp-share'>WhatsApp<\/a><div class='clear '><\/div><\/div>","protected":false},"excerpt":{"rendered":"<p>El Gobernador Mauricio Vila Dosal encabez\u00f3 la presentaci\u00f3n de la nueva ruta que entrar\u00e1 en operaciones el pr\u00f3ximo s\u00e1bado 10 de agosto y conectar\u00e1 al centro de la capital con el municipio de Um\u00e1n a trav\u00e9s del medio de transporte m\u00e1s moderno de la regi\u00f3n. M\u00e9rida, Yucat\u00e1n, 1 de agosto de 2024.- Yucat\u00e1n contar\u00e1 con &hellip;<\/p>\n","protected":false},"author":5,"featured_media":191612,"comment_status":"open","ping_status":"open","sticky":false,"template":"","format":"standard","meta":{"_mi_skip_tracking":false},"categories":[49,37],"tags":[39343,43794,185,3861,43793],"_links":{"self":[{"href":"https:\/\/visionpeninsular.com\/mid\/wp-json\/wp\/v2\/posts\/191610"}],"collection":[{"href":"https:\/\/visionpeninsular.com\/mid\/wp-json\/wp\/v2\/posts"}],"about":[{"href":"https:\/\/visionpeninsular.com\/mid\/wp-json\/wp\/v2\/types\/post"}],"author":[{"embeddable":true,"href":"https:\/\/visionpeninsular.com\/mid\/wp-json\/wp\/v2\/users\/5"}],"replies":[{"embeddable":true,"href":"https:\/\/visionpeninsular.com\/mid\/wp-json\/wp\/v2\/comments?post=191610"}],"version-history":[{"count":1,"href":"https:\/\/visionpeninsular.com\/mid\/wp-json\/wp\/v2\/posts\/191610\/revisions"}],"predecessor-version":[{"id":191616,"href":"https:\/\/visionpeninsular.com\/mid\/wp-json\/wp\/v2\/posts\/191610\/revisions\/191616"}],"wp:featuredmedia":[{"embeddable":true,"href":"https:\/\/visionpeninsular.com\/mid\/wp-json\/wp\/v2\/media\/191612"}],"wp:attachment":[{"href":"https:\/\/visionpeninsular.com\/mid\/wp-json\/wp\/v2\/media?parent=191610"}],"wp:term":[{"taxonomy":"category","embeddable":true,"href":"https:\/\/visionpeninsular.com\/mid\/wp-json\/wp\/v2\/categories?post=191610"},{"taxonomy":"post_tag","embeddable":true,"href":"https:\/\/visionpeninsular.com\/mid\/wp-json\/wp\/v2\/tags?post=191610"}],"curies":[{"name":"wp","href":"https:\/\/api.w.org\/{rel}","templated":true}]}}