{"id":191444,"date":"2024-07-29T22:54:30","date_gmt":"2024-07-30T03:54:30","guid":{"rendered":"https:\/\/visionpeninsular.com\/mid\/?p=191444"},"modified":"2024-07-29T22:54:32","modified_gmt":"2024-07-30T03:54:32","slug":"entre-tangos-y-boleros-un-espectaculo-que-reune-talento-yucateco-y-argentino","status":"publish","type":"post","link":"https:\/\/visionpeninsular.com\/mid\/entre-tangos-y-boleros-un-espectaculo-que-reune-talento-yucateco-y-argentino\/","title":{"rendered":"\u201cEntre tangos y boleros\u201d, un espect\u00e1culo que re\u00fane talento yucateco y argentino"},"content":{"rendered":"\n<h2 class=\"has-text-align-center\">\u2022El pr\u00f3ximo 17 de agosto, los cantantes Hugo Jord\u00e1n y M\u00f3nica Morales ofrecer\u00e1n una noche de bohemia<\/h2>\n\n\n\n<p>M\u00e9rida, Yucat\u00e1n, a 29 de julio de 2024.\u2013 Hugo Jord\u00e1n, \u201cEl Rey del Tango\u201d y la cantante M\u00f3nica Morales ofrecer\u00e1n una noche de bohemia, canciones y recuerdos en el espect\u00e1culo &nbsp;\u201cEntre tangos y boleros\u201d. La presentaci\u00f3n es el 17 de agosto en el restaurante \u201cStelaris\u201d, del Hotel Fiesta Americana.<\/p>\n\n\n\n<p>En rueda de prensa, Hugo Jord\u00e1n habl\u00f3 del v\u00ednculo con Yucat\u00e1n, en especialcon Armando Manzanero, quien fue su primer director musical. Posteriormente, su hijo escogi\u00f3 la capital yucateca como residencia y por ello su frecuencia en esta ciudad.<\/p>\n\n\n\n<p>\u201cSoy argentino, pero tambi\u00e9n mexicano, porque aqu\u00ed forje mi carrera. Yucat\u00e1n siempre ha estado en mi coraz\u00f3n por la relaci\u00f3n que he tenido por muchos a\u00f1os; sin embargo, por m\u00e1s de dos d\u00e9cadas he estado ausente en sus escenarios y por ello este concierto es muy especial\u201d, coment\u00f3.<\/p>\n\n\n\n<p>Por su parte, M\u00f3nica Morales comparti\u00f3 la alegr\u00eda de compartir un escenario con Hugo Jord\u00e1n. \u201cEstoy viviendo un momento muy especial, con muchos proyectos, y ahora con el honor de compartir un escenario con el rey del Tango, esto es algo fant\u00e1stico\u201d, se\u00f1al\u00f3.<\/p>\n\n\n\n<p>M\u00f3nica Morales, oriunda de Tekax y maestra de profesi\u00f3n, ha conjugado por m\u00e1s de una d\u00e9cada su pasi\u00f3n por la m\u00fasica con su carrera magisterial, en donde ha llevado a cabo diversos proyectos tanto en Yucat\u00e1n como en otros lugares.<\/p>\n\n\n\n<p>Sobre M\u00f3nica, el argentino mencion\u00f3: \u201cten\u00eda una voz muy especial, muy nueva, muy diferente, eso me gust\u00f3 y por ello es la invitada especial a este espect\u00e1culo que ser\u00e1 del agrado de quienes aman los tangos y los boleros\u201d.<\/p>\n\n\n\n<figure class=\"wp-block-image size-large\"><img loading=\"lazy\" width=\"1024\" height=\"768\" src=\"https:\/\/visionpeninsular.com\/mid\/wp-content\/uploads\/2024\/07\/WhatsApp-Image-2024-07-29-at-6.04.30-PM-1024x768.jpeg\" alt=\"\" class=\"wp-image-191446\" srcset=\"https:\/\/visionpeninsular.com\/mid\/wp-content\/uploads\/2024\/07\/WhatsApp-Image-2024-07-29-at-6.04.30-PM-1024x768.jpeg 1024w, https:\/\/visionpeninsular.com\/mid\/wp-content\/uploads\/2024\/07\/WhatsApp-Image-2024-07-29-at-6.04.30-PM-300x225.jpeg 300w, https:\/\/visionpeninsular.com\/mid\/wp-content\/uploads\/2024\/07\/WhatsApp-Image-2024-07-29-at-6.04.30-PM-768x576.jpeg 768w, https:\/\/visionpeninsular.com\/mid\/wp-content\/uploads\/2024\/07\/WhatsApp-Image-2024-07-29-at-6.04.30-PM-1536x1152.jpeg 1536w, https:\/\/visionpeninsular.com\/mid\/wp-content\/uploads\/2024\/07\/WhatsApp-Image-2024-07-29-at-6.04.30-PM.jpeg 1600w\" sizes=\"(max-width: 1024px) 100vw, 1024px\" \/><figcaption>Hugo Jord\u00e1n, \u201cEl Rey del Tango\u201d y la cantante M\u00f3nica Morales presentar\u00e1 el 17 de agosto el espect\u00e1culo \u00a0\u201cEntre tangos y boleros\u201d. FOTO: Cortes\u00eda<\/figcaption><\/figure>\n<div class='share-to-whatsapp-wrapper'><div class='share-on-whsp'>Share on: <\/div><a data-text='\u201cEntre tangos y boleros\u201d, un espect\u00e1culo que re\u00fane talento yucateco y argentino' data-link='https:\/\/visionpeninsular.com\/mid\/entre-tangos-y-boleros-un-espectaculo-que-reune-talento-yucateco-y-argentino\/' class='whatsapp-button whatsapp-share'>WhatsApp<\/a><div class='clear '><\/div><\/div>","protected":false},"excerpt":{"rendered":"<p>\u2022El pr\u00f3ximo 17 de agosto, los cantantes Hugo Jord\u00e1n y M\u00f3nica Morales ofrecer\u00e1n una noche de bohemia M\u00e9rida, Yucat\u00e1n, a 29 de julio de 2024.\u2013 Hugo Jord\u00e1n, \u201cEl Rey del Tango\u201d y la cantante M\u00f3nica Morales ofrecer\u00e1n una noche de bohemia, canciones y recuerdos en el espect\u00e1culo &nbsp;\u201cEntre tangos y boleros\u201d. La presentaci\u00f3n es el &hellip;<\/p>\n","protected":false},"author":11,"featured_media":191446,"comment_status":"open","ping_status":"open","sticky":false,"template":"","format":"standard","meta":{"_mi_skip_tracking":false},"categories":[49,37],"tags":[1904,13422,43733,43731,43732,1532,227],"_links":{"self":[{"href":"https:\/\/visionpeninsular.com\/mid\/wp-json\/wp\/v2\/posts\/191444"}],"collection":[{"href":"https:\/\/visionpeninsular.com\/mid\/wp-json\/wp\/v2\/posts"}],"about":[{"href":"https:\/\/visionpeninsular.com\/mid\/wp-json\/wp\/v2\/types\/post"}],"author":[{"embeddable":true,"href":"https:\/\/visionpeninsular.com\/mid\/wp-json\/wp\/v2\/users\/11"}],"replies":[{"embeddable":true,"href":"https:\/\/visionpeninsular.com\/mid\/wp-json\/wp\/v2\/comments?post=191444"}],"version-history":[{"count":1,"href":"https:\/\/visionpeninsular.com\/mid\/wp-json\/wp\/v2\/posts\/191444\/revisions"}],"predecessor-version":[{"id":191447,"href":"https:\/\/visionpeninsular.com\/mid\/wp-json\/wp\/v2\/posts\/191444\/revisions\/191447"}],"wp:featuredmedia":[{"embeddable":true,"href":"https:\/\/visionpeninsular.com\/mid\/wp-json\/wp\/v2\/media\/191446"}],"wp:attachment":[{"href":"https:\/\/visionpeninsular.com\/mid\/wp-json\/wp\/v2\/media?parent=191444"}],"wp:term":[{"taxonomy":"category","embeddable":true,"href":"https:\/\/visionpeninsular.com\/mid\/wp-json\/wp\/v2\/categories?post=191444"},{"taxonomy":"post_tag","embeddable":true,"href":"https:\/\/visionpeninsular.com\/mid\/wp-json\/wp\/v2\/tags?post=191444"}],"curies":[{"name":"wp","href":"https:\/\/api.w.org\/{rel}","templated":true}]}}