{"id":19129,"date":"2016-12-28T07:12:46","date_gmt":"2016-12-28T13:12:46","guid":{"rendered":"http:\/\/visionpeninsular.com\/mid\/?p=19129"},"modified":"2016-12-28T07:12:46","modified_gmt":"2016-12-28T13:12:46","slug":"no-habra-cierre-escuelas-seduc","status":"publish","type":"post","link":"https:\/\/visionpeninsular.com\/mid\/no-habra-cierre-escuelas-seduc\/","title":{"rendered":"SEDUC descarta cierre de escuelas por baja matricula escolar"},"content":{"rendered":"<p>La baja matr\u00edcula escolar en Campeche ha generado temores de que algunas escuelas terminen siendo cerradas a lo que el Secretario de Educaci\u00f3n del Estado, Ricardo Medina Farf\u00e1n respondi\u00f3 diciendo que no hay en planes cerrar escuelas, sin embargo, si es cierto que de no cumplir con el m\u00ednimo de 15 alumnos por grupo algunos de \u00e9stos ser\u00e1n compactados y unidos para lograr la matr\u00edcula m\u00ednima. <\/p>\n<p>De acuerdo al funcionario estatal, esta problem\u00e1tica de falta de estudiantes se vive en al menos 8 \u00f3 9 escuelas del Estado, donde se incumple con la norma de la Secretar\u00eda de Educaci\u00f3n P\u00fablica (SEP) que establece 15 alumnos como m\u00ednimo por grupo para poder contar con un maestro al frente, por lo que se tienen que compactar o unir los grupos para lograr formar uno que cumpla con la matr\u00edcula m\u00ednima. <\/p>\n<p>En cuanto al maestro que no tiene los alumnos para impartir su clase, \u00e9ste junto con los recursos no utilizados deben ser reasignados a donde m\u00e1s se requiera, aclar\u00f3 Medina Farf\u00e1n. <\/p>\n<p>Record\u00f3 que a nivel Estatal no es mismo panorama que se vive en todas las escuelas, pues si bien es verdad que hay algunas donde los m\u00ednimos no se logran hay otras en las que se tienen que abrir nuevos grupos para poder dar atenci\u00f3n a la demanda. <\/p>\n<div class='share-to-whatsapp-wrapper'><div class='share-on-whsp'>Share on: <\/div><a data-text='SEDUC descarta cierre de escuelas por baja matricula escolar' data-link='https:\/\/visionpeninsular.com\/mid\/no-habra-cierre-escuelas-seduc\/' class='whatsapp-button whatsapp-share'>WhatsApp<\/a><div class='clear '><\/div><\/div>","protected":false},"excerpt":{"rendered":"<p>La baja matr\u00edcula escolar en Campeche ha generado temores de que algunas escuelas terminen siendo cerradas a lo que el Secretario de Educaci\u00f3n del Estado, Ricardo Medina Farf\u00e1n respondi\u00f3 diciendo que no hay en planes cerrar escuelas, sin embargo, si es cierto que de no cumplir con el m\u00ednimo de 15 alumnos por grupo algunos &hellip;<\/p>\n","protected":false},"author":1,"featured_media":19130,"comment_status":"open","ping_status":"open","sticky":false,"template":"","format":"standard","meta":{"_mi_skip_tracking":false},"categories":[45],"tags":[4584,4582,4583,183],"_links":{"self":[{"href":"https:\/\/visionpeninsular.com\/mid\/wp-json\/wp\/v2\/posts\/19129"}],"collection":[{"href":"https:\/\/visionpeninsular.com\/mid\/wp-json\/wp\/v2\/posts"}],"about":[{"href":"https:\/\/visionpeninsular.com\/mid\/wp-json\/wp\/v2\/types\/post"}],"author":[{"embeddable":true,"href":"https:\/\/visionpeninsular.com\/mid\/wp-json\/wp\/v2\/users\/1"}],"replies":[{"embeddable":true,"href":"https:\/\/visionpeninsular.com\/mid\/wp-json\/wp\/v2\/comments?post=19129"}],"version-history":[{"count":1,"href":"https:\/\/visionpeninsular.com\/mid\/wp-json\/wp\/v2\/posts\/19129\/revisions"}],"predecessor-version":[{"id":19131,"href":"https:\/\/visionpeninsular.com\/mid\/wp-json\/wp\/v2\/posts\/19129\/revisions\/19131"}],"wp:featuredmedia":[{"embeddable":true,"href":"https:\/\/visionpeninsular.com\/mid\/wp-json\/wp\/v2\/media\/19130"}],"wp:attachment":[{"href":"https:\/\/visionpeninsular.com\/mid\/wp-json\/wp\/v2\/media?parent=19129"}],"wp:term":[{"taxonomy":"category","embeddable":true,"href":"https:\/\/visionpeninsular.com\/mid\/wp-json\/wp\/v2\/categories?post=19129"},{"taxonomy":"post_tag","embeddable":true,"href":"https:\/\/visionpeninsular.com\/mid\/wp-json\/wp\/v2\/tags?post=19129"}],"curies":[{"name":"wp","href":"https:\/\/api.w.org\/{rel}","templated":true}]}}