{"id":191161,"date":"2024-07-23T12:38:08","date_gmt":"2024-07-23T17:38:08","guid":{"rendered":"https:\/\/visionpeninsular.com\/mid\/?p=191161"},"modified":"2024-07-23T12:38:10","modified_gmt":"2024-07-23T17:38:10","slug":"337-km-la-obra-sobre-autismo-que-llegara-a-la-temporada-olimpo","status":"publish","type":"post","link":"https:\/\/visionpeninsular.com\/mid\/337-km-la-obra-sobre-autismo-que-llegara-a-la-temporada-olimpo\/","title":{"rendered":"337 km: la obra sobre autismo que llegar\u00e1 a la temporada Olimpo"},"content":{"rendered":"\n<p>\u201c337 km\u201d es una obra amigable, que busca crear conciencia y comprensi\u00f3n sobre el autismo. Escrita por el dramaturgo espa\u00f1ol Manuel Benito, forma parte de la nueva producci\u00f3n de la compa\u00f1\u00eda Mitos Teatro y ser\u00e1 el pr\u00f3ximo estreno de la Temporada Olimpo 2024.<\/p>\n\n\n\n<p>Esta pieza, dirigida a adolescentes y adultos, se produjo gracias al Fondo Municipal para J\u00f3venes Creadores 2024, tendr\u00e1 funciones el 26 y 27 de julio y 2 y 3 de agosto, que iniciar\u00e1n a las 8 de la noche en el Centro Cultural Olimpo. La entrada general es de $100 pesos y para estudiantes y adultos con Inapam, de $80 pesos; los boletos se adquieren una hora antes de la funci\u00f3n en el espacio cultural.<\/p>\n\n\n\n<p><strong>Necesaria para entender m\u00e1s all\u00e1 del autismo<\/strong><\/p>\n\n\n\n<p>En un encuentro con los medios de comunicaci\u00f3n, Jhon Hristo y Carlos Sarmiento, productor de la obra y director de la C\u00eda. Mitos Teatro, respectivamente, compartieron que \u201c337 km\u201d tiene muchos valores y es necesaria para entender m\u00e1s all\u00e1 del autismo.<\/p>\n\n\n\n<figure class=\"wp-block-image size-full\"><img loading=\"lazy\" width=\"768\" height=\"477\" src=\"https:\/\/visionpeninsular.com\/mid\/wp-content\/uploads\/2024\/07\/OBRA-AUTISMO-MERIDA-2-scaled-1.jpeg\" alt=\"\" class=\"wp-image-191164\" srcset=\"https:\/\/visionpeninsular.com\/mid\/wp-content\/uploads\/2024\/07\/OBRA-AUTISMO-MERIDA-2-scaled-1.jpeg 768w, https:\/\/visionpeninsular.com\/mid\/wp-content\/uploads\/2024\/07\/OBRA-AUTISMO-MERIDA-2-scaled-1-300x186.jpeg 300w\" sizes=\"(max-width: 768px) 100vw, 768px\" \/><\/figure>\n\n\n\n<p>\u201cQueremos que se deje de ver a quienes tienen la condici\u00f3n del espectro como personas inadaptadas, queremos que se les reconozcan sus necesidades y entre todos aprendamos a hacerles un mundo m\u00e1s amigable\u201d.<\/p>\n\n\n\n<p>La psic\u00f3loga Adriana Ruz, quien particip\u00f3 como asesora en el proceso de producci\u00f3n, coment\u00f3 que la obra muestra otra cara del autismo enfocada en los intereses de esas personas y la necesidad de que la familia se involucre para lograr una mejor convivencia.<\/p>\n\n\n\n<p><strong>\u00bfDe qu\u00e9 trata la obra \u201c337 km\u201d?<\/strong><\/p>\n\n\n\n<p>El protagonista de esta puesta en escena, es Ton\u00edn, un adolescente con autismo quien tendr\u00e1 que convivir 10 d\u00edas con su padre Javier, a quien no ve desde peque\u00f1o; mientras su madre Gloria debe salir de la ciudad por una emergencia. Al no ser capaz de entender la situaci\u00f3n. Ton\u00edn se refugia en su tema preferido, la carrera espacial, para asimilar los cambios, mientras su padre lucha por recuperar su afecto.<\/p>\n\n\n\n<p>Para hacer posible \u201c337 km\u201d la compa\u00f1\u00eda teatral involucr\u00f3 a instituciones como el CTEDI y Ayuda A.C. para capacitar a los actores. De esta forma, la obra se ha convertido en una herramienta \u00fatil para la concientizaci\u00f3n y apoyo a los familiares y amigos de personas autistas.<\/p>\n\n\n\n<p>La banda sonora estuvo a cargo de Alejandro Robert Farah; la escenograf\u00eda de Vitali y Anastasia Lavrinenko; el vestuario de Karla Quintal y en la realizaci\u00f3n de t\u00edtere y libro estuvo Laura Zubieta.<\/p>\n\n\n\n<figure class=\"wp-block-image size-full\"><img loading=\"lazy\" width=\"768\" height=\"506\" src=\"https:\/\/visionpeninsular.com\/mid\/wp-content\/uploads\/2024\/07\/OBRA-AUTISMO-MERIDA-1-scaled-1.jpg\" alt=\"\" class=\"wp-image-191165\" srcset=\"https:\/\/visionpeninsular.com\/mid\/wp-content\/uploads\/2024\/07\/OBRA-AUTISMO-MERIDA-1-scaled-1.jpg 768w, https:\/\/visionpeninsular.com\/mid\/wp-content\/uploads\/2024\/07\/OBRA-AUTISMO-MERIDA-1-scaled-1-300x198.jpg 300w, https:\/\/visionpeninsular.com\/mid\/wp-content\/uploads\/2024\/07\/OBRA-AUTISMO-MERIDA-1-scaled-1-310x205.jpg 310w\" sizes=\"(max-width: 768px) 100vw, 768px\" \/><\/figure>\n\n\n\n<p>La puesta en escena contar\u00e1 con animaciones del artista cubano Mario Enrique Bri\u00f1o inspiradas en dibujos de chicas y chicos autistas. Los actores Omar Ceballos, Abril G\u00f3ngora y Juan Jos\u00e9 Chac\u00f3n, consideraron que la realizaci\u00f3n del montaje fue un proceso enriquecedor y transformador.<\/p>\n\n\n\n<p>El Mtro. Augusto Molina Heredia, en representaci\u00f3n del Director de Cultura Antrop. Irving Berl\u00edn Villafa\u00f1a, destac\u00f3 el trabajo de la compa\u00f1\u00eda teatral al retomar, a trav\u00e9s del arte, temas como el autismo y la inclusi\u00f3n, en los que el Ayuntamiento de M\u00e9rida trabaja fuerte para mejorar la calidad de vida de las familias meridanas.<\/p>\n<div class='share-to-whatsapp-wrapper'><div class='share-on-whsp'>Share on: <\/div><a data-text='337 km: la obra sobre autismo que llegar\u00e1 a la temporada Olimpo' data-link='https:\/\/visionpeninsular.com\/mid\/337-km-la-obra-sobre-autismo-que-llegara-a-la-temporada-olimpo\/' class='whatsapp-button whatsapp-share'>WhatsApp<\/a><div class='clear '><\/div><\/div>","protected":false},"excerpt":{"rendered":"<p>\u201c337 km\u201d es una obra amigable, que busca crear conciencia y comprensi\u00f3n sobre el autismo. Escrita por el dramaturgo espa\u00f1ol Manuel Benito, forma parte de la nueva producci\u00f3n de la compa\u00f1\u00eda Mitos Teatro y ser\u00e1 el pr\u00f3ximo estreno de la Temporada Olimpo 2024. Esta pieza, dirigida a adolescentes y adultos, se produjo gracias al Fondo &hellip;<\/p>\n","protected":false},"author":5,"featured_media":191163,"comment_status":"open","ping_status":"open","sticky":false,"template":"","format":"standard","meta":{"_mi_skip_tracking":false},"categories":[49,37],"tags":[43622,9447,13587,2757,12181],"_links":{"self":[{"href":"https:\/\/visionpeninsular.com\/mid\/wp-json\/wp\/v2\/posts\/191161"}],"collection":[{"href":"https:\/\/visionpeninsular.com\/mid\/wp-json\/wp\/v2\/posts"}],"about":[{"href":"https:\/\/visionpeninsular.com\/mid\/wp-json\/wp\/v2\/types\/post"}],"author":[{"embeddable":true,"href":"https:\/\/visionpeninsular.com\/mid\/wp-json\/wp\/v2\/users\/5"}],"replies":[{"embeddable":true,"href":"https:\/\/visionpeninsular.com\/mid\/wp-json\/wp\/v2\/comments?post=191161"}],"version-history":[{"count":1,"href":"https:\/\/visionpeninsular.com\/mid\/wp-json\/wp\/v2\/posts\/191161\/revisions"}],"predecessor-version":[{"id":191166,"href":"https:\/\/visionpeninsular.com\/mid\/wp-json\/wp\/v2\/posts\/191161\/revisions\/191166"}],"wp:featuredmedia":[{"embeddable":true,"href":"https:\/\/visionpeninsular.com\/mid\/wp-json\/wp\/v2\/media\/191163"}],"wp:attachment":[{"href":"https:\/\/visionpeninsular.com\/mid\/wp-json\/wp\/v2\/media?parent=191161"}],"wp:term":[{"taxonomy":"category","embeddable":true,"href":"https:\/\/visionpeninsular.com\/mid\/wp-json\/wp\/v2\/categories?post=191161"},{"taxonomy":"post_tag","embeddable":true,"href":"https:\/\/visionpeninsular.com\/mid\/wp-json\/wp\/v2\/tags?post=191161"}],"curies":[{"name":"wp","href":"https:\/\/api.w.org\/{rel}","templated":true}]}}