{"id":190593,"date":"2024-07-11T14:04:54","date_gmt":"2024-07-11T19:04:54","guid":{"rendered":"https:\/\/visionpeninsular.com\/mid\/?p=190593"},"modified":"2024-07-11T14:04:56","modified_gmt":"2024-07-11T19:04:56","slug":"presenta-el-gobernador-mauricio-vila-dosal-los-polos-industriales-del-bienestar","status":"publish","type":"post","link":"https:\/\/visionpeninsular.com\/mid\/presenta-el-gobernador-mauricio-vila-dosal-los-polos-industriales-del-bienestar\/","title":{"rendered":"Presenta el Gobernador Mauricio Vila Dosal los Polos Industriales del Bienestar"},"content":{"rendered":"\n<ul><li><strong><em>Junto con la secretaria de Econom\u00eda del Gobierno de M\u00e9xico, Raquel Buenrostro S\u00e1nchez, Vila Dosal dio a conocer los pormenores de estos proyectos.<\/em><\/strong><\/li><li><strong><em>Con los dos Polos Industriales del Bienestar se podr\u00e1 potenciar las inversiones en todo el territorio y en el sur sureste, y as\u00ed atraer inversiones en 11 ramas de la industria.<\/em><\/strong><\/li><\/ul>\n\n\n\n<p>M\u00e9rida, Yucat\u00e1n, 10 de julio de 2024.- El Gobernador Mauricio Vila Dosal, junto con la secretaria de Econom\u00eda del Gobierno de M\u00e9xico, Raquel Buenrostro S\u00e1nchez, encabez\u00f3 la presentaci\u00f3n de los dos Polos de Desarrollo para el Bienestar instalados en Yucat\u00e1n, proyectos que se lograron como resultado de las gestiones del Gobernador ante la Federaci\u00f3n y que se convertir\u00e1n en un importante detonante del desarrollo de la entidad y la llegada de nuevas inversiones en 11 ramas de la industria, mismas que generar\u00e1n fuentes de empleos para las familia yucatecas.<\/p>\n\n\n\n<p>En el Centro Internacional de Congresos (CIC), Vila Dosal comparti\u00f3 los detalles de estos sitios, nombrados M\u00e9rida 1 y Progreso 1,&nbsp; donde el Gobierno Federal otorgar\u00e1 est\u00edmulos fiscales a los contribuyentes que realicen actividades econ\u00f3micas a quienes ah\u00ed se instalen, promoviendo al estado como un lugar cada vez m\u00e1s atractivo para los inversionistas.<\/p>\n\n\n\n<p>En el evento estuvieron presentes la presidenta de la C\u00e1mara Nacional de la Industria de Transformaci\u00f3n (CANACINTRA), Esperanza Ortega Azar; y los dirigentes de la Confederaci\u00f3n de C\u00e1maras Nacionales de Comercio, Servicios y Turismo (Concanaco Servytur), Octavio de la Torre D Steffano; de la C\u00e1mara Mexicana de la Industria de la Construcci\u00f3n (CMIC) nacional, Luis Rafael M\u00e9ndez Jaled, y del Consejo de la Industria Maquiladora y Manufactura de Importaci\u00f3n (INDEX), Humberto Mart\u00ednez Cant\u00fa .<\/p>\n\n\n\n<p>En su mensaje, el Gobernador agradeci\u00f3 al Presidente Andr\u00e9s Manuel L\u00f3pez Obrador y la Secretaria de Econom\u00eda por su disposici\u00f3n para trabajar juntos e impulsar \u00e9ste y otros proyectos estrat\u00e9gicos para Yucat\u00e1n.<\/p>\n\n\n\n<p>Ante l\u00edderes empresariales locales, record\u00f3 que Yucat\u00e1n est\u00e1 viviendo un momento hist\u00f3rico, lo que se ve reflejado en un crecimiento econ\u00f3mico por encima de promedio nacional, se cuenta con mayor cantidad de Inversiones Extranjeras Directas, mayor n\u00famero de empleos tomarles y actualmente se cuenta con el mejor salario diario promedio que se ha tenido en la entidad.<\/p>\n\n\n\n<figure class=\"wp-block-image size-full\"><img loading=\"lazy\" width=\"600\" height=\"399\" src=\"https:\/\/visionpeninsular.com\/mid\/wp-content\/uploads\/2024\/07\/polo-eco-2.jpg\" alt=\"\" class=\"wp-image-190596\" srcset=\"https:\/\/visionpeninsular.com\/mid\/wp-content\/uploads\/2024\/07\/polo-eco-2.jpg 600w, https:\/\/visionpeninsular.com\/mid\/wp-content\/uploads\/2024\/07\/polo-eco-2-300x200.jpg 300w, https:\/\/visionpeninsular.com\/mid\/wp-content\/uploads\/2024\/07\/polo-eco-2-310x205.jpg 310w\" sizes=\"(max-width: 600px) 100vw, 600px\" \/><\/figure>\n\n\n\n<p>Aunado a ello, Vila Dosal destac\u00f3 que, como parte de este momento sin precedentes, se han logrado una disminuci\u00f3n hist\u00f3rica en la pobreza, pobreza extrema y la desigualdad en la entidad.<\/p>\n\n\n\n<p>Para generar las bases del desarrollo&nbsp; econ\u00f3mico de Yucat\u00e1n, Vila Dosal apunt\u00f3 que su administraci\u00f3n ha impulsado importantes proyectos estrat\u00e9gicos junto con la Federaci\u00f3n, como \u00e9ste, el viaducto elevado de Progreso, la ampliaci\u00f3n del ducto de abastecimiento de gas natural, dos plantas el\u00e9ctricas de Ciclo Combinado y la construcci\u00f3n de un ramal del Tren Maya, que vaya de la estaci\u00f3n de Poxil\u00e1 en Um\u00e1n a Progreso.<\/p>\n\n\n\n<p>&#8220;A seis a\u00f1os de este Gobierno estamos dejando bases para el crecimiento econ\u00f3mico de Yucat\u00e1n para los pr\u00f3ximos 30 a\u00f1os. Siempre dispuestos a trabajar en coordinaci\u00f3n por el bien de Yucat\u00e1n y poner un granito de arena para que a M\u00e9xico le vaya mejor&#8221;, afirm\u00f3.<\/p>\n\n\n\n<p>Por su parte, la secretaria de Econom\u00eda del Gobierno Federal afirm\u00f3 que los Polos Industriales del Bienestar son un evento hist\u00f3rico para Yucat\u00e1n y el sureste, pues adem\u00e1s de ser los primeros en la regi\u00f3n vendr\u00e1n a detonar el desarrollo econ\u00f3mico con bienestar social.<\/p>\n\n\n\n<figure class=\"wp-block-image size-full\"><img loading=\"lazy\" width=\"500\" height=\"390\" src=\"https:\/\/visionpeninsular.com\/mid\/wp-content\/uploads\/2024\/07\/polo-eco-4.jpg\" alt=\"\" class=\"wp-image-190597\" srcset=\"https:\/\/visionpeninsular.com\/mid\/wp-content\/uploads\/2024\/07\/polo-eco-4.jpg 500w, https:\/\/visionpeninsular.com\/mid\/wp-content\/uploads\/2024\/07\/polo-eco-4-300x234.jpg 300w\" sizes=\"(max-width: 500px) 100vw, 500px\" \/><\/figure>\n\n\n\n<p>En su turno, el titular de la Secretar\u00eda de Fomento Econ\u00f3mico y Trabajo (Sefoet), Ernesto Herrera Novelo, se\u00f1al\u00f3 que han sido varios a\u00f1os de espera para que los Polos Industriales se conviertan en una realidad en el estado y hoy es posible gracias al liderazgo y capacidad&nbsp; de gesti\u00f3n del Gobernador Mauricio Vila Dosal y de los esfuerzos de coordinaci\u00f3n entre la administraci\u00f3n estatal y la Federaci\u00f3n.<\/p>\n\n\n\n<p>&#8220;Estamos ante un paso trascendental y un parteaguas que marcar\u00e1 inicio de nueva era de crecimiento y desarrollo econ\u00f3mico para Yucat\u00e1n &#8220;, afirm\u00f3.<\/p>\n\n\n\n<p>Es preciso recordar que el Gobierno Federal promueve los Polos de Desarrollo para el Bienestar, y que se hayan hecho dos de ellos en Yucat\u00e1n responde a las gestiones realizadas por el Gobernador para continuar impulsando el crecimiento econ\u00f3mico del estado a trav\u00e9s de nuevas inversiones que generen m\u00e1s y mejores empleos para los yucatecos.<\/p>\n\n\n\n<p>En el evento se dio a conocer que los polos industriales estar\u00e1n destinadas a atender 11&nbsp; sectores que son: el\u00e9ctrica y electr\u00f3nica; semiconductores; automotriz (electromovilidad, autopartes y equipo de transporte); dispositivos m\u00e9dicos; farmac\u00e9utica; agroindustria; equipo de generaci\u00f3n y distribuci\u00f3n de energ\u00eda el\u00e9ctrica (fuentes limpias); maquinaria y equipo; tecnolog\u00edas de la informaci\u00f3n y la comunicaci\u00f3n; metales y petroqu\u00edmica.<\/p>\n\n\n\n<p>Gracias al trabajo en equipo entre las Secretar\u00edas de Fomento Econ\u00f3mico y Trabajo del Estado (Sefoet); de Econom\u00eda (SE) y de Hacienda y Cr\u00e9dito P\u00fablico (SHCP) se logr\u00f3 incluir los 11 ramos de la industria mencionados previamente, toda vez que en el proyecto de zona econ\u00f3mica especial solo hab\u00eda 1 rama, adem\u00e1s de incluir todos los incentivos fiscales.<\/p>\n\n\n\n<p>Se explic\u00f3 que los contribuyentes que realicen actividades econ\u00f3micas productivas en el interior de los polos industriales tendr\u00e1n beneficios federales fiscales como depreciaci\u00f3n acelerada durante los primeros seis a\u00f1os, es decir, un esquema que permite a los empresarios recuperar la inversi\u00f3n original de los activos fijo y diferido, v\u00eda fiscal, mediante un porcentaje mayor en los primeros a\u00f1os a partir de la adquisici\u00f3n.<\/p>\n\n\n\n<p>Tambi\u00e9n, la exenci\u00f3n del impuesto al valor agregado (IVA) en transacciones dentro de los polos y entre estos, durante los primeros cuatro a\u00f1os y exenci\u00f3n de 100% del impuesto sobre la renta (ISR) durante los primeros tres a\u00f1os, con posibilidad de extenderse por tres a\u00f1os adicionales con una reducci\u00f3n de hasta 90% en funci\u00f3n de variables como n\u00famero de puestos de trabajo creados.<\/p>\n\n\n\n<p>En cuanto a los beneficios estatales van desde el impuesto cedular sobre la obtenci\u00f3n de ingresos por actividades empresariales, los primeros 4 a\u00f1os al 100% y siguientes al 50%; impuesto sobre erogaciones por remuneraci\u00f3n al trabajo personal, actualizaci\u00f3n y sus accesorios, , los primeros 4 a\u00f1os al 100% y siguientes al 50%.<\/p>\n\n\n\n<p>Asimismo, el impuesto adicional para la ejecuci\u00f3n de obras materiales y asistencia social al 100%; derechos por los servicios del Registro P\u00fablico de la Propiedad y del Comercio, Direcci\u00f3n del Catastro, Secretar\u00eda de Desarrollo Sustentable, Secretar\u00eda de Salud y Coordinaci\u00f3n Estatal de Protecci\u00f3n Civil, todos al 100%. Aplicables por 6 a\u00f1os con posibilidad de prorrogarse hasta por 8 a\u00f1os m\u00e1s.<\/p>\n\n\n\n<p>El Polo Industrial Progreso I, est\u00e1 ubicado en el kil\u00f3metro 24.5 de la carretera M\u00e9rida-Progreso, en el municipio de Progreso, propiedad del Gobierno de Yucat\u00e1n con 223 hect\u00e1reas. As\u00ed mismo, el Gobierno del Estado donar\u00e1 110 hect\u00e1reas a la Secretar\u00eda de la Defensa Nacional (Sedena) para el desarrollo de un parque multimodal del Tren Maya.<\/p>\n\n\n\n<p>Cabe mencionar que el Gobierno del Estado tambi\u00e9n ha gestionado un ramal del Tren Maya que llegar\u00eda hasta el Polo Tecnol\u00f3gico de Progreso, donde se contempla la construcci\u00f3n de la mencionada estaci\u00f3n multimodal.<\/p>\n\n\n\n<p>En cuanto a la M\u00e9rida 1, se encuentra junto al Parque Cient\u00edfico y Tecnol\u00f3gico de Yucat\u00e1n, en el municipio de M\u00e9rida, con una extensi\u00f3n de 60 hect\u00e1reas.<\/p>\n\n\n\n<p>Se cuenta con 10 polos en el Corredor Interoce\u00e1nico del Istmo de Tehuantepec, y el Gobierno de Yucat\u00e1n gestion\u00f3 ante el Gobierno Federal 2 polos industriales con los mismos beneficios fiscales, proyectando una conexi\u00f3n integral entre el Corredor Interoce\u00e1nico, el Tren Maya y la ampliaci\u00f3n del Puerto de Progreso.<\/p>\n<div class='share-to-whatsapp-wrapper'><div class='share-on-whsp'>Share on: <\/div><a data-text='Presenta el Gobernador Mauricio Vila Dosal los Polos Industriales del Bienestar' data-link='https:\/\/visionpeninsular.com\/mid\/presenta-el-gobernador-mauricio-vila-dosal-los-polos-industriales-del-bienestar\/' class='whatsapp-button whatsapp-share'>WhatsApp<\/a><div class='clear '><\/div><\/div>","protected":false},"excerpt":{"rendered":"<p>Junto con la secretaria de Econom\u00eda del Gobierno de M\u00e9xico, Raquel Buenrostro S\u00e1nchez, Vila Dosal dio a conocer los pormenores de estos proyectos.Con los dos Polos Industriales del Bienestar se podr\u00e1 potenciar las inversiones en todo el territorio y en el sur sureste, y as\u00ed atraer inversiones en 11 ramas de la industria. M\u00e9rida, Yucat\u00e1n, &hellip;<\/p>\n","protected":false},"author":5,"featured_media":190595,"comment_status":"open","ping_status":"open","sticky":false,"template":"","format":"standard","meta":{"_mi_skip_tracking":false},"categories":[49,37],"tags":[43404,185,3861],"_links":{"self":[{"href":"https:\/\/visionpeninsular.com\/mid\/wp-json\/wp\/v2\/posts\/190593"}],"collection":[{"href":"https:\/\/visionpeninsular.com\/mid\/wp-json\/wp\/v2\/posts"}],"about":[{"href":"https:\/\/visionpeninsular.com\/mid\/wp-json\/wp\/v2\/types\/post"}],"author":[{"embeddable":true,"href":"https:\/\/visionpeninsular.com\/mid\/wp-json\/wp\/v2\/users\/5"}],"replies":[{"embeddable":true,"href":"https:\/\/visionpeninsular.com\/mid\/wp-json\/wp\/v2\/comments?post=190593"}],"version-history":[{"count":1,"href":"https:\/\/visionpeninsular.com\/mid\/wp-json\/wp\/v2\/posts\/190593\/revisions"}],"predecessor-version":[{"id":190598,"href":"https:\/\/visionpeninsular.com\/mid\/wp-json\/wp\/v2\/posts\/190593\/revisions\/190598"}],"wp:featuredmedia":[{"embeddable":true,"href":"https:\/\/visionpeninsular.com\/mid\/wp-json\/wp\/v2\/media\/190595"}],"wp:attachment":[{"href":"https:\/\/visionpeninsular.com\/mid\/wp-json\/wp\/v2\/media?parent=190593"}],"wp:term":[{"taxonomy":"category","embeddable":true,"href":"https:\/\/visionpeninsular.com\/mid\/wp-json\/wp\/v2\/categories?post=190593"},{"taxonomy":"post_tag","embeddable":true,"href":"https:\/\/visionpeninsular.com\/mid\/wp-json\/wp\/v2\/tags?post=190593"}],"curies":[{"name":"wp","href":"https:\/\/api.w.org\/{rel}","templated":true}]}}