{"id":190564,"date":"2024-07-10T15:58:06","date_gmt":"2024-07-10T20:58:06","guid":{"rendered":"https:\/\/visionpeninsular.com\/mid\/?p=190564"},"modified":"2024-07-10T15:58:08","modified_gmt":"2024-07-10T20:58:08","slug":"academia-de-danza-stylus-festejara-hoy-su-15o-aniversario-con-funcion-de-remembranzas","status":"publish","type":"post","link":"https:\/\/visionpeninsular.com\/mid\/academia-de-danza-stylus-festejara-hoy-su-15o-aniversario-con-funcion-de-remembranzas\/","title":{"rendered":"Academia de danza \u201cStylus\u201d festejar\u00e1 hoy su 15\u00ba. Aniversario con funci\u00f3n de \u201cRemembranzas\u201d"},"content":{"rendered":"\n<p>La Academia de Danza \u201cStylus\u201d est\u00e1 de manteles largos al celebrar&nbsp; su 15\u00ba &nbsp;Aniversario y hoy mi\u00e9rcoles lo festejar\u00e1 con una funci\u00f3n denominada \u201cRemembranzas\u201d, un recorrido por las diversas obras danc\u00edsticas presentadas durante ese tiempo y que adem\u00e1s servir\u00e1 para clausurar el curso 2023-2024.<\/p>\n\n\n\n<p>La sede cumpli\u00f3 su 15\u00ba. Aniversario el pasado 18 de mayo, sede donde imparten danza cl\u00e1sica, danza contempor\u00e1nea y danza jazz, desde los tres a\u00f1os hasta adultos.<\/p>\n\n\n\n<p>Cabe se\u00f1alar que se trata de una instituci\u00f3n privada, con car\u00e1cter familiar, incorporada a la Secretar\u00eda de Educaci\u00f3n del Estado (Segey), que avala que los planes de estudio tengan continuidad y un documento aprobatorio por la instituci\u00f3n.<\/p>\n\n\n\n<p>\u201cSe har\u00e1 un recuento de los festivales de fin de curso organizados durante estos 15 a\u00f1os. Siempre buscamos en la escuela promover valores, se fomentan temas sustentables y que puedan involucrar a la familia, se inculca a los alumnos involucrarse en cada uno de estos hechos\u201d, expres\u00f3 Guillermina Puc Ibarra, directora de la Academia.<\/p>\n\n\n\n<p>\u201cTenemos una compa\u00f1\u00eda danc\u00edstica dentro de la instituci\u00f3n que representa diferentes aspectos como la protecci\u00f3n del medio ambiente y situaciones que puedan mejorar las relaciones entre amigos, familia y dem\u00e1s\u201d, agreg\u00f3.<\/p>\n\n\n\n<p>Con sus hermanas, Yamile y Wendy, como subdirectoras administrativa y de planeaci\u00f3n, respectivamente, \u201cStylus\u201d no dej\u00f3 de brindar servicio durante la pandemia del Covid-19, a trav\u00e9s de sesiones virtuales.<\/p>\n\n\n\n<p>En el festejo de los 15 a\u00f1os participar\u00e1 como invitado el distinguido actor de teatro, Miguel Garc\u00eda Minaburo, de reconocida trayectoria, quien interpretar\u00e1 a Francisco Gabilondo Soler \u201cCri Cri\u201d; as\u00ed como el Grupo C\u00edvico del Instituto Tecnol\u00f3gico de M\u00e9rida (ITM), como los \u201csoldados\u201d en la parte correspondiente al Mago de Oz.<\/p>\n\n\n\n<p>La Academia labora habitualmente de lunes a viernes, de 16:00 a 20:00 horas, y cuentan en estos momentos con alrededor de 50 o 60 alumnos, con inscripciones abiertas. En los pr\u00f3ximos d\u00edas saldr\u00e1n de vacaciones, pero retomar\u00e1n actividades en septiembre pr\u00f3ximo.<\/p>\n\n\n\n<p>\u201cTratamos que la formaci\u00f3n integral sea parte de los estudiantes, inculcarles valores y ense\u00f1anzas como la disciplina.<\/p>\n\n\n\n<p>Buscamos fomentar que el arte sea para todos\u201d, afirm\u00f3 Puc Ibarra, Licenciada en Administraci\u00f3n, egresada del ITM, con una maestr\u00eda e igualmente especializada en danza contempor\u00e1nea por Bellas Artes.<\/p>\n\n\n\n<p>\u201cEso me dio la posibilidad de combinar el arte con la parte acad\u00e9mica y lo sigo fomentando, de alguna u otra manera est\u00e1 la parte profesional, dejarles algo en la parte interna. Nunca dejamos de aprender, esta escuela es parte de un proyecto de incubaci\u00f3n de empresas\u201d, a\u00f1adi\u00f3.<\/p>\n\n\n\n<figure class=\"wp-block-image size-full\"><img loading=\"lazy\" width=\"500\" height=\"333\" src=\"https:\/\/visionpeninsular.com\/mid\/wp-content\/uploads\/2024\/07\/empresas-anadio.jpg\" alt=\"\" class=\"wp-image-190567\" srcset=\"https:\/\/visionpeninsular.com\/mid\/wp-content\/uploads\/2024\/07\/empresas-anadio.jpg 500w, https:\/\/visionpeninsular.com\/mid\/wp-content\/uploads\/2024\/07\/empresas-anadio-300x200.jpg 300w, https:\/\/visionpeninsular.com\/mid\/wp-content\/uploads\/2024\/07\/empresas-anadio-310x205.jpg 310w\" sizes=\"(max-width: 500px) 100vw, 500px\" \/><\/figure>\n\n\n\n<p>El trabajo que realizan en la agrupaci\u00f3n los ha llevado a presentarse en el \u00c1rbol Navide\u00f1o gigante al norte de la ciudad o en el Remat\u00e9 del Paseo de Montejo, en la \u00e9poca decembrina, con proyecciones de cuentos referentes a la temporada; adem\u00e1s de diferentes actuaciones en eventos como el M\u00e9rida Fest.<\/p>\n\n\n\n<p>La funci\u00f3n arrancar\u00e1 a las 19:00 horas, en el teatro de las artes \u201cNina Shestakova\u201d, del Centro Municipal de Danza, en el Fraccionamiento Yucalpet\u00e9n y los asistentes podr\u00e1n disfrutar de espect\u00e1culos como El Libro de la Selva, Frozen, Princesita Sof\u00eda, La Sirenita, El Rey Le\u00f3n, Intensamente, Estrellas del Pop y Estamos a Tiempo de Salvarnos (mensaje de protecci\u00f3n al planeta), en otros temas.<\/p>\n\n\n\n<p>Los boletos se pueden adquirir en las taquillas de la sede o en las instalaciones de \u201cStylus\u201d, en calle 21, n\u00famero 349, por 22 y 24, Juan Pablo II.<\/p>\n\n\n\n<p><\/p>\n\n\n\n<p><\/p>\n\n\n\n<p><\/p>\n\n\n\n<p><\/p>\n\n\n\n<p><\/p>\n<div class='share-to-whatsapp-wrapper'><div class='share-on-whsp'>Share on: <\/div><a data-text='Academia de danza \u201cStylus\u201d festejar\u00e1 hoy su 15\u00ba. Aniversario con funci\u00f3n de \u201cRemembranzas\u201d' data-link='https:\/\/visionpeninsular.com\/mid\/academia-de-danza-stylus-festejara-hoy-su-15o-aniversario-con-funcion-de-remembranzas\/' class='whatsapp-button whatsapp-share'>WhatsApp<\/a><div class='clear '><\/div><\/div>","protected":false},"excerpt":{"rendered":"<p>La Academia de Danza \u201cStylus\u201d est\u00e1 de manteles largos al celebrar&nbsp; su 15\u00ba &nbsp;Aniversario y hoy mi\u00e9rcoles lo festejar\u00e1 con una funci\u00f3n denominada \u201cRemembranzas\u201d, un recorrido por las diversas obras danc\u00edsticas presentadas durante ese tiempo y que adem\u00e1s servir\u00e1 para clausurar el curso 2023-2024. La sede cumpli\u00f3 su 15\u00ba. Aniversario el pasado 18 de mayo, &hellip;<\/p>\n","protected":false},"author":5,"featured_media":190566,"comment_status":"open","ping_status":"open","sticky":false,"template":"","format":"standard","meta":{"_mi_skip_tracking":false},"categories":[50,37],"tags":[11336,43392,43391],"_links":{"self":[{"href":"https:\/\/visionpeninsular.com\/mid\/wp-json\/wp\/v2\/posts\/190564"}],"collection":[{"href":"https:\/\/visionpeninsular.com\/mid\/wp-json\/wp\/v2\/posts"}],"about":[{"href":"https:\/\/visionpeninsular.com\/mid\/wp-json\/wp\/v2\/types\/post"}],"author":[{"embeddable":true,"href":"https:\/\/visionpeninsular.com\/mid\/wp-json\/wp\/v2\/users\/5"}],"replies":[{"embeddable":true,"href":"https:\/\/visionpeninsular.com\/mid\/wp-json\/wp\/v2\/comments?post=190564"}],"version-history":[{"count":1,"href":"https:\/\/visionpeninsular.com\/mid\/wp-json\/wp\/v2\/posts\/190564\/revisions"}],"predecessor-version":[{"id":190568,"href":"https:\/\/visionpeninsular.com\/mid\/wp-json\/wp\/v2\/posts\/190564\/revisions\/190568"}],"wp:featuredmedia":[{"embeddable":true,"href":"https:\/\/visionpeninsular.com\/mid\/wp-json\/wp\/v2\/media\/190566"}],"wp:attachment":[{"href":"https:\/\/visionpeninsular.com\/mid\/wp-json\/wp\/v2\/media?parent=190564"}],"wp:term":[{"taxonomy":"category","embeddable":true,"href":"https:\/\/visionpeninsular.com\/mid\/wp-json\/wp\/v2\/categories?post=190564"},{"taxonomy":"post_tag","embeddable":true,"href":"https:\/\/visionpeninsular.com\/mid\/wp-json\/wp\/v2\/tags?post=190564"}],"curies":[{"name":"wp","href":"https:\/\/api.w.org\/{rel}","templated":true}]}}