{"id":190553,"date":"2024-07-10T15:05:02","date_gmt":"2024-07-10T20:05:02","guid":{"rendered":"https:\/\/visionpeninsular.com\/mid\/?p=190553"},"modified":"2024-07-10T15:05:05","modified_gmt":"2024-07-10T20:05:05","slug":"merida-recibe-reconocimiento-internacional-por-diseno-participativo","status":"publish","type":"post","link":"https:\/\/visionpeninsular.com\/mid\/merida-recibe-reconocimiento-internacional-por-diseno-participativo\/","title":{"rendered":"M\u00e9rida recibe reconocimiento internacional por Dise\u00f1o Participativo"},"content":{"rendered":"\n<p>Uno de los principales distintivos de la presente administraci\u00f3n es el inter\u00e9s y la participaci\u00f3n ciudadana en el fortalecimiento de los espacios p\u00fablicos del municipio, porque es ah\u00ed donde se articula la vida social, son lugares de encuentro y de integraci\u00f3n que consolidan el tejido social, manifest\u00f3 el alcalde Alejandro Ruz Castro.<\/p>\n\n\n\n<p>Esta sinergia entre gobierno y sociedad, abund\u00f3, permiti\u00f3 que el Ayuntamiento obtuviera un reconocimiento internacional, donde el programa de Dise\u00f1o Participativo de Espacios P\u00fablicos ingres\u00f3 en el cat\u00e1logo de buenas pr\u00e1cticas urbanas en Am\u00e9rica Latina y el Caribe, que elabora ONU-Habitat Espa\u00f1a en colaboraci\u00f3n con el Ministerio de Vivienda y Agenda Urbana de Espa\u00f1a (MIVAU) y la Universidad de Navarra.<\/p>\n\n\n\n<p>\u201cNuestra misi\u00f3n como gobierno sustentable es mantener nuestros espacios p\u00fablicos atractivos, donde las personas se sientan seguras, y para lograrlo optamos por el trabajo en conjunto entre el gobierno y la sociedad organizada para transformar de manera colectiva estos espacios, ejerciendo nuestro derecho a la ciudad\u201d, expres\u00f3.<\/p>\n\n\n\n<p>Para realizar esta colaboraci\u00f3n entre sociedad y gobierno, desde 2018, el Ayuntamiento de M\u00e9rida puso en marcha con \u00e9xito el programa de Dise\u00f1o Participativo de Espacios P\u00fablicos, el cual responde al llamado de la ciudadan\u00eda para ejecutar proyectos que promuevan la apropiaci\u00f3n de sus espacios.<\/p>\n\n\n\n<p><strong>Reconocimiento para toda la ciudadan\u00eda<\/strong><\/p>\n\n\n\n<p>\u201cLa intenci\u00f3n es presentar nuestro programa que est\u00e1 dentro del cat\u00e1logo en el Foro Urbano Mundial, que tendr\u00e1 lugar entre los d\u00edas 4 y 8 de noviembre de 2024 en el Cairo, Egipto, y, posteriormente, incluirlo en las plataformas de ONU-Habitat en la WEB\u201d, explic\u00f3.<\/p>\n\n\n\n<p>Ruz Castro resalt\u00f3 que este reconocimiento no es para el Ayuntamiento de M\u00e9rida, sino que es para toda la ciudadan\u00eda que ha participado de manera activa en el dise\u00f1o de sus espacios p\u00fablicos.<\/p>\n\n\n\n<p>\u201cEste programa ha sido el resultado del trabajo conjunto entre el Gobierno y las comunidades. Se reconoce que la comunidad de M\u00e9rida es una entusiasta promotora de la participaci\u00f3n y el fortalecimiento de mecanismos de gobernanza democr\u00e1ticos y transparentes, sin ellas, un ejercicio de esta naturaleza ser\u00eda muy dif\u00edcil\u201d, acot\u00f3.<\/p>\n\n\n\n<figure class=\"wp-block-image size-full\"><img loading=\"lazy\" width=\"768\" height=\"497\" src=\"https:\/\/visionpeninsular.com\/mid\/wp-content\/uploads\/2024\/07\/DISENO-PARTICIPATIVO-1-scaled-1.jpeg\" alt=\"\" class=\"wp-image-190557\" srcset=\"https:\/\/visionpeninsular.com\/mid\/wp-content\/uploads\/2024\/07\/DISENO-PARTICIPATIVO-1-scaled-1.jpeg 768w, https:\/\/visionpeninsular.com\/mid\/wp-content\/uploads\/2024\/07\/DISENO-PARTICIPATIVO-1-scaled-1-300x194.jpeg 300w\" sizes=\"(max-width: 768px) 100vw, 768px\" \/><\/figure>\n\n\n\n<p>Cabe recordar que el Programa de Dise\u00f1o Participativo de Espacios P\u00fablicos es una iniciativa municipal que tiene el objetivo de involucrar a la poblaci\u00f3n en la toma de decisiones sobre el dise\u00f1o y transformaci\u00f3n de sus parques.<\/p>\n\n\n\n<p><strong>Comunidades ofrecen soluciones a sus problemas<\/strong><\/p>\n\n\n\n<p>Explic\u00f3 que este programa tiene como premisa que las comunidades son expertas en vivir la ciudad y entender sus problemas, por lo tanto, son expertas en ofrecer soluciones, y los profesionales del dise\u00f1o son expertos en interpretar las necesidades, identificadas y jerarquizadas para transformarlas en ambientes y espacios de calidad.<\/p>\n\n\n\n<p><strong>Dise\u00f1o Participativo<\/strong><\/p>\n\n\n\n<p>Este programa se ha realizado, desde el 2018, en 37 parques distribuidos uniformemente en el territorio del municipio de M\u00e9rida. La transformaci\u00f3n de los parques ha tenido un impacto en m\u00e1s de 200,000 habitantes del municipio, donde se ha contado con la participaci\u00f3n de m\u00e1s de 3,000 personas.<\/p>\n\n\n\n<figure class=\"wp-block-image size-full\"><img loading=\"lazy\" width=\"768\" height=\"491\" src=\"https:\/\/visionpeninsular.com\/mid\/wp-content\/uploads\/2024\/07\/DISENO-PARTICIPATIVO-3-scaled-1.jpeg\" alt=\"\" class=\"wp-image-190556\" srcset=\"https:\/\/visionpeninsular.com\/mid\/wp-content\/uploads\/2024\/07\/DISENO-PARTICIPATIVO-3-scaled-1.jpeg 768w, https:\/\/visionpeninsular.com\/mid\/wp-content\/uploads\/2024\/07\/DISENO-PARTICIPATIVO-3-scaled-1-300x192.jpeg 300w\" sizes=\"(max-width: 768px) 100vw, 768px\" \/><\/figure>\n\n\n\n<p>Entre las dependencias participantes se encuentran la Secretar\u00eda de Participaci\u00f3n Ciudadana, Direcci\u00f3n de Obras P\u00fablicas, Direcci\u00f3n de Desarrollo Social, Instituto Municipal de Planeaci\u00f3n (IMPLAN), Contralor\u00eda Social, entre otras.<\/p>\n\n\n\n<p>Adem\u00e1s, el Programa de Dise\u00f1o Participativo de Espacios P\u00fablicos ha sido reconocido a nivel nacional, con premios como el Primer lugar en la categor\u00eda \u201cSalud y Bienestar Integral\u201d otorgado por la Asociaci\u00f3n Nacional de Parques y Recreaci\u00f3n de M\u00e9xico (ANPR) en 2023 y el Reconocimiento a las buenas pr\u00e1cticas municipales, distinguido por el Comit\u00e9 de Evaluaci\u00f3n como una de las mejores pr\u00e1cticas municipales de la Gu\u00eda Consultiva de Desempe\u00f1o Municipal 2023 a nivel nacional, por la Secretar\u00eda de Gobernaci\u00f3n a trav\u00e9s del Instituto Nacional para el Federalismo y el Desarrollo Municipal (INAFED).<\/p>\n<div class='share-to-whatsapp-wrapper'><div class='share-on-whsp'>Share on: <\/div><a data-text='M\u00e9rida recibe reconocimiento internacional por Dise\u00f1o Participativo' data-link='https:\/\/visionpeninsular.com\/mid\/merida-recibe-reconocimiento-internacional-por-diseno-participativo\/' class='whatsapp-button whatsapp-share'>WhatsApp<\/a><div class='clear '><\/div><\/div>","protected":false},"excerpt":{"rendered":"<p>Uno de los principales distintivos de la presente administraci\u00f3n es el inter\u00e9s y la participaci\u00f3n ciudadana en el fortalecimiento de los espacios p\u00fablicos del municipio, porque es ah\u00ed donde se articula la vida social, son lugares de encuentro y de integraci\u00f3n que consolidan el tejido social, manifest\u00f3 el alcalde Alejandro Ruz Castro. Esta sinergia entre &hellip;<\/p>\n","protected":false},"author":5,"featured_media":190555,"comment_status":"open","ping_status":"open","sticky":false,"template":"","format":"standard","meta":{"_mi_skip_tracking":false},"categories":[49,37],"tags":[26810,13587,43388],"_links":{"self":[{"href":"https:\/\/visionpeninsular.com\/mid\/wp-json\/wp\/v2\/posts\/190553"}],"collection":[{"href":"https:\/\/visionpeninsular.com\/mid\/wp-json\/wp\/v2\/posts"}],"about":[{"href":"https:\/\/visionpeninsular.com\/mid\/wp-json\/wp\/v2\/types\/post"}],"author":[{"embeddable":true,"href":"https:\/\/visionpeninsular.com\/mid\/wp-json\/wp\/v2\/users\/5"}],"replies":[{"embeddable":true,"href":"https:\/\/visionpeninsular.com\/mid\/wp-json\/wp\/v2\/comments?post=190553"}],"version-history":[{"count":1,"href":"https:\/\/visionpeninsular.com\/mid\/wp-json\/wp\/v2\/posts\/190553\/revisions"}],"predecessor-version":[{"id":190558,"href":"https:\/\/visionpeninsular.com\/mid\/wp-json\/wp\/v2\/posts\/190553\/revisions\/190558"}],"wp:featuredmedia":[{"embeddable":true,"href":"https:\/\/visionpeninsular.com\/mid\/wp-json\/wp\/v2\/media\/190555"}],"wp:attachment":[{"href":"https:\/\/visionpeninsular.com\/mid\/wp-json\/wp\/v2\/media?parent=190553"}],"wp:term":[{"taxonomy":"category","embeddable":true,"href":"https:\/\/visionpeninsular.com\/mid\/wp-json\/wp\/v2\/categories?post=190553"},{"taxonomy":"post_tag","embeddable":true,"href":"https:\/\/visionpeninsular.com\/mid\/wp-json\/wp\/v2\/tags?post=190553"}],"curies":[{"name":"wp","href":"https:\/\/api.w.org\/{rel}","templated":true}]}}