{"id":190540,"date":"2024-07-09T22:09:24","date_gmt":"2024-07-10T03:09:24","guid":{"rendered":"https:\/\/visionpeninsular.com\/mid\/?p=190540"},"modified":"2024-07-09T22:09:26","modified_gmt":"2024-07-10T03:09:26","slug":"sin-imposiciones-ni-improvisados-al-frente-de-turismo","status":"publish","type":"post","link":"https:\/\/visionpeninsular.com\/mid\/sin-imposiciones-ni-improvisados-al-frente-de-turismo\/","title":{"rendered":"Sin imposiciones ni improvisados al frente de Turismo"},"content":{"rendered":"\n<h2 class=\"has-text-align-center\">\u2022Quien asuma la titularidad de la Secretar\u00eda de Fomento Tur\u00edstico (Sefotur) tiene que ser yucateco y abierto al di\u00e1logo con los empresarios<\/h2>\n\n\n\n<p>M\u00e9rida, Yucat\u00e1n, a 9 de julio de 2024.\u2013 Empresarios del sector turismo externaron su confianza en que el gobernador electo Joaqu\u00edn D\u00edaz Mena designar\u00e1 para la titularidad de la Secretar\u00eda de Fomento Tur\u00edstico (SEFOTUR) un perfil que conozca del rubro, sea yucateco y dialogue de manera permanente con los involucrados en esta industria.<\/p>\n\n\n\n<p>\u201cYa no queremos gente de afuera o que desconozca el sector\u201d, se\u00f1al\u00f3 Rosa Rosa Isela Garc\u00eda Pantoja, presidenta de la Asociaci\u00f3n Mexicana de la Industria Tur\u00edstica (AMIT) Yucat\u00e1n. Otros atributos del titular de la Sefotur son:&nbsp; una buena relaci\u00f3n con el INAH y cercan\u00eda con los empresarios de todos los municipios, no s\u00f3lo los meridanos.<\/p>\n\n\n\n<p>En dicha dependencia estatal debe estar al frente una persona con conocimiento t\u00e9cnico en la materia y no un pol\u00edtico, pues de poner otro tipo de perfil se acrecentar\u00eda el retroceso en materia tur\u00edstica que se ha tenido en la entidad, insisti\u00f3. \u201cYa no queremos eso&#8230; El gobernador electo se comprometi\u00f3 que el pr\u00f3ximo titular de la Secretar\u00eda de Fomento Tur\u00edstico tiene que ser yucateco, empresario tur\u00edstico, una persona que conozca la oferta en la entidad, la problem\u00e1tica, ya no queremos gente de afuera o que desconozca el sector\u201d, insisti\u00f3. <\/p>\n\n\n\n<figure class=\"wp-block-image size-large\"><img loading=\"lazy\" width=\"1024\" height=\"626\" src=\"https:\/\/visionpeninsular.com\/mid\/wp-content\/uploads\/2024\/07\/WhatsApp-Image-2024-07-09-at-7.26.51-PM-1024x626.jpeg\" alt=\"\" class=\"wp-image-190542\" srcset=\"https:\/\/visionpeninsular.com\/mid\/wp-content\/uploads\/2024\/07\/WhatsApp-Image-2024-07-09-at-7.26.51-PM-1024x626.jpeg 1024w, https:\/\/visionpeninsular.com\/mid\/wp-content\/uploads\/2024\/07\/WhatsApp-Image-2024-07-09-at-7.26.51-PM-300x184.jpeg 300w, https:\/\/visionpeninsular.com\/mid\/wp-content\/uploads\/2024\/07\/WhatsApp-Image-2024-07-09-at-7.26.51-PM-768x470.jpeg 768w, https:\/\/visionpeninsular.com\/mid\/wp-content\/uploads\/2024\/07\/WhatsApp-Image-2024-07-09-at-7.26.51-PM.jpeg 1280w\" sizes=\"(max-width: 1024px) 100vw, 1024px\" \/><figcaption>Integrantes de  Asociaci\u00f3n Mexicana de la Industria Tur\u00edstica (AMIT) Yucat\u00e1n. La presidenta de la organizaci\u00f3n Rosa Isela Garc\u00eda Pantoja dio a conocer que esperan una reuni\u00f3n con el gobernador electo Joaqu\u00edn D\u00edaz Mena para plantearle el perfil para la SEFOTUR. Fotograf\u00eda: VP<\/figcaption><\/figure>\n\n\n\n<p><\/p>\n<div class='share-to-whatsapp-wrapper'><div class='share-on-whsp'>Share on: <\/div><a data-text='Sin imposiciones ni improvisados al frente de Turismo' data-link='https:\/\/visionpeninsular.com\/mid\/sin-imposiciones-ni-improvisados-al-frente-de-turismo\/' class='whatsapp-button whatsapp-share'>WhatsApp<\/a><div class='clear '><\/div><\/div>","protected":false},"excerpt":{"rendered":"<p>\u2022Quien asuma la titularidad de la Secretar\u00eda de Fomento Tur\u00edstico (Sefotur) tiene que ser yucateco y abierto al di\u00e1logo con los empresarios M\u00e9rida, Yucat\u00e1n, a 9 de julio de 2024.\u2013 Empresarios del sector turismo externaron su confianza en que el gobernador electo Joaqu\u00edn D\u00edaz Mena designar\u00e1 para la titularidad de la Secretar\u00eda de Fomento Tur\u00edstico &hellip;<\/p>\n","protected":false},"author":11,"featured_media":190542,"comment_status":"open","ping_status":"open","sticky":false,"template":"","format":"standard","meta":{"_mi_skip_tracking":false},"categories":[49,37],"tags":[43384,43385,42461,227],"_links":{"self":[{"href":"https:\/\/visionpeninsular.com\/mid\/wp-json\/wp\/v2\/posts\/190540"}],"collection":[{"href":"https:\/\/visionpeninsular.com\/mid\/wp-json\/wp\/v2\/posts"}],"about":[{"href":"https:\/\/visionpeninsular.com\/mid\/wp-json\/wp\/v2\/types\/post"}],"author":[{"embeddable":true,"href":"https:\/\/visionpeninsular.com\/mid\/wp-json\/wp\/v2\/users\/11"}],"replies":[{"embeddable":true,"href":"https:\/\/visionpeninsular.com\/mid\/wp-json\/wp\/v2\/comments?post=190540"}],"version-history":[{"count":1,"href":"https:\/\/visionpeninsular.com\/mid\/wp-json\/wp\/v2\/posts\/190540\/revisions"}],"predecessor-version":[{"id":190543,"href":"https:\/\/visionpeninsular.com\/mid\/wp-json\/wp\/v2\/posts\/190540\/revisions\/190543"}],"wp:featuredmedia":[{"embeddable":true,"href":"https:\/\/visionpeninsular.com\/mid\/wp-json\/wp\/v2\/media\/190542"}],"wp:attachment":[{"href":"https:\/\/visionpeninsular.com\/mid\/wp-json\/wp\/v2\/media?parent=190540"}],"wp:term":[{"taxonomy":"category","embeddable":true,"href":"https:\/\/visionpeninsular.com\/mid\/wp-json\/wp\/v2\/categories?post=190540"},{"taxonomy":"post_tag","embeddable":true,"href":"https:\/\/visionpeninsular.com\/mid\/wp-json\/wp\/v2\/tags?post=190540"}],"curies":[{"name":"wp","href":"https:\/\/api.w.org\/{rel}","templated":true}]}}