{"id":190138,"date":"2024-06-29T19:07:49","date_gmt":"2024-06-30T00:07:49","guid":{"rendered":"https:\/\/visionpeninsular.com\/mid\/?p=190138"},"modified":"2024-06-29T19:07:51","modified_gmt":"2024-06-30T00:07:51","slug":"origen-espectaculo-de-flamenco-llega-a-la-temporada-olimpo","status":"publish","type":"post","link":"https:\/\/visionpeninsular.com\/mid\/origen-espectaculo-de-flamenco-llega-a-la-temporada-olimpo\/","title":{"rendered":"\u201cOrigen\u201d, espect\u00e1culo de flamenco llega a la temporada Olimpo"},"content":{"rendered":"\n<p>El flamenco, patrimonio cultural inmaterial de la humanidad, llegar\u00e1 con sus ritmos y emociones a la Temporada Olimpo a trav\u00e9s de la gala \u201cOrigen\u201d, el nuevo espect\u00e1culo de la compa\u00f1\u00eda \u201cLa Comino\u201d. La experiencia art\u00edstica tendr\u00e1 una sola funci\u00f3n el pr\u00f3ximo viernes 5 de julio, a las 8 de la noche en el Auditorio del Centro Cultural Olimpo.<\/p>\n\n\n\n<p>La bailaora Georgina Alejandra Ciccio, directora de \u201cLa Comino\u201d, comparti\u00f3 con representantes de los medios de comunicaci\u00f3n detalles de la experiencia art\u00edstica que se podr\u00e1 disfrutar con un repertorio tan tradicional como innovador.<\/p>\n\n\n\n<p>La obra es uno de los proyectos invitados de la primera etapa de la Temporada Olimpo del Ayuntamiento de M\u00e9rida que encabeza el Alcalde Alejandro Ruz Castro.<\/p>\n\n\n\n<p>El espect\u00e1culo habla del origen de los primeros maestros que inspiraron e hicieron que el flamenco fuera declarado patrimonio cultural de la humanidad por la UNESCO, como \u201cEl Farruco\u201d, Camar\u00f3n de la Isla y Paco de Luc\u00eda.<\/p>\n\n\n\n<p>\u201cTambi\u00e9n se refleja lo que inspir\u00f3 a los compa\u00f1eros a bailar, lo que ocurri\u00f3 en las clases, los ensayos, las emociones para conectar a trav\u00e9s del flamenco\u201d, expuso Georgina Ciccio.<\/p>\n\n\n\n<p>La compa\u00f1\u00eda \u201cLa Comino\u201d ha estado presente durante 25 a\u00f1os en la escena cultural con trayectoria profesional y acad\u00e9mica, cuenta con bailaoras y alumnos profesionales y se ha mantenido en el gusto del p\u00fablico yucateco.<\/p>\n\n\n\n<figure class=\"wp-block-image size-full\"><img loading=\"lazy\" width=\"768\" height=\"512\" src=\"https:\/\/visionpeninsular.com\/mid\/wp-content\/uploads\/2024\/06\/ORIGEN-FLAMENCO-MERIDA-2-scaled-1.jpeg\" alt=\"\" class=\"wp-image-190141\" srcset=\"https:\/\/visionpeninsular.com\/mid\/wp-content\/uploads\/2024\/06\/ORIGEN-FLAMENCO-MERIDA-2-scaled-1.jpeg 768w, https:\/\/visionpeninsular.com\/mid\/wp-content\/uploads\/2024\/06\/ORIGEN-FLAMENCO-MERIDA-2-scaled-1-300x200.jpeg 300w\" sizes=\"(max-width: 768px) 100vw, 768px\" \/><\/figure>\n\n\n\n<p>Ese impulso ha hecho que en los \u00faltimos a\u00f1os estrene los espect\u00e1culos \u201cRecre\u00e1ndome\u201d y \u201cFusi\u00f3n de tiempos\u201d con gran \u00e9xito, mismo que esperan se repita ahora con \u201cOrigen\u201d.<\/p>\n\n\n\n<p><strong>15 bailaoras en el espect\u00e1culo<\/strong><\/p>\n\n\n\n<p>Para esta gala, en la que tomar\u00e1n parte 15 bailaoras, Georgina Ciccio se atrevi\u00f3 a innovar y probar con m\u00fasica grabada, por lo que la primera parte del espect\u00e1culo ser\u00e1 de performance flamenco y la segunda, flamenco puro con la guitarra y canto de Rodrigo Godoy.<\/p>\n\n\n\n<p>El repertorio incluir\u00e1 12 piezas, entre estas un tema alusivo a Morente, artista que se atrevi\u00f3 a revolucionar el flamenco con el rock sin perder la pureza del primero. Tambi\u00e9n se podr\u00e1n disfrutar sevillanas, bailes con abanicos, mantones y casta\u00f1uelas, buler\u00edas, tangos y hasta la interpretaci\u00f3n de una versi\u00f3n moderna de \u201cL\u2019Amour\u201d de la \u00f3pera Carmen.<\/p>\n\n\n\n<p>El boleto de entrada tiene precio de $160 pesos y se pueden adquirir al tel\u00e9fono 9991-589952 y una hora antes del evento en el Olimpo. Es para toda la familia.<\/p>\n\n\n\n<p>Libertad Mej\u00eda \u00c1ngel, quien participa en \u201cOrigen\u201d, expuso que es un proyecto al que le pusieron mucho cari\u00f1o todos los integrantes del equipo, y en particular estar cerca de la danza flamenco le ha cambiado la vida.<\/p>\n\n\n\n<figure class=\"wp-block-image size-full\"><img loading=\"lazy\" width=\"768\" height=\"512\" src=\"https:\/\/visionpeninsular.com\/mid\/wp-content\/uploads\/2024\/06\/ORIGEN-FLAMENCO-MERIDA-3-scaled-1.jpeg\" alt=\"\" class=\"wp-image-190142\" srcset=\"https:\/\/visionpeninsular.com\/mid\/wp-content\/uploads\/2024\/06\/ORIGEN-FLAMENCO-MERIDA-3-scaled-1.jpeg 768w, https:\/\/visionpeninsular.com\/mid\/wp-content\/uploads\/2024\/06\/ORIGEN-FLAMENCO-MERIDA-3-scaled-1-300x200.jpeg 300w\" sizes=\"(max-width: 768px) 100vw, 768px\" \/><\/figure>\n\n\n\n<p>La subdirectora de Innovaci\u00f3n Cultural, Paola Guzm\u00e1n Arg\u00e1ez, destac\u00f3 el trabajo acad\u00e9mico, autogestivo e innovador de la compa\u00f1\u00eda \u201cLa Comino\u201d con este tipo de propuestas que enriquece la oferta cultural de la ciudad y en esta ocasi\u00f3n en el marco de la Temporada Olimpo.<\/p>\n<div class='share-to-whatsapp-wrapper'><div class='share-on-whsp'>Share on: <\/div><a data-text='\u201cOrigen\u201d, espect\u00e1culo de flamenco llega a la temporada Olimpo' data-link='https:\/\/visionpeninsular.com\/mid\/origen-espectaculo-de-flamenco-llega-a-la-temporada-olimpo\/' class='whatsapp-button whatsapp-share'>WhatsApp<\/a><div class='clear '><\/div><\/div>","protected":false},"excerpt":{"rendered":"<p>El flamenco, patrimonio cultural inmaterial de la humanidad, llegar\u00e1 con sus ritmos y emociones a la Temporada Olimpo a trav\u00e9s de la gala \u201cOrigen\u201d, el nuevo espect\u00e1culo de la compa\u00f1\u00eda \u201cLa Comino\u201d. La experiencia art\u00edstica tendr\u00e1 una sola funci\u00f3n el pr\u00f3ximo viernes 5 de julio, a las 8 de la noche en el Auditorio del &hellip;<\/p>\n","protected":false},"author":5,"featured_media":190140,"comment_status":"open","ping_status":"open","sticky":false,"template":"","format":"standard","meta":{"_mi_skip_tracking":false},"categories":[49,37],"tags":[43213,714,43212,2757,12181],"_links":{"self":[{"href":"https:\/\/visionpeninsular.com\/mid\/wp-json\/wp\/v2\/posts\/190138"}],"collection":[{"href":"https:\/\/visionpeninsular.com\/mid\/wp-json\/wp\/v2\/posts"}],"about":[{"href":"https:\/\/visionpeninsular.com\/mid\/wp-json\/wp\/v2\/types\/post"}],"author":[{"embeddable":true,"href":"https:\/\/visionpeninsular.com\/mid\/wp-json\/wp\/v2\/users\/5"}],"replies":[{"embeddable":true,"href":"https:\/\/visionpeninsular.com\/mid\/wp-json\/wp\/v2\/comments?post=190138"}],"version-history":[{"count":1,"href":"https:\/\/visionpeninsular.com\/mid\/wp-json\/wp\/v2\/posts\/190138\/revisions"}],"predecessor-version":[{"id":190143,"href":"https:\/\/visionpeninsular.com\/mid\/wp-json\/wp\/v2\/posts\/190138\/revisions\/190143"}],"wp:featuredmedia":[{"embeddable":true,"href":"https:\/\/visionpeninsular.com\/mid\/wp-json\/wp\/v2\/media\/190140"}],"wp:attachment":[{"href":"https:\/\/visionpeninsular.com\/mid\/wp-json\/wp\/v2\/media?parent=190138"}],"wp:term":[{"taxonomy":"category","embeddable":true,"href":"https:\/\/visionpeninsular.com\/mid\/wp-json\/wp\/v2\/categories?post=190138"},{"taxonomy":"post_tag","embeddable":true,"href":"https:\/\/visionpeninsular.com\/mid\/wp-json\/wp\/v2\/tags?post=190138"}],"curies":[{"name":"wp","href":"https:\/\/api.w.org\/{rel}","templated":true}]}}