{"id":190095,"date":"2024-06-28T13:15:39","date_gmt":"2024-06-28T18:15:39","guid":{"rendered":"https:\/\/visionpeninsular.com\/mid\/?p=190095"},"modified":"2024-06-28T13:15:41","modified_gmt":"2024-06-28T18:15:41","slug":"concluye-el-proyecto-tiempo-de-leer-con-primer-concurso-escolar-de-audiocuentos","status":"publish","type":"post","link":"https:\/\/visionpeninsular.com\/mid\/concluye-el-proyecto-tiempo-de-leer-con-primer-concurso-escolar-de-audiocuentos\/","title":{"rendered":"Concluye el proyecto \u00abTiempo de leer\u00bb con Primer Concurso Escolar de Audiocuentos"},"content":{"rendered":"\n<p>La imaginaci\u00f3n y la creatividad de grandes y peque\u00f1os form\u00f3 parte del proyecto \u00abTiempo de leer\u00bb, en el que 28 estudiantes del Jard\u00edn de Ni\u00f1os \u00abJulia Mart\u00edn Alonso\u00bb, ubicado en la colonia Chuburn\u00e1 de Hidalgo, acompa\u00f1ados de sus madres y padres de familia, participaron en el Primer Concurso Escolar de Audiocuentos, con el objetivo de despertar e impulsar el gusto por la lectura.<\/p>\n\n\n\n<p>En representaci\u00f3n del titular de la Secretar\u00eda de Educaci\u00f3n del Gobierno del Estado de Yucat\u00e1n, Liborio Vidal Aguilar, la coordinadora de la Unidad Estatal de Participaci\u00f3n Social en la Educaci\u00f3n y enlace de los Consejos Escolares, Municipales y Asociaci\u00f3n de Padres de Familia, Violeta Real Pinelo, inform\u00f3 que estas actividades se realizan como parte del Comit\u00e9 de fomento de actividades relacionadas con la mejora del logro educativo y la promoci\u00f3n de la lectura, que busca reforzar la lectura y escritura, enriqueciendo el desarrollo de habilidades ling\u00fc\u00edsticas, cognitivas y afectivas de las ni\u00f1as y ni\u00f1os.<\/p>\n\n\n\n<p>La directora del plantel, Adda Mireya Sosa Kumul, explic\u00f3 que el proceso de creaci\u00f3n de los audiocuentos inici\u00f3 en el mes de marzo, con la participaci\u00f3n de madres y padres de familia, quienes idealizan y crearon cada uno de los cuentos, para posteriormente con ayuda de sus hijas e hijos grabar el contenido de estos, teniendo como resultado 4 materiales literarios.<\/p>\n\n\n\n<figure class=\"wp-block-image size-full\"><img loading=\"lazy\" width=\"400\" height=\"400\" src=\"https:\/\/visionpeninsular.com\/mid\/wp-content\/uploads\/2024\/06\/la-imaginacion.jpg\" alt=\"\" class=\"wp-image-190099\" srcset=\"https:\/\/visionpeninsular.com\/mid\/wp-content\/uploads\/2024\/06\/la-imaginacion.jpg 400w, https:\/\/visionpeninsular.com\/mid\/wp-content\/uploads\/2024\/06\/la-imaginacion-300x300.jpg 300w, https:\/\/visionpeninsular.com\/mid\/wp-content\/uploads\/2024\/06\/la-imaginacion-150x150.jpg 150w\" sizes=\"(max-width: 400px) 100vw, 400px\" \/><\/figure>\n\n\n\n<p>La ceremonia de premiaci\u00f3n se llev\u00f3 a cabo ante la comunidad educativa del plantel, en la cual el primer lugar lo obtuvo \u00abEl Pavo Real engre\u00eddo\u00bb, a cargo de los representantes del primer grado, grupo \u00abA\u00bb. La historia se desarrolla en la selva de Yucat\u00e1n y narra la vida de un pavo real con actitudes ofensivas hacia los dem\u00e1s animales con los que compart\u00eda su h\u00e1bitat. Hasta que entendi\u00f3 la importancia del respeto, el trabajo en equipo y la amistad, as\u00ed como la inclusi\u00f3n sin importar colores y tama\u00f1os.<\/p>\n\n\n\n<figure class=\"wp-block-image size-full\"><img loading=\"lazy\" width=\"400\" height=\"400\" src=\"https:\/\/visionpeninsular.com\/mid\/wp-content\/uploads\/2024\/06\/colores-y-tamanos.jpg\" alt=\"\" class=\"wp-image-190098\" srcset=\"https:\/\/visionpeninsular.com\/mid\/wp-content\/uploads\/2024\/06\/colores-y-tamanos.jpg 400w, https:\/\/visionpeninsular.com\/mid\/wp-content\/uploads\/2024\/06\/colores-y-tamanos-300x300.jpg 300w, https:\/\/visionpeninsular.com\/mid\/wp-content\/uploads\/2024\/06\/colores-y-tamanos-150x150.jpg 150w\" sizes=\"(max-width: 400px) 100vw, 400px\" \/><\/figure>\n\n\n\n<p>El segundo lugar fue para el grupo representante del segundo grado, grupo \u00abA\u00bb con \u00abLa virtud de la tortuga\u00bb. La lentitud del personaje principal \u00abLolita\u00bb provocaba que sus compa\u00f1eros no la quieran incluir en sus equipos; sin embargo, pudo destacar en otras actividades y habilidades; de esta forma, se reforz\u00f3 el valor de la empat\u00eda en cada uno de los personajes que conformaron el cuento.<\/p>\n\n\n\n<p>Del mismo modo, \u00abEn busca de una manada\u00bb, a cargo del segundo grado grupo \u00abB\u00bb, ocup\u00f3 el tercer lugar, transmitiendo un poderoso mensaje de inclusi\u00f3n. La obra narra la historia de una jirafa que se siente sola por no tener amigos con quienes jugar; de este modo, todos los animales deciden aceptarla tal como es, incluy\u00e9ndose en sus manadas.<\/p>\n\n\n\n<p>En cuarto lugar, los participantes del tercer a\u00f1o, grupo \u00abB\u00bb, con \u00abUn nuevo hogar para Motita\u00bb, audiocuento que se enfoc\u00f3 en la vida de un gato gris, rechazado por los animales de la granja debido al color de su pelaje. La moraleja de la historia invita a incluir a todos por igual y no discriminar por raz\u00f3n de apariencia.<\/p>\n\n\n\n<p>Los audiocuentos est\u00e1n disponibles en la p\u00e1gina oficial de YouTube de la Segey ingresando al siguiente link: <a href=\"https:\/\/www.youtube.com\/@educacionyuc\">https:\/\/www.youtube.com\/@educacionyuc<\/a>.<\/p>\n\n\n\n<p><\/p>\n\n\n\n<p><\/p>\n\n\n\n<p><\/p>\n\n\n\n<p><\/p>\n\n\n\n<p><\/p>\n<div class='share-to-whatsapp-wrapper'><div class='share-on-whsp'>Share on: <\/div><a data-text='Concluye el proyecto \u00abTiempo de leer\u00bb con Primer Concurso Escolar de Audiocuentos' data-link='https:\/\/visionpeninsular.com\/mid\/concluye-el-proyecto-tiempo-de-leer-con-primer-concurso-escolar-de-audiocuentos\/' class='whatsapp-button whatsapp-share'>WhatsApp<\/a><div class='clear '><\/div><\/div>","protected":false},"excerpt":{"rendered":"<p>La imaginaci\u00f3n y la creatividad de grandes y peque\u00f1os form\u00f3 parte del proyecto \u00abTiempo de leer\u00bb, en el que 28 estudiantes del Jard\u00edn de Ni\u00f1os \u00abJulia Mart\u00edn Alonso\u00bb, ubicado en la colonia Chuburn\u00e1 de Hidalgo, acompa\u00f1ados de sus madres y padres de familia, participaron en el Primer Concurso Escolar de Audiocuentos, con el objetivo de &hellip;<\/p>\n","protected":false},"author":5,"featured_media":190097,"comment_status":"open","ping_status":"open","sticky":false,"template":"","format":"standard","meta":{"_mi_skip_tracking":false},"categories":[50,37],"tags":[43195,185,43196,604],"_links":{"self":[{"href":"https:\/\/visionpeninsular.com\/mid\/wp-json\/wp\/v2\/posts\/190095"}],"collection":[{"href":"https:\/\/visionpeninsular.com\/mid\/wp-json\/wp\/v2\/posts"}],"about":[{"href":"https:\/\/visionpeninsular.com\/mid\/wp-json\/wp\/v2\/types\/post"}],"author":[{"embeddable":true,"href":"https:\/\/visionpeninsular.com\/mid\/wp-json\/wp\/v2\/users\/5"}],"replies":[{"embeddable":true,"href":"https:\/\/visionpeninsular.com\/mid\/wp-json\/wp\/v2\/comments?post=190095"}],"version-history":[{"count":1,"href":"https:\/\/visionpeninsular.com\/mid\/wp-json\/wp\/v2\/posts\/190095\/revisions"}],"predecessor-version":[{"id":190100,"href":"https:\/\/visionpeninsular.com\/mid\/wp-json\/wp\/v2\/posts\/190095\/revisions\/190100"}],"wp:featuredmedia":[{"embeddable":true,"href":"https:\/\/visionpeninsular.com\/mid\/wp-json\/wp\/v2\/media\/190097"}],"wp:attachment":[{"href":"https:\/\/visionpeninsular.com\/mid\/wp-json\/wp\/v2\/media?parent=190095"}],"wp:term":[{"taxonomy":"category","embeddable":true,"href":"https:\/\/visionpeninsular.com\/mid\/wp-json\/wp\/v2\/categories?post=190095"},{"taxonomy":"post_tag","embeddable":true,"href":"https:\/\/visionpeninsular.com\/mid\/wp-json\/wp\/v2\/tags?post=190095"}],"curies":[{"name":"wp","href":"https:\/\/api.w.org\/{rel}","templated":true}]}}