{"id":189830,"date":"2024-06-22T13:27:27","date_gmt":"2024-06-22T18:27:27","guid":{"rendered":"https:\/\/visionpeninsular.com\/mid\/?p=189830"},"modified":"2024-06-22T13:27:28","modified_gmt":"2024-06-22T18:27:28","slug":"yucatan-en-la-conferencia-nacional-de-procuracion-de-justicia","status":"publish","type":"post","link":"https:\/\/visionpeninsular.com\/mid\/yucatan-en-la-conferencia-nacional-de-procuracion-de-justicia\/","title":{"rendered":"Yucat\u00e1n en la Conferencia Nacional de Procuraci\u00f3n de Justicia"},"content":{"rendered":"\n<p>Para que Yucat\u00e1n contin\u00fae avanzando en el mejoramiento de sus procesos y procedimientos enfocados a garantizar la procuraci\u00f3n pronta y expedita de la justicia, el Fiscal General del Estado, Juan Manuel Le\u00f3n Le\u00f3n particip\u00f3 en la L Asamblea Plenaria de la Conferencia Nacional de Procuraci\u00f3n de Justicia realizada en la capital del pa\u00eds.<\/p>\n\n\n\n<p>En el evento, que reuni\u00f3 a representantes de diversas fiscal\u00edas del pa\u00eds, se discutieron estrategias y pol\u00edticas innovadoras para fortalecer el sistema de justicia. El objetivo central fue intercambiar experiencias y mejores pr\u00e1cticas que permitan ofrecer servicios de vanguardia a la ciudadan\u00eda.<\/p>\n\n\n\n<p>Entre los temas abordados se encuentran la Supremac\u00eda Constitucional en materia de prisi\u00f3n preventiva oficiosa, la creaci\u00f3n del Grupo Nacional de \u00d3rganos Especializados en Mecanismos Alternativos de Soluci\u00f3n de Controversias y los avances en la implementaci\u00f3n del Sistema Estad\u00edstico Nacional de Procuraci\u00f3n de Justicia.<\/p>\n\n\n\n<p>El abogado del Estado enfatiz\u00f3 en el compromiso de la Fiscal\u00eda General del Estado de Yucat\u00e1n en adoptar y aplicar las recomendaciones y conclusiones derivadas de la conferencia para mejorar la atenci\u00f3n y el servicio a los yucatecos.<\/p>\n\n\n\n<p>La participaci\u00f3n de la FGE en estos foros nacionales es un reflejo del esfuerzo continuo por garantizar una justicia accesible, eficiente y moderna, alineada con las mejores pr\u00e1cticas a nivel nacional e internacional.<\/p>\n\n\n\n<p>En el evento estuvieron presentes Alejandro Gertz Manero, Fiscal General de la Rep\u00fablica; Ken Salazar, Embajador de los Estados Unidos de Am\u00e9rica en M\u00e9xico, as\u00ed como los fiscales de las diversas entidades federativas del pa\u00eds.<\/p>\n\n\n\n<p><\/p>\n<div class='share-to-whatsapp-wrapper'><div class='share-on-whsp'>Share on: <\/div><a data-text='Yucat\u00e1n en la Conferencia Nacional de Procuraci\u00f3n de Justicia' data-link='https:\/\/visionpeninsular.com\/mid\/yucatan-en-la-conferencia-nacional-de-procuracion-de-justicia\/' class='whatsapp-button whatsapp-share'>WhatsApp<\/a><div class='clear '><\/div><\/div>","protected":false},"excerpt":{"rendered":"<p>Para que Yucat\u00e1n contin\u00fae avanzando en el mejoramiento de sus procesos y procedimientos enfocados a garantizar la procuraci\u00f3n pronta y expedita de la justicia, el Fiscal General del Estado, Juan Manuel Le\u00f3n Le\u00f3n particip\u00f3 en la L Asamblea Plenaria de la Conferencia Nacional de Procuraci\u00f3n de Justicia realizada en la capital del pa\u00eds. En el &hellip;<\/p>\n","protected":false},"author":5,"featured_media":189832,"comment_status":"open","ping_status":"open","sticky":false,"template":"","format":"standard","meta":{"_mi_skip_tracking":false},"categories":[49,37],"tags":[43096,666],"_links":{"self":[{"href":"https:\/\/visionpeninsular.com\/mid\/wp-json\/wp\/v2\/posts\/189830"}],"collection":[{"href":"https:\/\/visionpeninsular.com\/mid\/wp-json\/wp\/v2\/posts"}],"about":[{"href":"https:\/\/visionpeninsular.com\/mid\/wp-json\/wp\/v2\/types\/post"}],"author":[{"embeddable":true,"href":"https:\/\/visionpeninsular.com\/mid\/wp-json\/wp\/v2\/users\/5"}],"replies":[{"embeddable":true,"href":"https:\/\/visionpeninsular.com\/mid\/wp-json\/wp\/v2\/comments?post=189830"}],"version-history":[{"count":1,"href":"https:\/\/visionpeninsular.com\/mid\/wp-json\/wp\/v2\/posts\/189830\/revisions"}],"predecessor-version":[{"id":189833,"href":"https:\/\/visionpeninsular.com\/mid\/wp-json\/wp\/v2\/posts\/189830\/revisions\/189833"}],"wp:featuredmedia":[{"embeddable":true,"href":"https:\/\/visionpeninsular.com\/mid\/wp-json\/wp\/v2\/media\/189832"}],"wp:attachment":[{"href":"https:\/\/visionpeninsular.com\/mid\/wp-json\/wp\/v2\/media?parent=189830"}],"wp:term":[{"taxonomy":"category","embeddable":true,"href":"https:\/\/visionpeninsular.com\/mid\/wp-json\/wp\/v2\/categories?post=189830"},{"taxonomy":"post_tag","embeddable":true,"href":"https:\/\/visionpeninsular.com\/mid\/wp-json\/wp\/v2\/tags?post=189830"}],"curies":[{"name":"wp","href":"https:\/\/api.w.org\/{rel}","templated":true}]}}