{"id":189464,"date":"2024-06-13T22:42:08","date_gmt":"2024-06-14T03:42:08","guid":{"rendered":"https:\/\/visionpeninsular.com\/mid\/?p=189464"},"modified":"2024-06-13T22:42:10","modified_gmt":"2024-06-14T03:42:10","slug":"pri-da-por-concluida-la-alianza-con-el-pan","status":"publish","type":"post","link":"https:\/\/visionpeninsular.com\/mid\/pri-da-por-concluida-la-alianza-con-el-pan\/","title":{"rendered":"PRI da por concluida la alianza con el PAN"},"content":{"rendered":"\n<h2 class=\"has-text-align-center\">\u2022\u201cSi encontramos coincidencias, inclusive con el Verde o PT, iremos juntos\u201d, afirm\u00f3 el dirigente estatal Gaspar Quintal Parra<\/h2>\n\n\n\n<p>M\u00e9rida, Yucat\u00e1n, a 13 de junio de 2024.\u2013 El diputado Gaspar Quintal Parra dio a conocer que la alianza&nbsp; PAN-PRI termin\u00f3 una vez que ambas fuerzas pol\u00edticas no consiguieron los resultados esperados el pasado 2 de junio.<\/p>\n\n\n\n<p>En rueda de prensa, el tambi\u00e9n dirigente estatal del Revolucionario Institucional dej\u00f3 en claro que votar\u00e1n en favor donde haya las coincidencias. \u201cNo somos una coalici\u00f3n permanente con el PAN como la otra, ni nos casamos ni nos enamoramos. Si encontramos coincidencias, inclusive, con el Verde o PT iremos juntos\u201d, dijo.<\/p>\n\n\n\n<p>Con Morena, record\u00f3 en esta legislatura, nos apoy\u00f3 con 10 iniciativas que se aprobaron por unanimidad. \u201cCuando encontremos coincidencias con cualquiera de las fuerzas pol\u00edticas le daremos prioridad\u201d, reiter\u00f3.<\/p>\n\n\n\n<p>En el caso de los nuevos organismos aut\u00f3nomos como la creaci\u00f3n de la Agencia de Transporte de Yucat\u00e1n (ATY), Agencia de Inteligencia Patrimonial y Econom\u00eda del Estado, que el PRI vot\u00f3 en favor, Quintal Parra se\u00f1al\u00f3 que Morena, PT y PVEM no consiguieron la mayor\u00eda calificada en la Legislatura 64.<\/p>\n\n\n\n<p>\u201cLas leyes son perfectibles. Para eso existe el Derecho y el Congreso. Los organismos aut\u00f3nomos que se crearon pueden ser perfeccionados, habr\u00eda que analizar la propuesta de perfeccionamiento. Lo que si te digo que no les alcanza a Morena y sus aliados la mayor\u00eda calificada para reformar la Constituci\u00f3n y en caso de hacerlo requerir\u00e1n de grandes consensos y acuerdos\u201d, advirti\u00f3.<\/p>\n\n\n\n<p>Finalmente, el tambi\u00e9n coordinador de la Fracci\u00f3n Parlamentaria del PRI extern\u00f3 su inconformidad por la distribuci\u00f3n que hizo de las diputaciones plurinominales el Instituto Electoral y de Participaci\u00f3n Ciudadana.<\/p>\n\n\n\n<p>Por ello se present\u00f3 una impugnaci\u00f3n ante el Tribunal Electoral del Estado de Yucat\u00e1n (TEEY) y conf\u00eda que su partido rescate una curul toda vez que considera que existir\u00e1 una sobrerrepresentaci\u00f3n de Morena, dijo.<\/p>\n\n\n\n<div class=\"wp-block-image\"><figure class=\"aligncenter size-large\"><img loading=\"lazy\" width=\"1024\" height=\"682\" src=\"https:\/\/visionpeninsular.com\/mid\/wp-content\/uploads\/2024\/06\/WhatsApp-Image-2024-06-13-at-2.41.14-PM-1024x682.jpeg\" alt=\"\" class=\"wp-image-189466\" srcset=\"https:\/\/visionpeninsular.com\/mid\/wp-content\/uploads\/2024\/06\/WhatsApp-Image-2024-06-13-at-2.41.14-PM-1024x682.jpeg 1024w, https:\/\/visionpeninsular.com\/mid\/wp-content\/uploads\/2024\/06\/WhatsApp-Image-2024-06-13-at-2.41.14-PM-300x200.jpeg 300w, https:\/\/visionpeninsular.com\/mid\/wp-content\/uploads\/2024\/06\/WhatsApp-Image-2024-06-13-at-2.41.14-PM-768x512.jpeg 768w, https:\/\/visionpeninsular.com\/mid\/wp-content\/uploads\/2024\/06\/WhatsApp-Image-2024-06-13-at-2.41.14-PM-1536x1023.jpeg 1536w, https:\/\/visionpeninsular.com\/mid\/wp-content\/uploads\/2024\/06\/WhatsApp-Image-2024-06-13-at-2.41.14-PM-310x205.jpeg 310w, https:\/\/visionpeninsular.com\/mid\/wp-content\/uploads\/2024\/06\/WhatsApp-Image-2024-06-13-at-2.41.14-PM.jpeg 1600w\" sizes=\"(max-width: 1024px) 100vw, 1024px\" \/><figcaption>Gaspar Quintal, dirigente del Comit\u00e9 Directivo Estatal del PRI, asegur\u00f3 que priorizar\u00e1n las coincidencias con los otros partidos. Foto: Cortes\u00eda <\/figcaption><\/figure><\/div>\n<div class='share-to-whatsapp-wrapper'><div class='share-on-whsp'>Share on: <\/div><a data-text='PRI da por concluida la alianza con el PAN' data-link='https:\/\/visionpeninsular.com\/mid\/pri-da-por-concluida-la-alianza-con-el-pan\/' class='whatsapp-button whatsapp-share'>WhatsApp<\/a><div class='clear '><\/div><\/div>","protected":false},"excerpt":{"rendered":"<p>\u2022\u201cSi encontramos coincidencias, inclusive con el Verde o PT, iremos juntos\u201d, afirm\u00f3 el dirigente estatal Gaspar Quintal Parra M\u00e9rida, Yucat\u00e1n, a 13 de junio de 2024.\u2013 El diputado Gaspar Quintal Parra dio a conocer que la alianza&nbsp; PAN-PRI termin\u00f3 una vez que ambas fuerzas pol\u00edticas no consiguieron los resultados esperados el pasado 2 de junio. &hellip;<\/p>\n","protected":false},"author":11,"featured_media":0,"comment_status":"open","ping_status":"open","sticky":false,"template":"","format":"standard","meta":{"_mi_skip_tracking":false},"categories":[49,37],"tags":[31067,451,11372,157,66,404],"_links":{"self":[{"href":"https:\/\/visionpeninsular.com\/mid\/wp-json\/wp\/v2\/posts\/189464"}],"collection":[{"href":"https:\/\/visionpeninsular.com\/mid\/wp-json\/wp\/v2\/posts"}],"about":[{"href":"https:\/\/visionpeninsular.com\/mid\/wp-json\/wp\/v2\/types\/post"}],"author":[{"embeddable":true,"href":"https:\/\/visionpeninsular.com\/mid\/wp-json\/wp\/v2\/users\/11"}],"replies":[{"embeddable":true,"href":"https:\/\/visionpeninsular.com\/mid\/wp-json\/wp\/v2\/comments?post=189464"}],"version-history":[{"count":1,"href":"https:\/\/visionpeninsular.com\/mid\/wp-json\/wp\/v2\/posts\/189464\/revisions"}],"predecessor-version":[{"id":189467,"href":"https:\/\/visionpeninsular.com\/mid\/wp-json\/wp\/v2\/posts\/189464\/revisions\/189467"}],"wp:attachment":[{"href":"https:\/\/visionpeninsular.com\/mid\/wp-json\/wp\/v2\/media?parent=189464"}],"wp:term":[{"taxonomy":"category","embeddable":true,"href":"https:\/\/visionpeninsular.com\/mid\/wp-json\/wp\/v2\/categories?post=189464"},{"taxonomy":"post_tag","embeddable":true,"href":"https:\/\/visionpeninsular.com\/mid\/wp-json\/wp\/v2\/tags?post=189464"}],"curies":[{"name":"wp","href":"https:\/\/api.w.org\/{rel}","templated":true}]}}