{"id":189424,"date":"2024-06-13T11:48:19","date_gmt":"2024-06-13T16:48:19","guid":{"rendered":"https:\/\/visionpeninsular.com\/mid\/?p=189424"},"modified":"2024-06-13T11:48:21","modified_gmt":"2024-06-13T16:48:21","slug":"joaquin-diaz-mena-y-mauricio-vila-se-reunen","status":"publish","type":"post","link":"https:\/\/visionpeninsular.com\/mid\/joaquin-diaz-mena-y-mauricio-vila-se-reunen\/","title":{"rendered":"Joaqu\u00edn D\u00edaz Mena y Mauricio Vila se re\u00fanen"},"content":{"rendered":"\n<p>En lo que llam\u00f3 una visita de cortes\u00eda ante la invitaci\u00f3n de Mauricio Vila, el electo gobernador de Yucat\u00e1n, &nbsp;Joaqu\u00edn D\u00edaz Mena, asisti\u00f3 hoy al Palacio de Gobierno para una entrevista que puede calificarse como de cortes\u00eda.<\/p>\n\n\n\n<p>Joaqu\u00edn D\u00edaz est\u00e1 a un paso de un gobierno con Humanismo Mexicano: y agradeci\u00f3 el apoyo de todos en Yucat\u00e1n por haber votado mayoritariamente por \u00e9l, as\u00ed es que a partir de octubre desplegar\u00e1 un Plan de gobierno integral y con justicia social.<\/p>\n\n\n\n<p>D\u00edaz Mena, ante la insistencia de los medios afirm\u00f3 que el \u00fanico Nombramiento seguro en su gabinete es el de Luis Felipe Said\u00e9n Ojeda.<\/p>\n\n\n\n<p>Eso tranquiliza los desatados rumores, aunque corri\u00f3 el comentario que seguro que se quedaba; porque el d\u00eda de la elecci\u00f3n,&nbsp; la polic\u00eda de&nbsp; Luis Said\u00e9n pr\u00e1cticamente inutiliz\u00f3,&nbsp; impidi\u00f3 que varios grupos locales,&nbsp; se movieran en apoyo a los llamados de los activistas del PAN.<\/p>\n\n\n\n<p>As\u00ed es como apenas a 4 d\u00edas de haber recibido su constancia como Gobernador Electo, Joaqu\u00edn D\u00edaz Mena visit\u00f3 a Mauricio Vila para atender temas de la entrega-recepci\u00f3n.<\/p>\n\n\n\n<p>Huacho D\u00edaz Mena coment\u00f3 que fue invitado por el gobernador saliente y destac\u00f3 el avance de&nbsp; Morena en Yucat\u00e1n; porque ahora gobernar\u00e1&nbsp; en 44 municipios.<\/p>\n<div class='share-to-whatsapp-wrapper'><div class='share-on-whsp'>Share on: <\/div><a data-text='Joaqu\u00edn D\u00edaz Mena y Mauricio Vila se re\u00fanen' data-link='https:\/\/visionpeninsular.com\/mid\/joaquin-diaz-mena-y-mauricio-vila-se-reunen\/' class='whatsapp-button whatsapp-share'>WhatsApp<\/a><div class='clear '><\/div><\/div>","protected":false},"excerpt":{"rendered":"<p>En lo que llam\u00f3 una visita de cortes\u00eda ante la invitaci\u00f3n de Mauricio Vila, el electo gobernador de Yucat\u00e1n, &nbsp;Joaqu\u00edn D\u00edaz Mena, asisti\u00f3 hoy al Palacio de Gobierno para una entrevista que puede calificarse como de cortes\u00eda. Joaqu\u00edn D\u00edaz est\u00e1 a un paso de un gobierno con Humanismo Mexicano: y agradeci\u00f3 el apoyo de todos &hellip;<\/p>\n","protected":false},"author":5,"featured_media":189426,"comment_status":"open","ping_status":"open","sticky":false,"template":"","format":"standard","meta":{"_mi_skip_tracking":false},"categories":[49,37],"tags":[42926,33667,3861,42927],"_links":{"self":[{"href":"https:\/\/visionpeninsular.com\/mid\/wp-json\/wp\/v2\/posts\/189424"}],"collection":[{"href":"https:\/\/visionpeninsular.com\/mid\/wp-json\/wp\/v2\/posts"}],"about":[{"href":"https:\/\/visionpeninsular.com\/mid\/wp-json\/wp\/v2\/types\/post"}],"author":[{"embeddable":true,"href":"https:\/\/visionpeninsular.com\/mid\/wp-json\/wp\/v2\/users\/5"}],"replies":[{"embeddable":true,"href":"https:\/\/visionpeninsular.com\/mid\/wp-json\/wp\/v2\/comments?post=189424"}],"version-history":[{"count":1,"href":"https:\/\/visionpeninsular.com\/mid\/wp-json\/wp\/v2\/posts\/189424\/revisions"}],"predecessor-version":[{"id":189427,"href":"https:\/\/visionpeninsular.com\/mid\/wp-json\/wp\/v2\/posts\/189424\/revisions\/189427"}],"wp:featuredmedia":[{"embeddable":true,"href":"https:\/\/visionpeninsular.com\/mid\/wp-json\/wp\/v2\/media\/189426"}],"wp:attachment":[{"href":"https:\/\/visionpeninsular.com\/mid\/wp-json\/wp\/v2\/media?parent=189424"}],"wp:term":[{"taxonomy":"category","embeddable":true,"href":"https:\/\/visionpeninsular.com\/mid\/wp-json\/wp\/v2\/categories?post=189424"},{"taxonomy":"post_tag","embeddable":true,"href":"https:\/\/visionpeninsular.com\/mid\/wp-json\/wp\/v2\/tags?post=189424"}],"curies":[{"name":"wp","href":"https:\/\/api.w.org\/{rel}","templated":true}]}}