{"id":189201,"date":"2024-06-07T13:28:09","date_gmt":"2024-06-07T18:28:09","guid":{"rendered":"https:\/\/visionpeninsular.com\/mid\/?p=189201"},"modified":"2024-06-07T13:28:11","modified_gmt":"2024-06-07T18:28:11","slug":"alianzas-en-beneficio-de-las-comunidades-educativas-de-kanasin","status":"publish","type":"post","link":"https:\/\/visionpeninsular.com\/mid\/alianzas-en-beneficio-de-las-comunidades-educativas-de-kanasin\/","title":{"rendered":"Alianzas en beneficio de las comunidades educativas de Kanas\u00edn"},"content":{"rendered":"\n<p>Para fortalecer a las comunidades educativas del municipio de Kanas\u00edn, y como resultado de la sinergia entre la Secretar\u00eda de Educaci\u00f3n del Gobierno del Estado de Yucat\u00e1n (Segey) y la Fundaci\u00f3n Alberto Baill\u00e8res, se realiz\u00f3 visita de reconocimiento de la infraestructura reci\u00e9n remodelada de la escuela primaria Am\u00e9rica ubicada en San Pedro Nohpat.<\/p>\n\n\n\n<p>En una emotiva ceremonia, encabezada por el secretario de Educaci\u00f3n, Liborio Vidal Aguilar, Rosy Gluyas Fitch, directora general de la Fundaci\u00f3n Alberto Baill\u00e8res, y Karina Zapata Braga, directora del plantel, se destac\u00f3 que este h\u00e1bitat educativo representa el esfuerzo de una comunidad que quiere impulsar a sus estudiantes a alcanzar sus metas acad\u00e9micas y de vida.<\/p>\n\n\n\n<p>Al agradecer al presidente de la Fundaci\u00f3n Alberto Balleires, Vidal Aguilar, resalt\u00f3 que las alianzas con la sociedad civil, son cruciales para elevar la calidad educativa en Yucat\u00e1n, permitiendo unir recursos y conocimientos, creando soluciones innovadoras y efectivas para los desaf\u00edos educativos a los que se enfrentan.<\/p>\n\n\n\n<p>Ante Mario Alberto Paredes Le\u00f3n, titular de la Oficina de Enlace Educativo de la SEP Federal; Jos\u00e9 Crescencio Guti\u00e9rrez Gonz\u00e1lez, presidente de la Comisi\u00f3n Permanente de Educaci\u00f3n, Ciencia y Tecnolog\u00eda del Congreso del Estado y el regidor de Educaci\u00f3n, Aar\u00f3n Sol\u00eds Herrera, el titular de la Segey reiter\u00f3 la importancia de brindar a la ni\u00f1ez y juventud de herramientas que impulsen su formaci\u00f3n educativa como es el caso del programa \u201cYucat\u00e1n Digital\u201d, el cual ha dotado del servicio de internet gratuito a las 57 escuelas p\u00fablicas con las que cuenta el municipio de Kanas\u00edn y sus comisar\u00edas, dando una cobertura total del servicio en la entidad.<\/p>\n\n\n\n<p>Rosa Isela Gluyas, directora de la Fundaci\u00f3n Baill\u00e8res, destac\u00f3 con emoci\u00f3n la grandeza de las comunidades educativas. Subray\u00f3 que, guiadas por el amor y el compromiso con la educaci\u00f3n de ni\u00f1as y ni\u00f1os, estas comunidades son capaces de crear entornos educativos donde los alumnos encuentran un espacio que refuerce los valores y el trabajo en equipo afirmando que la colaboraci\u00f3n entre las autoridades educativas enriquece y potencia la capacidad de aprovechar al m\u00e1ximo estos espacios.<\/p>\n\n\n\n<p>\u201cLa infraestructura f\u00edsica educativa es fundamental porque brinda seguridad y permite el desarrollo de las capacidades de cada integrante. Sin embargo, no tiene valor si no est\u00e1 habitada por personas dispuestas a ser mejores cada d\u00eda\u201d, concluy\u00f3.<\/p>\n\n\n\n<p>Del mismo modo, Aar\u00f3n Sol\u00eds Herrera, regidor de Educaci\u00f3n del municipio de Kanas\u00edn, agradeci\u00f3 la sinergia lograda con la Segey, misma que, genera una calidad educativa que vuelve al municipio y al estado de Yucat\u00e1n un referente educativo, preparando a ni\u00f1as, ni\u00f1os y j\u00f3venes hacia un futuro exitoso.<\/p>\n\n\n\n<figure class=\"wp-block-image size-full\"><img loading=\"lazy\" width=\"600\" height=\"400\" src=\"https:\/\/visionpeninsular.com\/mid\/wp-content\/uploads\/2024\/06\/exitoso.jpg\" alt=\"\" class=\"wp-image-189204\" srcset=\"https:\/\/visionpeninsular.com\/mid\/wp-content\/uploads\/2024\/06\/exitoso.jpg 600w, https:\/\/visionpeninsular.com\/mid\/wp-content\/uploads\/2024\/06\/exitoso-300x200.jpg 300w\" sizes=\"(max-width: 600px) 100vw, 600px\" \/><\/figure>\n\n\n\n<p>Por su parte, Karina Zapata Braga, directora del plantel, destac\u00f3 que la colaboraci\u00f3n a favor del centro escolar, no sola ha mejorado las instalaciones f\u00edsicas, sino la vida de todos los 512 alumnos que conforman la matr\u00edcula escolar, sembrado la semilla de esperanza y motivaci\u00f3n en cada ni\u00f1o del plantel; se\u00f1al\u00f3 que docentes, madres y padres de familia que ayudaron a la rehabilitaci\u00f3n del espacio, sirven como agentes de cambio, dejando un lugar perdurable en la historia de la educaci\u00f3n del municipio.<\/p>\n\n\n\n<p>En representaci\u00f3n de la comunidad escolar, Cristal Esmeralda L\u00f3pez Baas, alumna de sexto grado, se\u00f1al\u00f3 la colaboraci\u00f3n del colectivo escolar como un factor que los motiva a alcanzar sus metas y al mismo tiempo, refuerza su crecimiento, seguridad, y compromiso; puntualiz\u00f3 que el espacio ser\u00e1 cuidado y aprovechado para seguir formando un futuro prometedor y exitoso.<\/p>\n\n\n\n<p>En recorrido por las instalaciones, estuvo a cargo Juan Arg\u00fcello Flores, director general de Grupo Bal, quien explic\u00f3 que las remodelaciones realizadas al plantel, comprenden: \u00e1rea de juegos, \u00e1rea de convivencia, ba\u00f1os, ludoteca, jard\u00edn, as\u00ed como, la remodelaci\u00f3n de \u00e1reas verdes, murales y pintura general del plantel para el bienestar de la comunidad.<\/p>\n\n\n\n<p>Del mismo modo, las escuelas Primarias turno matutino \u201cV\u00edctor Manuel Mart\u00ednez Herrera\u201d y turno vespertino \u201cJos\u00e9 Vasconcelos\u201d ambas ubicadas en el fraccionamiento Villas de Oriente, as\u00ed como las Secundarias T\u00e9cnicas No. 71 y 81 del Municipio de Kanas\u00edn, recibieron este beneficio, cuya inversi\u00f3n fue de 60 millones de pesos en su totalidad, contribuyendo de esta forma a la mejora educativa del municipio y de Yucat\u00e1n.<\/p>\n\n\n\n<p>Posteriormente, al acto protocolario, se realiz\u00f3 la develaci\u00f3n de la placa, misma que marcar\u00e1 el compromiso de Segey, Fundaci\u00f3n Alberto Baill\u00e8res y el H. Ayuntamiento de Kanas\u00edn por la construcci\u00f3n de una comunidad inspiradora que beneficie a futuras generaciones.<\/p>\n<div class='share-to-whatsapp-wrapper'><div class='share-on-whsp'>Share on: <\/div><a data-text='Alianzas en beneficio de las comunidades educativas de Kanas\u00edn' data-link='https:\/\/visionpeninsular.com\/mid\/alianzas-en-beneficio-de-las-comunidades-educativas-de-kanasin\/' class='whatsapp-button whatsapp-share'>WhatsApp<\/a><div class='clear '><\/div><\/div>","protected":false},"excerpt":{"rendered":"<p>Para fortalecer a las comunidades educativas del municipio de Kanas\u00edn, y como resultado de la sinergia entre la Secretar\u00eda de Educaci\u00f3n del Gobierno del Estado de Yucat\u00e1n (Segey) y la Fundaci\u00f3n Alberto Baill\u00e8res, se realiz\u00f3 visita de reconocimiento de la infraestructura reci\u00e9n remodelada de la escuela primaria Am\u00e9rica ubicada en San Pedro Nohpat. En una &hellip;<\/p>\n","protected":false},"author":5,"featured_media":189203,"comment_status":"open","ping_status":"open","sticky":false,"template":"","format":"standard","meta":{"_mi_skip_tracking":false},"categories":[49,37],"tags":[42830,185,42831,604],"_links":{"self":[{"href":"https:\/\/visionpeninsular.com\/mid\/wp-json\/wp\/v2\/posts\/189201"}],"collection":[{"href":"https:\/\/visionpeninsular.com\/mid\/wp-json\/wp\/v2\/posts"}],"about":[{"href":"https:\/\/visionpeninsular.com\/mid\/wp-json\/wp\/v2\/types\/post"}],"author":[{"embeddable":true,"href":"https:\/\/visionpeninsular.com\/mid\/wp-json\/wp\/v2\/users\/5"}],"replies":[{"embeddable":true,"href":"https:\/\/visionpeninsular.com\/mid\/wp-json\/wp\/v2\/comments?post=189201"}],"version-history":[{"count":1,"href":"https:\/\/visionpeninsular.com\/mid\/wp-json\/wp\/v2\/posts\/189201\/revisions"}],"predecessor-version":[{"id":189205,"href":"https:\/\/visionpeninsular.com\/mid\/wp-json\/wp\/v2\/posts\/189201\/revisions\/189205"}],"wp:featuredmedia":[{"embeddable":true,"href":"https:\/\/visionpeninsular.com\/mid\/wp-json\/wp\/v2\/media\/189203"}],"wp:attachment":[{"href":"https:\/\/visionpeninsular.com\/mid\/wp-json\/wp\/v2\/media?parent=189201"}],"wp:term":[{"taxonomy":"category","embeddable":true,"href":"https:\/\/visionpeninsular.com\/mid\/wp-json\/wp\/v2\/categories?post=189201"},{"taxonomy":"post_tag","embeddable":true,"href":"https:\/\/visionpeninsular.com\/mid\/wp-json\/wp\/v2\/tags?post=189201"}],"curies":[{"name":"wp","href":"https:\/\/api.w.org\/{rel}","templated":true}]}}