{"id":189089,"date":"2024-06-04T21:36:05","date_gmt":"2024-06-05T02:36:05","guid":{"rendered":"https:\/\/visionpeninsular.com\/mid\/?p=189089"},"modified":"2024-06-04T21:36:07","modified_gmt":"2024-06-05T02:36:07","slug":"la-suerte-sonrie-a-mauricio-vila-para-llegar-al-senado","status":"publish","type":"post","link":"https:\/\/visionpeninsular.com\/mid\/la-suerte-sonrie-a-mauricio-vila-para-llegar-al-senado\/","title":{"rendered":"La suerte sonr\u00ede a Mauricio Vila para llegar al Senado"},"content":{"rendered":"\n<h2 class=\"has-text-align-center\">\u2022El gobernador de Yucat\u00e1n podr\u00eda ocupar un esca\u00f1o al Senado de la Rep\u00fablica porque el candidato titular Enrique Vargas del Villar obtuvo los votos necesarios para ser la primera minor\u00eda en el Estado de M\u00e9xico<\/h2>\n\n\n\n<p>M\u00e9rida, Yucat\u00e1n, a 4 de junio de 2024.\u2013 Pese al estrepitoso fracaso en las elecciones del domingo 2, Mauricio Vila Dosal podr\u00eda ocupar un esca\u00f1o en la C\u00e1mara de Senadores por un golpe de suerte, pues el candidato titular\u00a0 Enrique Vargas del Villar consigui\u00f3 ser la primera minor\u00eda en el Estado de M\u00e9xico.<\/p>\n\n\n\n<p>El gobernador de Yucat\u00e1n fue postulado por el Comit\u00e9 Ejecutivo Nacional (CEN) con una candidatura al Senado de la Rep\u00fablica en la Lista Nacional de la Representaci\u00f3n Nacional en la posici\u00f3n n\u00famero siete. Los votos del PAN no fueron suficientes, por lo qued\u00f3 fuera.<\/p>\n\n\n\n<p>Debido a que Vargas del Villar fue candidato tambi\u00e9n al Senado por la mayor\u00eda relativa y consigui\u00f3 el segundo lugar en su entidad, consigui\u00f3 su esca\u00f1o lo que le deja la v\u00eda libre a Vila Dosal, quien tambi\u00e9n fue postulado como suplente.<\/p>\n\n\n\n<figure class=\"wp-block-image size-large\"><img loading=\"lazy\" width=\"1024\" height=\"702\" src=\"https:\/\/visionpeninsular.com\/mid\/wp-content\/uploads\/2024\/06\/WhatsApp-Image-2024-06-04-at-4.33.56-PM-1024x702.jpeg\" alt=\"\" class=\"wp-image-189091\" srcset=\"https:\/\/visionpeninsular.com\/mid\/wp-content\/uploads\/2024\/06\/WhatsApp-Image-2024-06-04-at-4.33.56-PM-1024x702.jpeg 1024w, https:\/\/visionpeninsular.com\/mid\/wp-content\/uploads\/2024\/06\/WhatsApp-Image-2024-06-04-at-4.33.56-PM-300x206.jpeg 300w, https:\/\/visionpeninsular.com\/mid\/wp-content\/uploads\/2024\/06\/WhatsApp-Image-2024-06-04-at-4.33.56-PM-768x526.jpeg 768w, https:\/\/visionpeninsular.com\/mid\/wp-content\/uploads\/2024\/06\/WhatsApp-Image-2024-06-04-at-4.33.56-PM-110x75.jpeg 110w, https:\/\/visionpeninsular.com\/mid\/wp-content\/uploads\/2024\/06\/WhatsApp-Image-2024-06-04-at-4.33.56-PM.jpeg 1080w\" sizes=\"(max-width: 1024px) 100vw, 1024px\" \/><figcaption>Mauricio Vila, gobernador de Yucat\u00e1n, podr\u00eda ingresar al Senado de la Rep\u00fablica por la mera suerte de que el candidato titular Enrique Vargas, postulado por la mayor\u00eda relativa y la representaci\u00f3n proporcional, consigui\u00f3 la primera minor\u00eda en el Estado de M\u00e9xico. Foto: Cortes\u00eda <\/figcaption><\/figure>\n<div class='share-to-whatsapp-wrapper'><div class='share-on-whsp'>Share on: <\/div><a data-text='La suerte sonr\u00ede a Mauricio Vila para llegar al Senado' data-link='https:\/\/visionpeninsular.com\/mid\/la-suerte-sonrie-a-mauricio-vila-para-llegar-al-senado\/' class='whatsapp-button whatsapp-share'>WhatsApp<\/a><div class='clear '><\/div><\/div>","protected":false},"excerpt":{"rendered":"<p>\u2022El gobernador de Yucat\u00e1n podr\u00eda ocupar un esca\u00f1o al Senado de la Rep\u00fablica porque el candidato titular Enrique Vargas del Villar obtuvo los votos necesarios para ser la primera minor\u00eda en el Estado de M\u00e9xico M\u00e9rida, Yucat\u00e1n, a 4 de junio de 2024.\u2013 Pese al estrepitoso fracaso en las elecciones del domingo 2, Mauricio Vila &hellip;<\/p>\n","protected":false},"author":11,"featured_media":189091,"comment_status":"open","ping_status":"open","sticky":false,"template":"","format":"standard","meta":{"_mi_skip_tracking":false},"categories":[49,37],"tags":[42780,9367,3861,157],"_links":{"self":[{"href":"https:\/\/visionpeninsular.com\/mid\/wp-json\/wp\/v2\/posts\/189089"}],"collection":[{"href":"https:\/\/visionpeninsular.com\/mid\/wp-json\/wp\/v2\/posts"}],"about":[{"href":"https:\/\/visionpeninsular.com\/mid\/wp-json\/wp\/v2\/types\/post"}],"author":[{"embeddable":true,"href":"https:\/\/visionpeninsular.com\/mid\/wp-json\/wp\/v2\/users\/11"}],"replies":[{"embeddable":true,"href":"https:\/\/visionpeninsular.com\/mid\/wp-json\/wp\/v2\/comments?post=189089"}],"version-history":[{"count":1,"href":"https:\/\/visionpeninsular.com\/mid\/wp-json\/wp\/v2\/posts\/189089\/revisions"}],"predecessor-version":[{"id":189092,"href":"https:\/\/visionpeninsular.com\/mid\/wp-json\/wp\/v2\/posts\/189089\/revisions\/189092"}],"wp:featuredmedia":[{"embeddable":true,"href":"https:\/\/visionpeninsular.com\/mid\/wp-json\/wp\/v2\/media\/189091"}],"wp:attachment":[{"href":"https:\/\/visionpeninsular.com\/mid\/wp-json\/wp\/v2\/media?parent=189089"}],"wp:term":[{"taxonomy":"category","embeddable":true,"href":"https:\/\/visionpeninsular.com\/mid\/wp-json\/wp\/v2\/categories?post=189089"},{"taxonomy":"post_tag","embeddable":true,"href":"https:\/\/visionpeninsular.com\/mid\/wp-json\/wp\/v2\/tags?post=189089"}],"curies":[{"name":"wp","href":"https:\/\/api.w.org\/{rel}","templated":true}]}}