{"id":189056,"date":"2024-06-04T16:15:29","date_gmt":"2024-06-04T21:15:29","guid":{"rendered":"https:\/\/visionpeninsular.com\/mid\/?p=189056"},"modified":"2024-06-04T16:15:32","modified_gmt":"2024-06-04T21:15:32","slug":"mauricio-vila-retomara-su-cargo-de-gobernador","status":"publish","type":"post","link":"https:\/\/visionpeninsular.com\/mid\/mauricio-vila-retomara-su-cargo-de-gobernador\/","title":{"rendered":"Mauricio Vila retomar\u00e1 su cargo de Gobernador"},"content":{"rendered":"\n<p>Mauricio Vila retomar\u00e1 su cargo de Gobernador<\/p>\n\n\n\n<p>A partir del primer minuto de este martes 4 de junio y tras la jornada electoral del pasado domingo, Mauricio Vila Dosal retomar\u00e1 sus funciones como Gobernador del Estado, luego de que el pasado 7 de mayo se separ\u00f3 de manera temporal de dicho cargo.<\/p>\n\n\n\n<p>Luego de dar el aviso correspondiente al Congreso local, Vila Dosal se\u00f1al\u00f3 que, como ya hab\u00eda informado anteriormente, regresar\u00eda a sus funciones una vez terminada la jornada electiva y el conteo de los votos, \u201cpor lo que ma\u00f1ana martes, a primera hora, estar\u00e9 de regreso al cargo de Gobernador\u201d.<\/p>\n\n\n\n<p>En ese marco, Mauricio Vila destac\u00f3 la labor que realiz\u00f3 la abogada Mar\u00eda Fritz Sierra al frente del Gobierno del Estado, como encargada del Despacho, durante el tiempo que \u00e9l estuvo separado del cargo y reiter\u00f3 que la funcionaria es una persona honesta y de su total confianza, \u201cquien supo llevar con absoluto profesionalismo y cuidado a nuestro estado en este periodo\u201d.<\/p>\n\n\n\n<p>Hay que recordar que, en el actual proceso electoral, a Mauricio Vila su partido le brind\u00f3 la posibilidad de estar en el Senado de la Rep\u00fablica por los pr\u00f3ximos 6 a\u00f1os y debido a una queja recibida en el Tribunal Electoral del Poder Judicial de la Federaci\u00f3n, \u00e9ste determin\u00f3 que Vila Dosal deb\u00eda separarse del cargo de Gobernador, lo cual realiz\u00f3 el pasado 7 de mayo y, a partir del primer minuto de este martes, retomar\u00e1 sus funciones tras concluir la jornada electiva.<\/p>\n\n\n\n<p><\/p>\n\n\n\n<p><\/p>\n\n\n\n<p><\/p>\n\n\n\n<p><\/p>\n\n\n\n<p><\/p>\n\n\n\n<p><\/p>\n\n\n\n<p><\/p>\n\n\n\n<p><\/p>\n\n\n\n<p><\/p>\n\n\n\n<p><\/p>\n\n\n\n<p><\/p>\n\n\n\n<p><\/p>\n<div class='share-to-whatsapp-wrapper'><div class='share-on-whsp'>Share on: <\/div><a data-text='Mauricio Vila retomar\u00e1 su cargo de Gobernador' data-link='https:\/\/visionpeninsular.com\/mid\/mauricio-vila-retomara-su-cargo-de-gobernador\/' class='whatsapp-button whatsapp-share'>WhatsApp<\/a><div class='clear '><\/div><\/div>","protected":false},"excerpt":{"rendered":"<p>Mauricio Vila retomar\u00e1 su cargo de Gobernador A partir del primer minuto de este martes 4 de junio y tras la jornada electoral del pasado domingo, Mauricio Vila Dosal retomar\u00e1 sus funciones como Gobernador del Estado, luego de que el pasado 7 de mayo se separ\u00f3 de manera temporal de dicho cargo. Luego de dar &hellip;<\/p>\n","protected":false},"author":5,"featured_media":142662,"comment_status":"open","ping_status":"open","sticky":false,"template":"","format":"standard","meta":{"_mi_skip_tracking":false},"categories":[49,37],"tags":[12392,3861,42765],"_links":{"self":[{"href":"https:\/\/visionpeninsular.com\/mid\/wp-json\/wp\/v2\/posts\/189056"}],"collection":[{"href":"https:\/\/visionpeninsular.com\/mid\/wp-json\/wp\/v2\/posts"}],"about":[{"href":"https:\/\/visionpeninsular.com\/mid\/wp-json\/wp\/v2\/types\/post"}],"author":[{"embeddable":true,"href":"https:\/\/visionpeninsular.com\/mid\/wp-json\/wp\/v2\/users\/5"}],"replies":[{"embeddable":true,"href":"https:\/\/visionpeninsular.com\/mid\/wp-json\/wp\/v2\/comments?post=189056"}],"version-history":[{"count":1,"href":"https:\/\/visionpeninsular.com\/mid\/wp-json\/wp\/v2\/posts\/189056\/revisions"}],"predecessor-version":[{"id":189058,"href":"https:\/\/visionpeninsular.com\/mid\/wp-json\/wp\/v2\/posts\/189056\/revisions\/189058"}],"wp:featuredmedia":[{"embeddable":true,"href":"https:\/\/visionpeninsular.com\/mid\/wp-json\/wp\/v2\/media\/142662"}],"wp:attachment":[{"href":"https:\/\/visionpeninsular.com\/mid\/wp-json\/wp\/v2\/media?parent=189056"}],"wp:term":[{"taxonomy":"category","embeddable":true,"href":"https:\/\/visionpeninsular.com\/mid\/wp-json\/wp\/v2\/categories?post=189056"},{"taxonomy":"post_tag","embeddable":true,"href":"https:\/\/visionpeninsular.com\/mid\/wp-json\/wp\/v2\/tags?post=189056"}],"curies":[{"name":"wp","href":"https:\/\/api.w.org\/{rel}","templated":true}]}}