{"id":189052,"date":"2024-06-04T13:24:40","date_gmt":"2024-06-04T18:24:40","guid":{"rendered":"https:\/\/visionpeninsular.com\/mid\/?p=189052"},"modified":"2024-06-04T13:24:42","modified_gmt":"2024-06-04T18:24:42","slug":"99-1-de-empleados-cumplen-con-declaracion-patrimonial","status":"publish","type":"post","link":"https:\/\/visionpeninsular.com\/mid\/99-1-de-empleados-cumplen-con-declaracion-patrimonial\/","title":{"rendered":"99.1% de empleados cumplen con declaraci\u00f3n patrimonial"},"content":{"rendered":"\n<p>El Ayuntamiento de M\u00e9rida mantiene firme su compromiso con el cumplimiento de la normativa en materia de responsabilidades administrativas para fortalecer la transparencia, la rendici\u00f3n de cuentas, as\u00ed como la prevenci\u00f3n y el combate a la corrupci\u00f3n, manifest\u00f3 el alcalde Alejandro Ruz Castro.<\/p>\n\n\n\n<p>Cumplen con declaraci\u00f3n<\/p>\n\n\n\n<p>En ese sentido, agreg\u00f3 que como resultado del continuo trabajo realizado desde el \u00d3rgano Interno de Control del Ayuntamiento de M\u00e9rida, la Unidad de Contralor\u00eda Municipal, responsable de supervisar y evaluar el manejo eficiente de los recursos p\u00fablicos, inform\u00f3 que al cierre de mayo del presente a\u00f1o el 99.1% del personal cumpli\u00f3 con su declaraci\u00f3n en tiempo y forma.<\/p>\n\n\n\n<p><strong>Obligados por ley<\/strong><\/p>\n\n\n\n<p>Lo anterior, dijo, representa un total de 6,868 servidoras y servidores p\u00fablicos municipales obligados por ley a presentar su declaraci\u00f3n patrimonial y de intereses, quienes cumplieron cabalmente con este ejercicio que promueve la transparencia, la rendici\u00f3n de cuentas, la prevenci\u00f3n y el combate a la corrupci\u00f3n, lo cual refuerza la confianza de la ciudadan\u00eda en sus autoridades.<\/p>\n\n\n\n<p>Ruz Castro coment\u00f3 que una de las obligaciones que deben cumplir las y los servidores p\u00fablicos del Ayuntamiento de M\u00e9rida es la presentaci\u00f3n de la declaraci\u00f3n patrimonial y de intereses, un instrumento establecido por la Ley General de Responsabilidades Administrativas para manifestar la situaci\u00f3n que guarda su patrimonio al tomar posesi\u00f3n de un cargo p\u00fablico y la forma en que este evoluciona durante el desempe\u00f1o de su gesti\u00f3n.<\/p>\n\n\n\n<p>\u00abDebido a que mayo es el mes establecido por la citada Ley para la presentaci\u00f3n de esta declaraci\u00f3n en su modalidad anual, es de vital importancia que el personal est\u00e9 preparado en la materia para cumplir con este requisito. Por lo tanto, durante este periodo de presentaci\u00f3n se llev\u00f3 a cabo la difusi\u00f3n, capacitaci\u00f3n y asesoramiento a todas las personas servidoras p\u00fablicas para el cumplimiento de su declaraci\u00f3n\u00bb, recalc\u00f3.<\/p>\n\n\n\n<p><strong>Declara M\u00e9rida<\/strong><\/p>\n\n\n\n<p>El Presidente Municipal se\u00f1al\u00f3 que por cuarta ocasi\u00f3n, el proceso se realiz\u00f3 mediante el Sistema \u201cDeclara M\u00e9rida\u201d, una herramienta electr\u00f3nica utilizada en el proceso de las declaraciones de modificaci\u00f3n del mes de mayo, lo que hace m\u00e1s \u00e1gil, confiable e innovador el proceso de recepci\u00f3n de las declaraciones, desde que en 2021 se pas\u00f3 del medio impreso al medio electr\u00f3nico.<\/p>\n\n\n\n<p>Finalmente, mencion\u00f3 que todas y todos los servidores p\u00fablicos municipales, independientemente de su nivel jer\u00e1rquico, que ingresaron al Ayuntamiento antes del presente a\u00f1o 2024, realizaron su declaraci\u00f3n de manera anual.<\/p>\n<div class='share-to-whatsapp-wrapper'><div class='share-on-whsp'>Share on: <\/div><a data-text='99.1% de empleados cumplen con declaraci\u00f3n patrimonial' data-link='https:\/\/visionpeninsular.com\/mid\/99-1-de-empleados-cumplen-con-declaracion-patrimonial\/' class='whatsapp-button whatsapp-share'>WhatsApp<\/a><div class='clear '><\/div><\/div>","protected":false},"excerpt":{"rendered":"<p>El Ayuntamiento de M\u00e9rida mantiene firme su compromiso con el cumplimiento de la normativa en materia de responsabilidades administrativas para fortalecer la transparencia, la rendici\u00f3n de cuentas, as\u00ed como la prevenci\u00f3n y el combate a la corrupci\u00f3n, manifest\u00f3 el alcalde Alejandro Ruz Castro. Cumplen con declaraci\u00f3n En ese sentido, agreg\u00f3 que como resultado del continuo &hellip;<\/p>\n","protected":false},"author":5,"featured_media":189054,"comment_status":"open","ping_status":"open","sticky":false,"template":"","format":"standard","meta":{"_mi_skip_tracking":false},"categories":[49,37],"tags":[13587,42763,42764],"_links":{"self":[{"href":"https:\/\/visionpeninsular.com\/mid\/wp-json\/wp\/v2\/posts\/189052"}],"collection":[{"href":"https:\/\/visionpeninsular.com\/mid\/wp-json\/wp\/v2\/posts"}],"about":[{"href":"https:\/\/visionpeninsular.com\/mid\/wp-json\/wp\/v2\/types\/post"}],"author":[{"embeddable":true,"href":"https:\/\/visionpeninsular.com\/mid\/wp-json\/wp\/v2\/users\/5"}],"replies":[{"embeddable":true,"href":"https:\/\/visionpeninsular.com\/mid\/wp-json\/wp\/v2\/comments?post=189052"}],"version-history":[{"count":1,"href":"https:\/\/visionpeninsular.com\/mid\/wp-json\/wp\/v2\/posts\/189052\/revisions"}],"predecessor-version":[{"id":189055,"href":"https:\/\/visionpeninsular.com\/mid\/wp-json\/wp\/v2\/posts\/189052\/revisions\/189055"}],"wp:featuredmedia":[{"embeddable":true,"href":"https:\/\/visionpeninsular.com\/mid\/wp-json\/wp\/v2\/media\/189054"}],"wp:attachment":[{"href":"https:\/\/visionpeninsular.com\/mid\/wp-json\/wp\/v2\/media?parent=189052"}],"wp:term":[{"taxonomy":"category","embeddable":true,"href":"https:\/\/visionpeninsular.com\/mid\/wp-json\/wp\/v2\/categories?post=189052"},{"taxonomy":"post_tag","embeddable":true,"href":"https:\/\/visionpeninsular.com\/mid\/wp-json\/wp\/v2\/tags?post=189052"}],"curies":[{"name":"wp","href":"https:\/\/api.w.org\/{rel}","templated":true}]}}