{"id":189027,"date":"2024-06-03T18:55:35","date_gmt":"2024-06-03T23:55:35","guid":{"rendered":"https:\/\/visionpeninsular.com\/mid\/?p=189027"},"modified":"2024-06-03T18:55:37","modified_gmt":"2024-06-03T23:55:37","slug":"imputados-por-feminicidio-padres-de-la-nina-muerta-en-caucel","status":"publish","type":"post","link":"https:\/\/visionpeninsular.com\/mid\/imputados-por-feminicidio-padres-de-la-nina-muerta-en-caucel\/","title":{"rendered":"Imputados por feminicidio padres de la ni\u00f1a muerta en Caucel"},"content":{"rendered":"\n<p>La pareja formada por Luis G.C. y Stefany del Rosario L.M., fueron imputados por el delito de feminicidio agravado&nbsp; en la persona de una menor de 6 a\u00f1os, a causa de violencia familiar por los golpes propinados a la menor que le produjeron la muerte.<\/p>\n\n\n\n<p>La Fiscal\u00eda General del Estado puso a ambos a disposici\u00f3n de un Juez de Control.<\/p>\n\n\n\n<p>Asimismo, &nbsp;dicha pareja tambi\u00e9n es acusada de privaci\u00f3n &nbsp;ilegal de la libertad contra una enfermera durante los hechos ocurridos el pasado jueves 30 de mayo en un domicilio de Ciudad Caucel, M\u00e9rida. La enfermera fue requerida para atender a la ni\u00f1a, y al percatarse que ya no presentaba signos vitales, intent\u00f3 darparte a las autoridades, lo que fue impedido por la pareja quienes la encerraron en uno de los cuartos de la casa., en donde permaneci\u00f3 hasta que lleg\u00f3 la polic\u00eda.<\/p>\n\n\n\n<p>La autoridad ministerial imput\u00f3 los cargos a la pareja en audiencia llevada al cabo ayer domingo en el Centro de Justicia Oral de M\u00e9rida (Cejom).<\/p>\n\n\n\n<p>Se dijo que en el tema de feminicidio ser\u00eda por omisi\u00f3n, ya que, aunque no habr\u00eda sido el hombre quien golpe\u00f3 a la ni\u00f1a, sino su pareja sentimental, no denunci\u00f3 los hechos y tampoco permiti\u00f3 que la menor recibiera atenci\u00f3n m\u00e9dica.<\/p>\n\n\n\n<p>Cabe mencionar que Luis C,G. era el padre biol\u00f3gico de la menor, en tanto que Stefany era su madrastra y quien aplicaba malos tratos a la infortunada ni\u00f1a.<\/p>\n\n\n\n<p>Los datos de prueba fueron presentados ante la juez Primero de Control, quien accedi\u00f3 a la imputaci\u00f3n.<\/p>\n\n\n\n<p>En el caso de la mujer, la audiencia fue diferida debido a que present\u00f3 problemas de salud, por lo que ser\u00e1 reprogramada.<\/p>\n\n\n\n<p>Asimismo, la Fiscal\u00eda solicit\u00f3 la vinculaci\u00f3n a proceso de Luis Alberto, quien hizo uso de su derecho a la duplicidad del t\u00e9rmino para que se resuelva su situaci\u00f3n jur\u00eddica, por lo que la audiencia se program\u00f3 para el 7 de junio.<\/p>\n\n\n\n<p>Por lo pronto, se le impuso como medida cautelar la prisi\u00f3n preventiva justificada por el tiempo que dure el proceso.<\/p>\n\n\n\n<p>La muerte de la peque\u00f1a se suma al feminicidio de Sonia, hallada muerta en Telchac Puerto en febrero del presente a\u00f1o, y al asesinato de la se\u00f1ora Rosario Montiel en Uc\u00fa, el 27 de mayo de este a\u00f1o.<\/p>\n\n\n\n<p>El feminicidio de la peque\u00f1a, es el tercero ocurrido este a\u00f1o.<\/p>\n<div class='share-to-whatsapp-wrapper'><div class='share-on-whsp'>Share on: <\/div><a data-text='Imputados por feminicidio padres de la ni\u00f1a muerta en Caucel' data-link='https:\/\/visionpeninsular.com\/mid\/imputados-por-feminicidio-padres-de-la-nina-muerta-en-caucel\/' class='whatsapp-button whatsapp-share'>WhatsApp<\/a><div class='clear '><\/div><\/div>","protected":false},"excerpt":{"rendered":"<p>La pareja formada por Luis G.C. y Stefany del Rosario L.M., fueron imputados por el delito de feminicidio agravado&nbsp; en la persona de una menor de 6 a\u00f1os, a causa de violencia familiar por los golpes propinados a la menor que le produjeron la muerte. La Fiscal\u00eda General del Estado puso a ambos a disposici\u00f3n &hellip;<\/p>\n","protected":false},"author":5,"featured_media":142913,"comment_status":"open","ping_status":"open","sticky":false,"template":"","format":"standard","meta":{"_mi_skip_tracking":false},"categories":[50,37],"tags":[42755,42754],"_links":{"self":[{"href":"https:\/\/visionpeninsular.com\/mid\/wp-json\/wp\/v2\/posts\/189027"}],"collection":[{"href":"https:\/\/visionpeninsular.com\/mid\/wp-json\/wp\/v2\/posts"}],"about":[{"href":"https:\/\/visionpeninsular.com\/mid\/wp-json\/wp\/v2\/types\/post"}],"author":[{"embeddable":true,"href":"https:\/\/visionpeninsular.com\/mid\/wp-json\/wp\/v2\/users\/5"}],"replies":[{"embeddable":true,"href":"https:\/\/visionpeninsular.com\/mid\/wp-json\/wp\/v2\/comments?post=189027"}],"version-history":[{"count":1,"href":"https:\/\/visionpeninsular.com\/mid\/wp-json\/wp\/v2\/posts\/189027\/revisions"}],"predecessor-version":[{"id":189035,"href":"https:\/\/visionpeninsular.com\/mid\/wp-json\/wp\/v2\/posts\/189027\/revisions\/189035"}],"wp:featuredmedia":[{"embeddable":true,"href":"https:\/\/visionpeninsular.com\/mid\/wp-json\/wp\/v2\/media\/142913"}],"wp:attachment":[{"href":"https:\/\/visionpeninsular.com\/mid\/wp-json\/wp\/v2\/media?parent=189027"}],"wp:term":[{"taxonomy":"category","embeddable":true,"href":"https:\/\/visionpeninsular.com\/mid\/wp-json\/wp\/v2\/categories?post=189027"},{"taxonomy":"post_tag","embeddable":true,"href":"https:\/\/visionpeninsular.com\/mid\/wp-json\/wp\/v2\/tags?post=189027"}],"curies":[{"name":"wp","href":"https:\/\/api.w.org\/{rel}","templated":true}]}}