{"id":188872,"date":"2024-05-30T18:29:45","date_gmt":"2024-05-30T23:29:45","guid":{"rendered":"https:\/\/visionpeninsular.com\/mid\/?p=188872"},"modified":"2024-05-30T18:29:47","modified_gmt":"2024-05-30T23:29:47","slug":"avanza-revision-de-refugios-temporales-de-cara-a-la-temporada-de-ciclones-tropicales","status":"publish","type":"post","link":"https:\/\/visionpeninsular.com\/mid\/avanza-revision-de-refugios-temporales-de-cara-a-la-temporada-de-ciclones-tropicales\/","title":{"rendered":"Avanza revisi\u00f3n de refugios temporales, de cara a la temporada de ciclones tropicales"},"content":{"rendered":"\n<p>En v\u00edsperas del inicio de la temporada de huracanes cada vez m\u00e1s cerca, la coordinaci\u00f3n estatal de Protecci\u00f3n Civil de Yucat\u00e1n ha intensificado sus esfuerzos para garantizar la seguridad de la poblaci\u00f3n vulnerable en caso de la llegada de un sistema tropical.<\/p>\n\n\n\n<p>Enrique Alcocer Basto, titular de la dependencia, precis\u00f3 que el Comit\u00e9 de Refugios Temporales est\u00e1 trabajando arduamente en la adecuaci\u00f3n de los inmuebles designados para servir como albergues en momentos de crisis.<\/p>\n\n\n\n<p>Se han puesto en marcha revisiones exhaustivas de los aproximadamente 2 mil inmuebles destinados a esta funci\u00f3n en la entidad, de los cuales 40 son gestionados directamente por Protecci\u00f3n Civil estatal.<\/p>\n\n\n\n<p>Estas evaluaciones tienen como objetivo identificar y abordar cualquier necesidad de reparaci\u00f3n o mejora que garantice la seguridad y la comodidad de quienes buscar\u00e1n refugio en estos lugares en caso de emergencia.<\/p>\n\n\n\n<p>\u201cSe tienen todas las caracter\u00edsticas de estos inmuebles para su habilitaci\u00f3n en caso de cicl\u00f3n tropical y, desde luego, lo necesario para su habilitaci\u00f3n. Tenemos el Fondo de Emergencias y Desastres estatal que tiene 15 millones de pesos para la primera respuesta. Tambi\u00e9n, tenemos listo personal de salud\u201d, explic\u00f3.<\/p>\n\n\n\n<p>Adem\u00e1s, se ha confirmado la presencia de personal de salud capacitado para atender cualquier eventualidad m\u00e9dica que pueda surgir durante el resguardo en los refugios temporales.<\/p>\n\n\n\n<p>Con la instalaci\u00f3n pr\u00f3xima del Consejo de Protecci\u00f3n Civil, programada para el pr\u00f3ximo lunes, se espera fortalecer a\u00fan m\u00e1s la capacidad de respuesta ante posibles eventos meteorol\u00f3gicos adversos.<\/p>\n\n\n\n<p>Este consejo jugar\u00e1 un papel fundamental en la coordinaci\u00f3n de acciones preventivas y de respuesta, asegurando que Yucat\u00e1n est\u00e9 preparado para afrontar cualquier desaf\u00edo que la temporada de huracanes pueda presentar.<\/p>\n<div class='share-to-whatsapp-wrapper'><div class='share-on-whsp'>Share on: <\/div><a data-text='Avanza revisi\u00f3n de refugios temporales, de cara a la temporada de ciclones tropicales' data-link='https:\/\/visionpeninsular.com\/mid\/avanza-revision-de-refugios-temporales-de-cara-a-la-temporada-de-ciclones-tropicales\/' class='whatsapp-button whatsapp-share'>WhatsApp<\/a><div class='clear '><\/div><\/div>","protected":false},"excerpt":{"rendered":"<p>En v\u00edsperas del inicio de la temporada de huracanes cada vez m\u00e1s cerca, la coordinaci\u00f3n estatal de Protecci\u00f3n Civil de Yucat\u00e1n ha intensificado sus esfuerzos para garantizar la seguridad de la poblaci\u00f3n vulnerable en caso de la llegada de un sistema tropical. Enrique Alcocer Basto, titular de la dependencia, precis\u00f3 que el Comit\u00e9 de Refugios &hellip;<\/p>\n","protected":false},"author":5,"featured_media":188874,"comment_status":"open","ping_status":"open","sticky":false,"template":"","format":"standard","meta":{"_mi_skip_tracking":false},"categories":[49,37],"tags":[42689,1835,42616,42340],"_links":{"self":[{"href":"https:\/\/visionpeninsular.com\/mid\/wp-json\/wp\/v2\/posts\/188872"}],"collection":[{"href":"https:\/\/visionpeninsular.com\/mid\/wp-json\/wp\/v2\/posts"}],"about":[{"href":"https:\/\/visionpeninsular.com\/mid\/wp-json\/wp\/v2\/types\/post"}],"author":[{"embeddable":true,"href":"https:\/\/visionpeninsular.com\/mid\/wp-json\/wp\/v2\/users\/5"}],"replies":[{"embeddable":true,"href":"https:\/\/visionpeninsular.com\/mid\/wp-json\/wp\/v2\/comments?post=188872"}],"version-history":[{"count":1,"href":"https:\/\/visionpeninsular.com\/mid\/wp-json\/wp\/v2\/posts\/188872\/revisions"}],"predecessor-version":[{"id":188875,"href":"https:\/\/visionpeninsular.com\/mid\/wp-json\/wp\/v2\/posts\/188872\/revisions\/188875"}],"wp:featuredmedia":[{"embeddable":true,"href":"https:\/\/visionpeninsular.com\/mid\/wp-json\/wp\/v2\/media\/188874"}],"wp:attachment":[{"href":"https:\/\/visionpeninsular.com\/mid\/wp-json\/wp\/v2\/media?parent=188872"}],"wp:term":[{"taxonomy":"category","embeddable":true,"href":"https:\/\/visionpeninsular.com\/mid\/wp-json\/wp\/v2\/categories?post=188872"},{"taxonomy":"post_tag","embeddable":true,"href":"https:\/\/visionpeninsular.com\/mid\/wp-json\/wp\/v2\/tags?post=188872"}],"curies":[{"name":"wp","href":"https:\/\/api.w.org\/{rel}","templated":true}]}}