{"id":188656,"date":"2024-05-25T12:59:58","date_gmt":"2024-05-25T17:59:58","guid":{"rendered":"https:\/\/visionpeninsular.com\/mid\/?p=188656"},"modified":"2024-05-25T13:00:00","modified_gmt":"2024-05-25T18:00:00","slug":"revision-de-refugios-temporales-para-emergencias","status":"publish","type":"post","link":"https:\/\/visionpeninsular.com\/mid\/revision-de-refugios-temporales-para-emergencias\/","title":{"rendered":"Revisi\u00f3n de refugios temporales para emergencias"},"content":{"rendered":"\n<p>Realizan la revisi\u00f3n de los refugios temporales que estar\u00e1n disponibles para la poblaci\u00f3n vulnerable, en caso de impacto de un sistema tropical.<\/p>\n\n\n\n<p>Al respecto, el titular de la coordinaci\u00f3n estatal de Protecci\u00f3n Civil de Yucat\u00e1n (Procivy), Enrique Alcocer Basto, inform\u00f3 que el Comit\u00e9 de Refugios Temporales, integrado por diversas instancias de gobierno, ya trabaja en la revisi\u00f3n de los inmuebles que servir\u00e1n para el resguardo de la poblaci\u00f3n, de modo que se realicen reparaciones y atenciones en los sitios que lo requieran.<\/p>\n\n\n\n<p>\u00abSe tienen todas las caracter\u00edsticas de estos inmuebles para su habilitaci\u00f3n en caso de cicl\u00f3n tropical y, desde luego, lo necesario para su habilitaci\u00f3n. Tenemos el Fondo de Emergencias y Desastres estatal que tiene 15 millones de pesos para la primera respuesta. Tambi\u00e9n, tenemos listo personal de salud\u00bb, explic\u00f3.<\/p>\n\n\n\n<p>En la entidad se cuenta con 2 mil inmuebles que fungen como refugios temporales, de los que 40 son administrados por Protecci\u00f3n Civil estatal.<\/p>\n\n\n\n<p>Asimismo, se precis\u00f3 que muchos de estos brindan atenci\u00f3n a personas de la costa y el cono sur de la entidad, sectores reconocidos como altamente riesgosos propensos.<\/p>\n\n\n\n<p>De igual manera, se adelant\u00f3 que el pr\u00f3ximo lunes se instalar\u00e1 el Consejo de Protecci\u00f3n Civil, de cara al inicio de la temporada de huracanes.<\/p>\n<div class='share-to-whatsapp-wrapper'><div class='share-on-whsp'>Share on: <\/div><a data-text='Revisi\u00f3n de refugios temporales para emergencias' data-link='https:\/\/visionpeninsular.com\/mid\/revision-de-refugios-temporales-para-emergencias\/' class='whatsapp-button whatsapp-share'>WhatsApp<\/a><div class='clear '><\/div><\/div>","protected":false},"excerpt":{"rendered":"<p>Realizan la revisi\u00f3n de los refugios temporales que estar\u00e1n disponibles para la poblaci\u00f3n vulnerable, en caso de impacto de un sistema tropical. Al respecto, el titular de la coordinaci\u00f3n estatal de Protecci\u00f3n Civil de Yucat\u00e1n (Procivy), Enrique Alcocer Basto, inform\u00f3 que el Comit\u00e9 de Refugios Temporales, integrado por diversas instancias de gobierno, ya trabaja en &hellip;<\/p>\n","protected":false},"author":5,"featured_media":188658,"comment_status":"open","ping_status":"open","sticky":false,"template":"","format":"standard","meta":{"_mi_skip_tracking":false},"categories":[49,37],"tags":[42618,42617,42616,42340],"_links":{"self":[{"href":"https:\/\/visionpeninsular.com\/mid\/wp-json\/wp\/v2\/posts\/188656"}],"collection":[{"href":"https:\/\/visionpeninsular.com\/mid\/wp-json\/wp\/v2\/posts"}],"about":[{"href":"https:\/\/visionpeninsular.com\/mid\/wp-json\/wp\/v2\/types\/post"}],"author":[{"embeddable":true,"href":"https:\/\/visionpeninsular.com\/mid\/wp-json\/wp\/v2\/users\/5"}],"replies":[{"embeddable":true,"href":"https:\/\/visionpeninsular.com\/mid\/wp-json\/wp\/v2\/comments?post=188656"}],"version-history":[{"count":1,"href":"https:\/\/visionpeninsular.com\/mid\/wp-json\/wp\/v2\/posts\/188656\/revisions"}],"predecessor-version":[{"id":188659,"href":"https:\/\/visionpeninsular.com\/mid\/wp-json\/wp\/v2\/posts\/188656\/revisions\/188659"}],"wp:featuredmedia":[{"embeddable":true,"href":"https:\/\/visionpeninsular.com\/mid\/wp-json\/wp\/v2\/media\/188658"}],"wp:attachment":[{"href":"https:\/\/visionpeninsular.com\/mid\/wp-json\/wp\/v2\/media?parent=188656"}],"wp:term":[{"taxonomy":"category","embeddable":true,"href":"https:\/\/visionpeninsular.com\/mid\/wp-json\/wp\/v2\/categories?post=188656"},{"taxonomy":"post_tag","embeddable":true,"href":"https:\/\/visionpeninsular.com\/mid\/wp-json\/wp\/v2\/tags?post=188656"}],"curies":[{"name":"wp","href":"https:\/\/api.w.org\/{rel}","templated":true}]}}