{"id":188545,"date":"2024-05-23T16:29:37","date_gmt":"2024-05-23T21:29:37","guid":{"rendered":"https:\/\/visionpeninsular.com\/mid\/?p=188545"},"modified":"2024-05-23T16:29:39","modified_gmt":"2024-05-23T21:29:39","slug":"celebran-cendis-27-anos-de-cuidar-a-hijas-e-hijos-de-trabajadoras","status":"publish","type":"post","link":"https:\/\/visionpeninsular.com\/mid\/celebran-cendis-27-anos-de-cuidar-a-hijas-e-hijos-de-trabajadoras\/","title":{"rendered":"Celebran Cendis 27 a\u00f1os de cuidar a hijas e hijos de trabajadoras"},"content":{"rendered":"\n<p>El Ayuntamiento de M\u00e9rida, a trav\u00e9s de la Direcci\u00f3n del DIF Municipal, celebr\u00f3 el 27 aniversario de los Centros de Desarrollo Infantil (CENDIS) con la realizaci\u00f3n de la tercera jornada de conferencias \u00abLa Importancia del Desarrollo Integral por la Primera Infancia\u00bb.<\/p>\n\n\n\n<p>El evento, realizado en el Centro Cultural \u00abOlimpo\u00bb, cont\u00f3 con la presencia del Alcalde Alejandro Ruz Castro, quien destac\u00f3 la importancia que el municipio otorga al cuidado y fomento adecuado de las ni\u00f1as y ni\u00f1os.<\/p>\n\n\n\n<p>\u00abDesde hace 27 a\u00f1os, los CENDIS han sido una opci\u00f3n fundamental para apoyar a las madres trabajadoras del Ayuntamiento, brind\u00e1ndoles un espacio seguro y de calidad para el cuidado y atenci\u00f3n de sus hijos\u00bb, se\u00f1al\u00f3 Ruz Castro.<\/p>\n\n\n\n<p><strong>Cinco Cendis<\/strong><\/p>\n\n\n\n<p>Actualmente, el Ayuntamiento cuenta con cinco CENDIS ubicados en el sur, poniente y centro de la ciudad, donde se atienden a 210 ni\u00f1as y ni\u00f1os desde los 45 d\u00edas de nacidos hasta los 3 a\u00f1os 11 meses de edad.<\/p>\n\n\n\n<p>En su mensaje, el Alcalde tambi\u00e9n resalt\u00f3 la creaci\u00f3n del Centro de Orientaci\u00f3n para la Primera Infancia (COPI), primero de su tipo a nivel nacional, donde se brinda atenci\u00f3n integral y especializada para el sano desarrollo de ni\u00f1as y ni\u00f1os desde prenatal hasta los 5 a\u00f1os de edad.<\/p>\n\n\n\n<p>\u00abAl priorizar el desarrollo integral en la primera infancia, estamos plantando la semilla de un futuro m\u00e1s brillante, m\u00e1s equitativo y m\u00e1s humano\u00bb, expres\u00f3 Ruz Castro.<\/p>\n\n\n\n<p><strong>Primera infancia<\/strong><\/p>\n\n\n\n<p>Por su parte, Ver\u00f3nica Cetina Arjona, presidenta del DIF M\u00e9rida, se\u00f1al\u00f3 que durante la primera infancia se sientan las bases para el desarrollo futuro de las personas, por lo que es fundamental garantizar que las ni\u00f1as y ni\u00f1os tengan acceso a una atenci\u00f3n integral que incluya nutrici\u00f3n adecuada, atenci\u00f3n m\u00e9dica, un entorno seguro y amoroso, as\u00ed como oportunidades para jugar y aprender.<\/p>\n\n\n\n<p>Durante el evento, las ni\u00f1as y ni\u00f1os de los CENDIS y COPI entregaron reconocimientos a las autoridades presentes, simbolizando la importancia de la familia, la ni\u00f1ez saludable, el juego, el cambio, el desarrollo integral y la salud mental en la primera infancia.<\/p>\n\n\n\n<p>Las Jornadas de Conferencias \u00abLa Importancia del Desarrollo Integral por la Primera Infancia\u00bb tienen como objetivo fortalecer las competencias de los adultos responsables de la crianza y educaci\u00f3n de las ni\u00f1as y los ni\u00f1os, para transformar la visi\u00f3n y acci\u00f3n hacia la ni\u00f1ez, y potenciar sus habilidades afectivas, f\u00edsicas, cognitivas, nutricionales, sociales y emocionales.<\/p>\n\n\n\n<p>Entre los temas abordados en las conferencias se encuentran \u00abDetecci\u00f3n y canalizaci\u00f3n oportuna de los problemas de la infancia\u00bb, \u00abCrianza positiva y manejo de l\u00edmites\u00bb, \u00abEl arte de dar lactancia materna\u00bb, \u00abTrastorno de D\u00e9ficit de Atenci\u00f3n con Hiperactividad\u00bb, \u00abLa importancia del Desarrollo Integral para la Primera Infancia\u00bb y \u00abAmbiente asombroso para la ni\u00f1ez\u00bb.<\/p>\n\n\n\n<p><\/p>\n<div class='share-to-whatsapp-wrapper'><div class='share-on-whsp'>Share on: <\/div><a data-text='Celebran Cendis 27 a\u00f1os de cuidar a hijas e hijos de trabajadoras' data-link='https:\/\/visionpeninsular.com\/mid\/celebran-cendis-27-anos-de-cuidar-a-hijas-e-hijos-de-trabajadoras\/' class='whatsapp-button whatsapp-share'>WhatsApp<\/a><div class='clear '><\/div><\/div>","protected":false},"excerpt":{"rendered":"<p>El Ayuntamiento de M\u00e9rida, a trav\u00e9s de la Direcci\u00f3n del DIF Municipal, celebr\u00f3 el 27 aniversario de los Centros de Desarrollo Infantil (CENDIS) con la realizaci\u00f3n de la tercera jornada de conferencias \u00abLa Importancia del Desarrollo Integral por la Primera Infancia\u00bb. El evento, realizado en el Centro Cultural \u00abOlimpo\u00bb, cont\u00f3 con la presencia del Alcalde &hellip;<\/p>\n","protected":false},"author":5,"featured_media":188547,"comment_status":"open","ping_status":"open","sticky":false,"template":"","format":"standard","meta":{"_mi_skip_tracking":false},"categories":[49,37],"tags":[42569,41,7485],"_links":{"self":[{"href":"https:\/\/visionpeninsular.com\/mid\/wp-json\/wp\/v2\/posts\/188545"}],"collection":[{"href":"https:\/\/visionpeninsular.com\/mid\/wp-json\/wp\/v2\/posts"}],"about":[{"href":"https:\/\/visionpeninsular.com\/mid\/wp-json\/wp\/v2\/types\/post"}],"author":[{"embeddable":true,"href":"https:\/\/visionpeninsular.com\/mid\/wp-json\/wp\/v2\/users\/5"}],"replies":[{"embeddable":true,"href":"https:\/\/visionpeninsular.com\/mid\/wp-json\/wp\/v2\/comments?post=188545"}],"version-history":[{"count":1,"href":"https:\/\/visionpeninsular.com\/mid\/wp-json\/wp\/v2\/posts\/188545\/revisions"}],"predecessor-version":[{"id":188548,"href":"https:\/\/visionpeninsular.com\/mid\/wp-json\/wp\/v2\/posts\/188545\/revisions\/188548"}],"wp:featuredmedia":[{"embeddable":true,"href":"https:\/\/visionpeninsular.com\/mid\/wp-json\/wp\/v2\/media\/188547"}],"wp:attachment":[{"href":"https:\/\/visionpeninsular.com\/mid\/wp-json\/wp\/v2\/media?parent=188545"}],"wp:term":[{"taxonomy":"category","embeddable":true,"href":"https:\/\/visionpeninsular.com\/mid\/wp-json\/wp\/v2\/categories?post=188545"},{"taxonomy":"post_tag","embeddable":true,"href":"https:\/\/visionpeninsular.com\/mid\/wp-json\/wp\/v2\/tags?post=188545"}],"curies":[{"name":"wp","href":"https:\/\/api.w.org\/{rel}","templated":true}]}}