{"id":188373,"date":"2024-05-20T09:32:21","date_gmt":"2024-05-20T14:32:21","guid":{"rendered":"https:\/\/visionpeninsular.com\/mid\/?p=188373"},"modified":"2024-05-20T09:32:22","modified_gmt":"2024-05-20T14:32:22","slug":"miles-de-ciudadanos-yucatecos-unidos-en-la-marea-rosa-para-defender-a-mexico","status":"publish","type":"post","link":"https:\/\/visionpeninsular.com\/mid\/miles-de-ciudadanos-yucatecos-unidos-en-la-marea-rosa-para-defender-a-mexico\/","title":{"rendered":"Miles de ciudadanos yucatecos unidos en la Marea Rosa para defender a M\u00e9xico"},"content":{"rendered":"\n<h2 class=\"has-text-align-center\">\u2022 \u201cM\u00e9xico, desde Yucat\u00e1n, te decimos que aqu\u00ed no vamos a permitir que la joya de la corona se vuelva una pieza m\u00e1s desde el cetro del emperador\u201d, afirm\u00f3 Ren\u00e1n Barrera, candidato en com\u00fan del PAN, PRI, Nueva Alianza<\/h2>\n\n\n\n<p>M\u00e9rida, Yucat\u00e1n, a 20 de mayo de 2024.\u2013 Ni el intenso calor fren\u00f3 la Marea Rosa que se congreg\u00f3 en el Monumento a la Patria, donde confluyeron simpatizantes, representantes de la sociedad civil y ciudadanos que, con mucha fuerza y coraz\u00f3n, desde Yucat\u00e1n defender\u00e1n a M\u00e9xico de un modelo que amenaza con fulminar la democracia y la libertad.<\/p>\n\n\n\n<p>Ayer domingo, cinco mil ciudadano se congregaron a los pies de la obra de R\u00f3mulo Rozo ti\u00f1eron Paseo de Montejo de rosa, externaron su emoci\u00f3n y felicidad porque el 2 de junio M\u00e9xico retomar\u00e1 el buen rumbo de la paz, seguridad y progreso; Morena se topar\u00e1 con barrera y, desde M\u00e9rida se defender\u00e1 al federalismo.<\/p>\n\n\n\n<p>En medio de la euforia colectiva y al grito de \u201cgobernador, gobernador\u201d, Ren\u00e1n Barrera Concha us\u00f3 la palabra para enviar un contundente mensaje a los miles de ciudadanos congregados a los pies del Monumento de la Patria.<\/p>\n\n\n\n<h3>Defender\u00e1n a M\u00e9xico desde Yucat\u00e1n <\/h3>\n\n\n\n<p>El candidato en com\u00fan del PAN, PRI, Nueva Alianza a la gubernatura exhort\u00f3 a la sociedad a defender a M\u00e9xico y Yucat\u00e1n de un modelo centralista y autoritario que pretende pasar por encima de las leyes y de la soberan\u00eda de otros estados, y controlar a su antojo a los dem\u00e1s poderes p\u00fablicos.<\/p>\n\n\n\n<p>\u201cM\u00e9xico, desde Yucat\u00e1n, te decimos que aqu\u00ed no vamos a permitir que la joya de la corona se vuelva una pieza m\u00e1s desde el cetro del emperador. Desde Yucat\u00e1n, querido M\u00e9xico te decimos que vamos a resistir unidos por una bandera yucateca, hist\u00f3rica que fue izada en los momentos de centralismo intolerante, que ac\u00e1 no vamos a permitir\u201d, asever\u00f3.<\/p>\n\n\n\n<p>\u201cVamos a defender a M\u00e9xico de aquellos intentos centralistas. Vamos a luchar, desde Yucat\u00e1n, a que este territorio siga siendo ejemplar como lo es hoy, reconocido por ellos mismos en materia de seguridad, paz social, armon\u00eda, desarrollo, crecimiento parejo y civilidad pol\u00edtica\u201d, se\u00f1al\u00f3.<\/p>\n\n\n\n<p>\u201cNi un paso atr\u00e1s para destruir con los caprichos e inexperiencias de gente que gobierna en el Centro, que gobierna desde las mentiras y desde las alianzas perversas con el lado oscuro del pa\u00eds. Aqu\u00ed, Morena no pasar\u00e1 en Yucat\u00e1n. Vamos a votar y en dos domingos m\u00e1s, vamos a celebrar la libertad y la democracia con X\u00f3chitl G\u00e1lvez, pr\u00f3xima de presidenta de M\u00e9xico, y vamos a cuidad nuestra rep\u00fablica chica, todo Yucat\u00e1n\u201d, manifest\u00f3.<\/p>\n\n\n\n<p>Precis\u00f3 que la entidad se caracteriza por su recia personalidad, autonom\u00eda, independencia, \u201cque nunca puede leerse como separatismo, como tratan de vender algunos. Aqu\u00ed queremos a M\u00e9xico, somos mexicanos, pero tambi\u00e9n queremos nuestra identidad regional. Aqu\u00ed luchamos por esas dos grandes causas: por M\u00e9xico y por Yucat\u00e1n\u201d.<\/p>\n\n\n\n<p>\u201cAqu\u00ed en M\u00e9rida, aqu\u00ed en Yucat\u00e1n, en las \u00faltimas d\u00e9cadas del siglo pasado y \u00e9ste, hemos luchado por eliminar las urnas embarazadas, por eliminar la compra de votos, los acarreos y las diversas formas de coacci\u00f3n del voto. Aqu\u00ed hemos luchado para que los votos se cuenten, casilla por casilla. Esto no es nuevo para nosotros, lo hicimos desde hace d\u00e9cadas\u201d, record\u00f3.<\/p>\n\n\n\n<p>Barrera Concha se\u00f1al\u00f3 que el electorado yucateco est\u00e1 entre dos opciones: un centralismo desmedido que rompe las alianzas federales, cambia el funcionamiento de las instituciones y destruir aquellas que nos daban certeza democr\u00e1tica o votar por un M\u00e9xico democr\u00e1tico, con m\u00e1s prosperidad, con m\u00e1s paz y seguridad y salud para todas y todos. \u201cAqu\u00ed los que estamos reunidos, votamos por la libertad y la democracia\u201d, expres\u00f3.<\/p>\n\n\n\n<p>El aspirante a gobernador enlist\u00f3 la ineficiencia de la Cuarta Transformaci\u00f3n, que ha generado una crisis inseguridad en la mayor\u00eda de la Rep\u00fablica, de abasto el\u00e9ctrico, salud con la escasez de medicamentos y ataques a la libertad de expresi\u00f3n. \u201cEstos apagones ocasionados por la falta de mantenimiento de un gobierno como es Morena, que ha venido a enterrar las instituciones\u201d, afirm\u00f3.<\/p>\n\n\n\n<p>Los presentes comenzaron a gritar \u201c\u00a1Fuera Morena!\u201d, \u201c\u00a1Fuera Morena!\u201d. \u201cExpreso mi respaldo y reconocimiento a todos los que hoy marcharon para expresarse a favor de un pa\u00eds sin miedo y libertad en el Z\u00f3calo de Ciudad de M\u00e9xico, capitales de los Estados e, incluso, en ciudades de otros pa\u00edses.<\/p>\n\n\n\n<p>\u201cLo que mueve esta causa ciudadana es el bien com\u00fan, m\u00e1s all\u00e1 de colores, m\u00e1s all\u00e1 de partidos, m\u00e1s all\u00e1 de ideolog\u00edas, hoy expresamos una genuina movilizaci\u00f3n ciudadana contra amenaza autoritaria contra quienes pretenden destruir el federalismo, la democracia, la divisi\u00f3n de poderes e instaurar un nuevo poder presidencial que ya hab\u00edamos superado\u201d, dijo.<\/p>\n\n\n\n<h3>Yucatanizar todo M\u00e9xico<\/h3>\n\n\n\n<p>En su intervenci\u00f3n, Cecilia Patr\u00f3n Laviada extern\u00f3 su confianza que este 2 de junio, la ciudadan\u00eda responder\u00e1 el llamado de acudir a las urnas para darle la victoria a X\u00f3chitl G\u00e1lvez para yucatanizar todo M\u00e9xico. \u201cPorque queremos paz, seguridad y es un anhelo de los mexicanos\u201d, dijo.<\/p>\n\n\n\n<p>La candidata en com\u00fan del PAN, PRI, Nueva Alianza Yucat\u00e1n asegur\u00f3 que ella y Ren\u00e1n Barrera trabajar\u00e1n para que M\u00e9rida y todo el Estado sigan siendo tierras de paz y tranquilidad. \u201cNuestra esencia es de gente buena, luchadora, que vive y cree en la democracia. Porque lo hemos demostrado en los hechos, siempre. Aqu\u00ed, m\u00e1s all\u00e1 de los colores, lo que nos une a todos es el amor por M\u00e9rida, Yucat\u00e1n y nuestro M\u00e9xico\u201d, coment\u00f3.<\/p>\n\n\n\n<p>A nueve d\u00edas del cierre de las campa\u00f1as electorales, Cecilia pidi\u00f3 a redoblar los esfuerzos para que la sociedad acuda a las urnas, pues este 2 de junio se juega la Rep\u00fablica, la paz y la seguridad. \u201cQueremos que todos los mexicanos y las mexicanas vivan como en Yucat\u00e1n. Y lo que aqu\u00ed hemos construido no es producto de la casualidad, sino del trabajo de las autoridades con los y las ciudadanos, porque sabemos trabajar en equipo\u201d, destac\u00f3.<\/p>\n\n\n\n<p>Posterior a los discursos de los abanderados yucatecos, hubo una conexi\u00f3n con Ciudad de M\u00e9xico, donde los presentes escucharon el discurso de X\u00f3chitl G\u00e1lvez, quien record\u00f3 que el pueblo mexicano siempre ha elegido ser libre. \u201cQue nos escuchen dentro de Palacio Nacional: M\u00e9xico siempre ser\u00e1 libre\u201d, asever\u00f3.<\/p>\n\n\n\n<p>Concluida la participaci\u00f3n de la candidata a la presidencia de la Rep\u00fablica, los presentes, tanto en el Z\u00f3calo como en el monumento a la Patria, se unieron para entonar el Himno Nacional y recordarle que M\u00e9xico, pese a los intentos de unos cuantos, es de todas y todos.<\/p>\n\n\n\n<div class=\"wp-block-image\"><figure class=\"aligncenter size-full\"><img loading=\"lazy\" width=\"606\" height=\"363\" src=\"https:\/\/visionpeninsular.com\/mid\/wp-content\/uploads\/2024\/05\/WhatsApp-Image-2024-05-19-at-9.48.06-PM.jpeg\" alt=\"\" class=\"wp-image-188375\" srcset=\"https:\/\/visionpeninsular.com\/mid\/wp-content\/uploads\/2024\/05\/WhatsApp-Image-2024-05-19-at-9.48.06-PM.jpeg 606w, https:\/\/visionpeninsular.com\/mid\/wp-content\/uploads\/2024\/05\/WhatsApp-Image-2024-05-19-at-9.48.06-PM-300x180.jpeg 300w\" sizes=\"(max-width: 606px) 100vw, 606px\" \/><figcaption>Cinco mil ciudadanos se congregaron en el Monumento a la Patria, ayer domingo. Foto: Cortes\u00eda <\/figcaption><\/figure><\/div>\n<div class='share-to-whatsapp-wrapper'><div class='share-on-whsp'>Share on: <\/div><a data-text='Miles de ciudadanos yucatecos unidos en la Marea Rosa para defender a M\u00e9xico' data-link='https:\/\/visionpeninsular.com\/mid\/miles-de-ciudadanos-yucatecos-unidos-en-la-marea-rosa-para-defender-a-mexico\/' class='whatsapp-button whatsapp-share'>WhatsApp<\/a><div class='clear '><\/div><\/div>","protected":false},"excerpt":{"rendered":"<p>\u2022 \u201cM\u00e9xico, desde Yucat\u00e1n, te decimos que aqu\u00ed no vamos a permitir que la joya de la corona se vuelva una pieza m\u00e1s desde el cetro del emperador\u201d, afirm\u00f3 Ren\u00e1n Barrera, candidato en com\u00fan del PAN, PRI, Nueva Alianza M\u00e9rida, Yucat\u00e1n, a 20 de mayo de 2024.\u2013 Ni el intenso calor fren\u00f3 la Marea Rosa &hellip;<\/p>\n","protected":false},"author":11,"featured_media":188375,"comment_status":"open","ping_status":"open","sticky":false,"template":"","format":"standard","meta":{"_mi_skip_tracking":false},"categories":[49,37],"tags":[5668,39438,13607,844,5338,37255],"_links":{"self":[{"href":"https:\/\/visionpeninsular.com\/mid\/wp-json\/wp\/v2\/posts\/188373"}],"collection":[{"href":"https:\/\/visionpeninsular.com\/mid\/wp-json\/wp\/v2\/posts"}],"about":[{"href":"https:\/\/visionpeninsular.com\/mid\/wp-json\/wp\/v2\/types\/post"}],"author":[{"embeddable":true,"href":"https:\/\/visionpeninsular.com\/mid\/wp-json\/wp\/v2\/users\/11"}],"replies":[{"embeddable":true,"href":"https:\/\/visionpeninsular.com\/mid\/wp-json\/wp\/v2\/comments?post=188373"}],"version-history":[{"count":1,"href":"https:\/\/visionpeninsular.com\/mid\/wp-json\/wp\/v2\/posts\/188373\/revisions"}],"predecessor-version":[{"id":188376,"href":"https:\/\/visionpeninsular.com\/mid\/wp-json\/wp\/v2\/posts\/188373\/revisions\/188376"}],"wp:featuredmedia":[{"embeddable":true,"href":"https:\/\/visionpeninsular.com\/mid\/wp-json\/wp\/v2\/media\/188375"}],"wp:attachment":[{"href":"https:\/\/visionpeninsular.com\/mid\/wp-json\/wp\/v2\/media?parent=188373"}],"wp:term":[{"taxonomy":"category","embeddable":true,"href":"https:\/\/visionpeninsular.com\/mid\/wp-json\/wp\/v2\/categories?post=188373"},{"taxonomy":"post_tag","embeddable":true,"href":"https:\/\/visionpeninsular.com\/mid\/wp-json\/wp\/v2\/tags?post=188373"}],"curies":[{"name":"wp","href":"https:\/\/api.w.org\/{rel}","templated":true}]}}